{"id":1128,"date":"2025-12-18T16:22:22","date_gmt":"2025-12-18T14:22:22","guid":{"rendered":"https:\/\/teknologiateollisuus.fi\/pia\/?p=1128"},"modified":"2025-12-18T16:22:23","modified_gmt":"2025-12-18T14:22:23","slug":"patria-ja-saksa-solmivat-kaksi-sarjasopimusta-cavs-hankkeessa-yhteisarvo-yli-kaksi-miljardia-euroa","status":"publish","type":"post","link":"https:\/\/teknologiateollisuus.fi\/pia\/patria-ja-saksa-solmivat-kaksi-sarjasopimusta-cavs-hankkeessa-yhteisarvo-yli-kaksi-miljardia-euroa\/","title":{"rendered":"Patria ja Saksa solmivat kaksi sarjasopimusta CAVS-hankkeessa \u2013 yhteisarvo yli kaksi miljardia euroa"},"content":{"rendered":"\n<h1 class=\"wp-block-heading\" id=\"h-patria-ja-saksa-solmivat-kaksi-sarjasopimusta-cavs-hankkeessa-yhteisarvo-yli-kaksi-miljardia-euroa\" id=\"patria-ja-saksa-solmivat-kaksi-sarjasopimusta-cavs-hankkeessa-yhteisarvo-yli-kaksi-miljardia-euroa\">Patria ja Saksa solmivat kaksi sarjasopimusta CAVS-hankkeessa \u2013 yhteisarvo yli kaksi miljardia euroa<\/h1>\n\n\n\n<p>Patria ja Saksa ovat t\u00e4n\u00e4\u00e4n allekirjoittaneet kaksi hankintasopimusta Common Armoured Vehicle System -hankkeen (CAVS) puitteissa. Sopimusten arvo optioineen on yli kaksi miljardia euroa, ja niiden kiinte\u00e4 tilausarvo ylitt\u00e4\u00e4 miljardi euroa. Sopimukset sis\u00e4lt\u00e4v\u00e4t jopa 876 Patria 6&#215;6 -ajoneuvon hankinnan nelj\u00e4ss\u00e4 eri ajoneuvovariantissa, mukaan lukien Patria NEMO -kranaatinheitinj\u00e4rjestelm\u00e4ll\u00e4 ja Kongsberg RS4 -kauko-ohjattavalla asej\u00e4rjestelm\u00e4ll\u00e4 varustetut ajoneuvot.<\/p>\n\n\n\n<p>Ensimm\u00e4iset toimitukset on suunniteltu vuodelle 2026. Nyt allekirjoitetut sarjasopimukset k\u00e4ynnist\u00e4v\u00e4t Patrian teknologiansiirron saksalaisille teollisuuskumppaneille FFG:lle, JWT:lle ja KNDS:lle, joiden kanssa Patria allekirjoitti yhteisty\u00f6sopimuksen alkuvuodesta 2024. Ensimm\u00e4iset Saksassa t\u00e4ysin valmistetut ajoneuvot toimitetaan vuonna 2027. T\u00e4ysi paikallinen tuotantokapasiteetti saavutetaan vuonna 2028. Teollisuustiimi on valmis lis\u00e4\u00e4m\u00e4\u00e4n tuotantokapasiteettia vastatakseen my\u00f6s Saksan puolustusvoimien Bundeswehrin mahdollisiin lis\u00e4tarpeisiin.<\/p>\n\n\n\n<p>\u201dSaksan kanssa solmitut CAVS-sopimukset panssaroiduista Patria 6&#215;6 -ajoneuvoista ja Patria NEMOista muodostavat Patrian historian suurimman yksitt\u00e4isen kaupan, mik\u00e4 merkitsee my\u00f6s sit\u00e4, ett\u00e4 Patria 6&#215;6 on eurooppalainen ajoneuvostandardi. Saksan luottamus Patriaan ja CAVS-hankkeeseen korostaa nykyaikaista l\u00e4hestymistapaa monikansalliseen puolustusyhteisty\u00f6h\u00f6n, mik\u00e4 edist\u00e4\u00e4 liittolaisten kaluston yhteentoimivuutta ja varmistaa ennenn\u00e4kem\u00e4tt\u00f6m\u00e4n toimitusvarmuuden. Saksan CAVS-hanke edist\u00e4\u00e4 Saksan puolustusvoimien pyrkimyst\u00e4 saavuttaa t\u00e4ysi taisteluvalmius vuoteen 2029 menness\u00e4, ja Patria on ylpe\u00e4 saadessaan olla mukana t\u00e4ss\u00e4 kehityksess\u00e4\u201d, sanoo <strong>Esa Rautalinko<\/strong>, Patrian toimitusjohtaja.<\/p>\n\n\n\n<p>\u201dPatrialla on vuosikymmenten kokemus teknologiansiirrosta useisiin maihin kolmessa eri maanosassa. Yhdess\u00e4 paikallisen saksalaisen teollisuustiimimme kanssa olemme valmiita ja kykenemme toimittamaan Bundeswehrille kaikki halutut panssariajoneuvovariantit sek\u00e4 rakentamaan paikallisen huoltovarmuuden&#8221;, sanoo <strong>Jussi J\u00e4rvinen<\/strong>, Patrian Protected Mobility -liiketoiminta-alueen johtaja.<\/p>\n\n\n\n<p>Saksa liittyi CAVS-hankkeeseen vuonna 2023 ja on siit\u00e4 l\u00e4htien ty\u00f6skennellyt j\u00e4rjestelm\u00e4llisesti t\u00e4ytt\u00e4\u00e4kseen hankintatarpeensa samalla hy\u00f6dynt\u00e4en monikansallisen hankkeen arvokkaalle j\u00e4senmaalle mukanaan tuomia etuja.<\/p>\n\n\n\n<p>Suomen puolustusvoimien johtamassa CAVS-hankkeessa on t\u00e4ll\u00e4 hetkell\u00e4 seitsem\u00e4n j\u00e4senvaltiota: Suomi, Latvia, Ruotsi, Saksa, Tanska, Yhdistynyt kuningaskunta ja Norja. CAVS-hankkeen ajoneuvoja on k\u00e4yt\u00f6ss\u00e4 my\u00f6s Ukrainassa. CAVS-hankkeessa panssaroitujen 6&#215;6-ajoneuvojen j\u00e4rjestelm\u00e4n kehityst\u00e4 johtaa Patria, jolla on yli nelj\u00e4n vuosikymmenen kokemus huippuluokan suojattujen joukkokuljetusten ja j\u00e4rjestelm\u00e4integraatioiden kehitt\u00e4misest\u00e4 ja toimittamisesta. Valtaosa ajoneuvojen toimituksista tapahtuu hy\u00f6dynt\u00e4m\u00e4ll\u00e4 j\u00e4senmaiden paikallisen teollisuuden osaamista, ja jokainen uusi osallistujamaa vahvistaa koko yhteisty\u00f6j\u00e4rjestelm\u00e4n toimitusvarmuutta.<\/p>\n\n\n\n<p>Patria on saanut tilauksia jo melkein 2000 Patria 6&#215;6 -ajoneuvosta ja on toimittanut yli 250 ajoneuvoa. Hanke on avoin Euroopan maille, joilla on samankaltaiset vaatimukset muiden osallistuvien maiden hyv\u00e4ksynn\u00e4ll\u00e4.<\/p>\n\n\n\n<p><strong>Mediatiedustelut ja lis\u00e4tietoja<\/strong>:<\/p>\n\n\n\n<p><strong>Sirje Ahvenlampi-Hyv\u00f6nen<\/strong>, Patrian viestint\u00e4johtaja, puh. +358 50 557 3822, <a href=\"mailto:sirje.ahvenlampi-hyvonen@patriagroup.com\">sirje.ahvenlampi-hyvonen@patriagroup.com<\/a><\/p>\n\n\n\n<p><strong>Jussi J\u00e4rvinen<\/strong>, Executive Vice President, Protected Mobility, Patria, puh. +358 40 869 6625, <a href=\"mailto:jussi.jarvinen@patriagroup.com\">jussi.jarvinen@patriagroup.com<\/a><\/p>\n\n\n\n<p>Lis\u00e4tietoja Patria 6&#215;6 -ajoneuvosta: <a href=\"http:\/\/www.patriagroup.com\/fi\/tuotteet-ja-palvelut\/suojaa-liikkuvuutta-ja-tulivoimaa\/ajoneuvot\/patria-6x6\">www.patriagroup.com\/fi\/tuotteet-ja-palvelut\/suojaa-liikkuvuutta-ja-tulivoimaa\/ajoneuvot\/patria-6&#215;6<\/a> ja Patria NEMOsta: <a href=\"http:\/\/www.patriagroup.com\/products-and-services\/defence-and-weapon-systems\/armament\/patria-nemo\">www.patriagroup.com\/products-and-services\/defence-and-weapon-systems\/armament\/patria-nemo<\/a><\/p>\n\n\n\n<p><strong>Patria <\/strong>on kansainv\u00e4linen puolustusteollisuus- ja teknologiayhti\u00f6, jolla on yli 100 vuoden kokemus alalta. Patrian huippuluokan osaajien ja Protected Mobility, Defence and Weapon Systems ja Sustainment Solutions -liiketoiminta-alueiden avulla varmistamme asiakkaillemme luotettavan toiminnan ja olemme kumppanina kriittisiss\u00e4 toiminnoissa maalla, merell\u00e4 ja ilmassa &#8211; kun kaiken on pakko toimia. Patrialla on toimipisteit\u00e4 Suomen lis\u00e4ksi Ruotsissa, Norjassa, Belgiassa, Alankomaissa, Saksassa, Latviassa ja Japanissa.<br>Patrian omistavat Suomen valtio (50,1 %) ja norjalainen Kongsberg Defence &amp; Aerospace AS (49,9 %). Patria omistaa 50 % Nammosta, ja yhdess\u00e4 n\u00e4m\u00e4 kolme yrityst\u00e4 muodostavat johtavan pohjoismaisen puolustuskumppanuuden.<br><strong><a href=\"http:\/\/www.patriagroup.com\">www.patriagroup.com<\/a><\/strong><\/p>\n","protected":false},"excerpt":{"rendered":"<p>Patria ja Saksa solmivat kaksi sarjasopimusta CAVS-hankkeessa \u2013 yhteisarvo yli kaksi miljardia euroa Patria ja Saksa ovat t\u00e4n\u00e4\u00e4n allekirjoittaneet kaksi hankintasopimusta Common Armoured Vehicle System -hankkeen (CAVS) puitteissa. Sopimusten arvo optioineen on yli kaksi miljardia euroa, ja niiden kiinte\u00e4 tilausarvo ylitt\u00e4\u00e4 miljardi euroa. Sopimukset sis\u00e4lt\u00e4v\u00e4t jopa 876 Patria 6&#215;6 -ajoneuvon hankinnan nelj\u00e4ss\u00e4 eri ajoneuvovariantissa, mukaan [&hellip;]<\/p>\n","protected":false},"author":355,"featured_media":1129,"comment_status":"closed","ping_status":"closed","sticky":false,"template":"","format":"standard","meta":{"_acf_changed":false,"_relevanssi_hide_post":"","_relevanssi_hide_content":"","_relevanssi_pin_for_all":"","_relevanssi_pin_keywords":"","_relevanssi_unpin_keywords":"","_relevanssi_related_keywords":"","_relevanssi_related_include_ids":"","_relevanssi_related_exclude_ids":"","_relevanssi_related_no_append":"","_relevanssi_related_not_related":"","_relevanssi_related_posts":"857,1041,1058,693,976,1015","_relevanssi_noindex_reason":"","inline_featured_image":false,"footnotes":""},"categories":[16],"tags":[],"em_industry":[],"em_theme":[],"class_list":["post-1128","post","type-post","status-publish","format-standard","has-post-thumbnail","hentry","category-uutiset-tiedotteet"],"acf":[],"yoast_head":"<!-- This site is optimized with the Yoast SEO Premium plugin v27.1 (Yoast SEO v27.5) - https:\/\/yoast.com\/product\/yoast-seo-premium-wordpress\/ -->\n<title>Patria ja Saksa solmivat kaksi sarjasopimusta CAVS-hankkeessa \u2013 yhteisarvo yli kaksi miljardia euroa - Pia-ry.fi<\/title>\n<meta name=\"robots\" content=\"index, follow, max-snippet:-1, max-image-preview:large, max-video-preview:-1\" \/>\n<link rel=\"canonical\" href=\"https:\/\/teknologiateollisuus.fi\/pia\/patria-ja-saksa-solmivat-kaksi-sarjasopimusta-cavs-hankkeessa-yhteisarvo-yli-kaksi-miljardia-euroa\/\" \/>\n<meta property=\"og:locale\" content=\"fi_FI\" \/>\n<meta property=\"og:type\" content=\"article\" \/>\n<meta property=\"og:title\" content=\"Patria ja Saksa solmivat kaksi sarjasopimusta CAVS-hankkeessa \u2013 yhteisarvo yli kaksi miljardia euroa\" \/>\n<meta property=\"og:description\" content=\"Patria ja Saksa solmivat kaksi sarjasopimusta CAVS-hankkeessa \u2013 yhteisarvo yli kaksi miljardia euroa Patria ja Saksa ovat t\u00e4n\u00e4\u00e4n allekirjoittaneet kaksi hankintasopimusta Common Armoured Vehicle System -hankkeen (CAVS) puitteissa. Sopimusten arvo optioineen on yli kaksi miljardia euroa, ja niiden kiinte\u00e4 tilausarvo ylitt\u00e4\u00e4 miljardi euroa. Sopimukset sis\u00e4lt\u00e4v\u00e4t jopa 876 Patria 6&#215;6 -ajoneuvon hankinnan nelj\u00e4ss\u00e4 eri ajoneuvovariantissa, mukaan [&hellip;]\" \/>\n<meta property=\"og:url\" content=\"https:\/\/teknologiateollisuus.fi\/pia\/patria-ja-saksa-solmivat-kaksi-sarjasopimusta-cavs-hankkeessa-yhteisarvo-yli-kaksi-miljardia-euroa\/\" \/>\n<meta property=\"og:site_name\" content=\"Pia-ry.fi\" \/>\n<meta property=\"article:published_time\" content=\"2025-12-18T14:22:22+00:00\" \/>\n<meta property=\"article:modified_time\" content=\"2025-12-18T14:22:23+00:00\" \/>\n<meta property=\"og:image\" content=\"https:\/\/teknologiateollisuus.fi\/pia\/wp-content\/uploads\/sites\/13\/2025\/12\/6x6-uus.jpg\" \/>\n\t<meta property=\"og:image:width\" content=\"1024\" \/>\n\t<meta property=\"og:image:height\" content=\"480\" \/>\n\t<meta property=\"og:image:type\" content=\"image\/jpeg\" \/>\n<meta name=\"author\" content=\"adaleskinen\" \/>\n<meta name=\"twitter:card\" content=\"summary_large_image\" \/>\n<meta name=\"twitter:label1\" content=\"Kirjoittanut\" \/>\n\t<meta name=\"twitter:data1\" content=\"adaleskinen\" \/>\n\t<meta name=\"twitter:label2\" content=\"Arvioitu lukuaika\" \/>\n\t<meta name=\"twitter:data2\" content=\"4 minuuttia\" \/>\n<script type=\"application\/ld+json\" class=\"yoast-schema-graph\">{\"@context\":\"https:\\\/\\\/schema.org\",\"@graph\":[{\"@type\":\"Article\",\"@id\":\"https:\\\/\\\/teknologiateollisuus.fi\\\/pia\\\/patria-ja-saksa-solmivat-kaksi-sarjasopimusta-cavs-hankkeessa-yhteisarvo-yli-kaksi-miljardia-euroa\\\/#article\",\"isPartOf\":{\"@id\":\"https:\\\/\\\/teknologiateollisuus.fi\\\/pia\\\/patria-ja-saksa-solmivat-kaksi-sarjasopimusta-cavs-hankkeessa-yhteisarvo-yli-kaksi-miljardia-euroa\\\/\"},\"author\":{\"name\":\"adaleskinen\",\"@id\":\"https:\\\/\\\/teknologiateollisuus.fi\\\/pia\\\/#\\\/schema\\\/person\\\/5d77641c560efe09919706f12024dbc5\"},\"headline\":\"Patria ja Saksa solmivat kaksi sarjasopimusta CAVS-hankkeessa \u2013 yhteisarvo yli kaksi miljardia euroa\",\"datePublished\":\"2025-12-18T14:22:22+00:00\",\"dateModified\":\"2025-12-18T14:22:23+00:00\",\"mainEntityOfPage\":{\"@id\":\"https:\\\/\\\/teknologiateollisuus.fi\\\/pia\\\/patria-ja-saksa-solmivat-kaksi-sarjasopimusta-cavs-hankkeessa-yhteisarvo-yli-kaksi-miljardia-euroa\\\/\"},\"wordCount\":549,\"image\":{\"@id\":\"https:\\\/\\\/teknologiateollisuus.fi\\\/pia\\\/patria-ja-saksa-solmivat-kaksi-sarjasopimusta-cavs-hankkeessa-yhteisarvo-yli-kaksi-miljardia-euroa\\\/#primaryimage\"},\"thumbnailUrl\":\"https:\\\/\\\/teknologiateollisuus.fi\\\/pia\\\/wp-content\\\/uploads\\\/sites\\\/13\\\/2025\\\/12\\\/6x6-uus.jpg\",\"articleSection\":[\"Uutiset ja tiedotteet\"],\"inLanguage\":\"fi\"},{\"@type\":\"WebPage\",\"@id\":\"https:\\\/\\\/teknologiateollisuus.fi\\\/pia\\\/patria-ja-saksa-solmivat-kaksi-sarjasopimusta-cavs-hankkeessa-yhteisarvo-yli-kaksi-miljardia-euroa\\\/\",\"url\":\"https:\\\/\\\/teknologiateollisuus.fi\\\/pia\\\/patria-ja-saksa-solmivat-kaksi-sarjasopimusta-cavs-hankkeessa-yhteisarvo-yli-kaksi-miljardia-euroa\\\/\",\"name\":\"Patria ja Saksa solmivat kaksi sarjasopimusta CAVS-hankkeessa \u2013 yhteisarvo yli kaksi miljardia euroa - Pia-ry.fi\",\"isPartOf\":{\"@id\":\"https:\\\/\\\/teknologiateollisuus.fi\\\/pia\\\/#website\"},\"primaryImageOfPage\":{\"@id\":\"https:\\\/\\\/teknologiateollisuus.fi\\\/pia\\\/patria-ja-saksa-solmivat-kaksi-sarjasopimusta-cavs-hankkeessa-yhteisarvo-yli-kaksi-miljardia-euroa\\\/#primaryimage\"},\"image\":{\"@id\":\"https:\\\/\\\/teknologiateollisuus.fi\\\/pia\\\/patria-ja-saksa-solmivat-kaksi-sarjasopimusta-cavs-hankkeessa-yhteisarvo-yli-kaksi-miljardia-euroa\\\/#primaryimage\"},\"thumbnailUrl\":\"https:\\\/\\\/teknologiateollisuus.fi\\\/pia\\\/wp-content\\\/uploads\\\/sites\\\/13\\\/2025\\\/12\\\/6x6-uus.jpg\",\"datePublished\":\"2025-12-18T14:22:22+00:00\",\"dateModified\":\"2025-12-18T14:22:23+00:00\",\"author\":{\"@id\":\"https:\\\/\\\/teknologiateollisuus.fi\\\/pia\\\/#\\\/schema\\\/person\\\/5d77641c560efe09919706f12024dbc5\"},\"breadcrumb\":{\"@id\":\"https:\\\/\\\/teknologiateollisuus.fi\\\/pia\\\/patria-ja-saksa-solmivat-kaksi-sarjasopimusta-cavs-hankkeessa-yhteisarvo-yli-kaksi-miljardia-euroa\\\/#breadcrumb\"},\"inLanguage\":\"fi\",\"potentialAction\":[{\"@type\":\"ReadAction\",\"target\":[\"https:\\\/\\\/teknologiateollisuus.fi\\\/pia\\\/patria-ja-saksa-solmivat-kaksi-sarjasopimusta-cavs-hankkeessa-yhteisarvo-yli-kaksi-miljardia-euroa\\\/\"]}]},{\"@type\":\"ImageObject\",\"inLanguage\":\"fi\",\"@id\":\"https:\\\/\\\/teknologiateollisuus.fi\\\/pia\\\/patria-ja-saksa-solmivat-kaksi-sarjasopimusta-cavs-hankkeessa-yhteisarvo-yli-kaksi-miljardia-euroa\\\/#primaryimage\",\"url\":\"https:\\\/\\\/teknologiateollisuus.fi\\\/pia\\\/wp-content\\\/uploads\\\/sites\\\/13\\\/2025\\\/12\\\/6x6-uus.jpg\",\"contentUrl\":\"https:\\\/\\\/teknologiateollisuus.fi\\\/pia\\\/wp-content\\\/uploads\\\/sites\\\/13\\\/2025\\\/12\\\/6x6-uus.jpg\",\"width\":1024,\"height\":480},{\"@type\":\"BreadcrumbList\",\"@id\":\"https:\\\/\\\/teknologiateollisuus.fi\\\/pia\\\/patria-ja-saksa-solmivat-kaksi-sarjasopimusta-cavs-hankkeessa-yhteisarvo-yli-kaksi-miljardia-euroa\\\/#breadcrumb\",\"itemListElement\":[{\"@type\":\"ListItem\",\"position\":1,\"name\":\"Etusivu\",\"item\":\"https:\\\/\\\/teknologiateollisuus.fi\\\/pia\\\/\"},{\"@type\":\"ListItem\",\"position\":2,\"name\":\"Ajankohtaista\",\"item\":\"https:\\\/\\\/teknologiateollisuus.fi\\\/pia\\\/ajankohtaista\\\/\"},{\"@type\":\"ListItem\",\"position\":3,\"name\":\"Patria ja Saksa solmivat kaksi sarjasopimusta CAVS-hankkeessa \u2013 yhteisarvo yli kaksi miljardia euroa\"}]},{\"@type\":\"WebSite\",\"@id\":\"https:\\\/\\\/teknologiateollisuus.fi\\\/pia\\\/#website\",\"url\":\"https:\\\/\\\/teknologiateollisuus.fi\\\/pia\\\/\",\"name\":\"Pia-ry.fi\",\"description\":\"\",\"potentialAction\":[{\"@type\":\"SearchAction\",\"target\":{\"@type\":\"EntryPoint\",\"urlTemplate\":\"https:\\\/\\\/teknologiateollisuus.fi\\\/pia\\\/?s={search_term_string}\"},\"query-input\":{\"@type\":\"PropertyValueSpecification\",\"valueRequired\":true,\"valueName\":\"search_term_string\"}}],\"inLanguage\":\"fi\"},{\"@type\":\"Person\",\"@id\":\"https:\\\/\\\/teknologiateollisuus.fi\\\/pia\\\/#\\\/schema\\\/person\\\/5d77641c560efe09919706f12024dbc5\",\"name\":\"adaleskinen\",\"image\":{\"@type\":\"ImageObject\",\"inLanguage\":\"fi\",\"@id\":\"https:\\\/\\\/secure.gravatar.com\\\/avatar\\\/6428ed2f4a04a0cda474397675babb7dcf407edd2f251ea895d2ff20c9b635d2?s=96&d=mm&r=g\",\"url\":\"https:\\\/\\\/secure.gravatar.com\\\/avatar\\\/6428ed2f4a04a0cda474397675babb7dcf407edd2f251ea895d2ff20c9b635d2?s=96&d=mm&r=g\",\"contentUrl\":\"https:\\\/\\\/secure.gravatar.com\\\/avatar\\\/6428ed2f4a04a0cda474397675babb7dcf407edd2f251ea895d2ff20c9b635d2?s=96&d=mm&r=g\",\"caption\":\"adaleskinen\"}}]}<\/script>\n<!-- \/ Yoast SEO Premium plugin. -->","yoast_head_json":{"title":"Patria ja Saksa solmivat kaksi sarjasopimusta CAVS-hankkeessa \u2013 yhteisarvo yli kaksi miljardia euroa - Pia-ry.fi","robots":{"index":"index","follow":"follow","max-snippet":"max-snippet:-1","max-image-preview":"max-image-preview:large","max-video-preview":"max-video-preview:-1"},"canonical":"https:\/\/teknologiateollisuus.fi\/pia\/patria-ja-saksa-solmivat-kaksi-sarjasopimusta-cavs-hankkeessa-yhteisarvo-yli-kaksi-miljardia-euroa\/","og_locale":"fi_FI","og_type":"article","og_title":"Patria ja Saksa solmivat kaksi sarjasopimusta CAVS-hankkeessa \u2013 yhteisarvo yli kaksi miljardia euroa","og_description":"Patria ja Saksa solmivat kaksi sarjasopimusta CAVS-hankkeessa \u2013 yhteisarvo yli kaksi miljardia euroa Patria ja Saksa ovat t\u00e4n\u00e4\u00e4n allekirjoittaneet kaksi hankintasopimusta Common Armoured Vehicle System -hankkeen (CAVS) puitteissa. Sopimusten arvo optioineen on yli kaksi miljardia euroa, ja niiden kiinte\u00e4 tilausarvo ylitt\u00e4\u00e4 miljardi euroa. Sopimukset sis\u00e4lt\u00e4v\u00e4t jopa 876 Patria 6&#215;6 -ajoneuvon hankinnan nelj\u00e4ss\u00e4 eri ajoneuvovariantissa, mukaan [&hellip;]","og_url":"https:\/\/teknologiateollisuus.fi\/pia\/patria-ja-saksa-solmivat-kaksi-sarjasopimusta-cavs-hankkeessa-yhteisarvo-yli-kaksi-miljardia-euroa\/","og_site_name":"Pia-ry.fi","article_published_time":"2025-12-18T14:22:22+00:00","article_modified_time":"2025-12-18T14:22:23+00:00","og_image":[{"width":1024,"height":480,"url":"https:\/\/teknologiateollisuus.fi\/pia\/wp-content\/uploads\/sites\/13\/2025\/12\/6x6-uus.jpg","type":"image\/jpeg"}],"author":"adaleskinen","twitter_card":"summary_large_image","twitter_misc":{"Kirjoittanut":"adaleskinen","Arvioitu lukuaika":"4 minuuttia"},"schema":{"@context":"https:\/\/schema.org","@graph":[{"@type":"Article","@id":"https:\/\/teknologiateollisuus.fi\/pia\/patria-ja-saksa-solmivat-kaksi-sarjasopimusta-cavs-hankkeessa-yhteisarvo-yli-kaksi-miljardia-euroa\/#article","isPartOf":{"@id":"https:\/\/teknologiateollisuus.fi\/pia\/patria-ja-saksa-solmivat-kaksi-sarjasopimusta-cavs-hankkeessa-yhteisarvo-yli-kaksi-miljardia-euroa\/"},"author":{"name":"adaleskinen","@id":"https:\/\/teknologiateollisuus.fi\/pia\/#\/schema\/person\/5d77641c560efe09919706f12024dbc5"},"headline":"Patria ja Saksa solmivat kaksi sarjasopimusta CAVS-hankkeessa \u2013 yhteisarvo yli kaksi miljardia euroa","datePublished":"2025-12-18T14:22:22+00:00","dateModified":"2025-12-18T14:22:23+00:00","mainEntityOfPage":{"@id":"https:\/\/teknologiateollisuus.fi\/pia\/patria-ja-saksa-solmivat-kaksi-sarjasopimusta-cavs-hankkeessa-yhteisarvo-yli-kaksi-miljardia-euroa\/"},"wordCount":549,"image":{"@id":"https:\/\/teknologiateollisuus.fi\/pia\/patria-ja-saksa-solmivat-kaksi-sarjasopimusta-cavs-hankkeessa-yhteisarvo-yli-kaksi-miljardia-euroa\/#primaryimage"},"thumbnailUrl":"https:\/\/teknologiateollisuus.fi\/pia\/wp-content\/uploads\/sites\/13\/2025\/12\/6x6-uus.jpg","articleSection":["Uutiset ja tiedotteet"],"inLanguage":"fi"},{"@type":"WebPage","@id":"https:\/\/teknologiateollisuus.fi\/pia\/patria-ja-saksa-solmivat-kaksi-sarjasopimusta-cavs-hankkeessa-yhteisarvo-yli-kaksi-miljardia-euroa\/","url":"https:\/\/teknologiateollisuus.fi\/pia\/patria-ja-saksa-solmivat-kaksi-sarjasopimusta-cavs-hankkeessa-yhteisarvo-yli-kaksi-miljardia-euroa\/","name":"Patria ja Saksa solmivat kaksi sarjasopimusta CAVS-hankkeessa \u2013 yhteisarvo yli kaksi miljardia euroa - Pia-ry.fi","isPartOf":{"@id":"https:\/\/teknologiateollisuus.fi\/pia\/#website"},"primaryImageOfPage":{"@id":"https:\/\/teknologiateollisuus.fi\/pia\/patria-ja-saksa-solmivat-kaksi-sarjasopimusta-cavs-hankkeessa-yhteisarvo-yli-kaksi-miljardia-euroa\/#primaryimage"},"image":{"@id":"https:\/\/teknologiateollisuus.fi\/pia\/patria-ja-saksa-solmivat-kaksi-sarjasopimusta-cavs-hankkeessa-yhteisarvo-yli-kaksi-miljardia-euroa\/#primaryimage"},"thumbnailUrl":"https:\/\/teknologiateollisuus.fi\/pia\/wp-content\/uploads\/sites\/13\/2025\/12\/6x6-uus.jpg","datePublished":"2025-12-18T14:22:22+00:00","dateModified":"2025-12-18T14:22:23+00:00","author":{"@id":"https:\/\/teknologiateollisuus.fi\/pia\/#\/schema\/person\/5d77641c560efe09919706f12024dbc5"},"breadcrumb":{"@id":"https:\/\/teknologiateollisuus.fi\/pia\/patria-ja-saksa-solmivat-kaksi-sarjasopimusta-cavs-hankkeessa-yhteisarvo-yli-kaksi-miljardia-euroa\/#breadcrumb"},"inLanguage":"fi","potentialAction":[{"@type":"ReadAction","target":["https:\/\/teknologiateollisuus.fi\/pia\/patria-ja-saksa-solmivat-kaksi-sarjasopimusta-cavs-hankkeessa-yhteisarvo-yli-kaksi-miljardia-euroa\/"]}]},{"@type":"ImageObject","inLanguage":"fi","@id":"https:\/\/teknologiateollisuus.fi\/pia\/patria-ja-saksa-solmivat-kaksi-sarjasopimusta-cavs-hankkeessa-yhteisarvo-yli-kaksi-miljardia-euroa\/#primaryimage","url":"https:\/\/teknologiateollisuus.fi\/pia\/wp-content\/uploads\/sites\/13\/2025\/12\/6x6-uus.jpg","contentUrl":"https:\/\/teknologiateollisuus.fi\/pia\/wp-content\/uploads\/sites\/13\/2025\/12\/6x6-uus.jpg","width":1024,"height":480},{"@type":"BreadcrumbList","@id":"https:\/\/teknologiateollisuus.fi\/pia\/patria-ja-saksa-solmivat-kaksi-sarjasopimusta-cavs-hankkeessa-yhteisarvo-yli-kaksi-miljardia-euroa\/#breadcrumb","itemListElement":[{"@type":"ListItem","position":1,"name":"Etusivu","item":"https:\/\/teknologiateollisuus.fi\/pia\/"},{"@type":"ListItem","position":2,"name":"Ajankohtaista","item":"https:\/\/teknologiateollisuus.fi\/pia\/ajankohtaista\/"},{"@type":"ListItem","position":3,"name":"Patria ja Saksa solmivat kaksi sarjasopimusta CAVS-hankkeessa \u2013 yhteisarvo yli kaksi miljardia euroa"}]},{"@type":"WebSite","@id":"https:\/\/teknologiateollisuus.fi\/pia\/#website","url":"https:\/\/teknologiateollisuus.fi\/pia\/","name":"Pia-ry.fi","description":"","potentialAction":[{"@type":"SearchAction","target":{"@type":"EntryPoint","urlTemplate":"https:\/\/teknologiateollisuus.fi\/pia\/?s={search_term_string}"},"query-input":{"@type":"PropertyValueSpecification","valueRequired":true,"valueName":"search_term_string"}}],"inLanguage":"fi"},{"@type":"Person","@id":"https:\/\/teknologiateollisuus.fi\/pia\/#\/schema\/person\/5d77641c560efe09919706f12024dbc5","name":"adaleskinen","image":{"@type":"ImageObject","inLanguage":"fi","@id":"https:\/\/secure.gravatar.com\/avatar\/6428ed2f4a04a0cda474397675babb7dcf407edd2f251ea895d2ff20c9b635d2?s=96&d=mm&r=g","url":"https:\/\/secure.gravatar.com\/avatar\/6428ed2f4a04a0cda474397675babb7dcf407edd2f251ea895d2ff20c9b635d2?s=96&d=mm&r=g","contentUrl":"https:\/\/secure.gravatar.com\/avatar\/6428ed2f4a04a0cda474397675babb7dcf407edd2f251ea895d2ff20c9b635d2?s=96&d=mm&r=g","caption":"adaleskinen"}}]}},"lang":"fi","translations":{"fi":1128},"pll_sync_post":{},"_links":{"self":[{"href":"https:\/\/teknologiateollisuus.fi\/pia\/wp-json\/wp\/v2\/posts\/1128","targetHints":{"allow":["GET"]}}],"collection":[{"href":"https:\/\/teknologiateollisuus.fi\/pia\/wp-json\/wp\/v2\/posts"}],"about":[{"href":"https:\/\/teknologiateollisuus.fi\/pia\/wp-json\/wp\/v2\/types\/post"}],"author":[{"embeddable":true,"href":"https:\/\/teknologiateollisuus.fi\/pia\/wp-json\/wp\/v2\/users\/355"}],"replies":[{"embeddable":true,"href":"https:\/\/teknologiateollisuus.fi\/pia\/wp-json\/wp\/v2\/comments?post=1128"}],"version-history":[{"count":1,"href":"https:\/\/teknologiateollisuus.fi\/pia\/wp-json\/wp\/v2\/posts\/1128\/revisions"}],"predecessor-version":[{"id":1130,"href":"https:\/\/teknologiateollisuus.fi\/pia\/wp-json\/wp\/v2\/posts\/1128\/revisions\/1130"}],"wp:featuredmedia":[{"embeddable":true,"href":"https:\/\/teknologiateollisuus.fi\/pia\/wp-json\/wp\/v2\/media\/1129"}],"wp:attachment":[{"href":"https:\/\/teknologiateollisuus.fi\/pia\/wp-json\/wp\/v2\/media?parent=1128"}],"wp:term":[{"taxonomy":"category","embeddable":true,"href":"https:\/\/teknologiateollisuus.fi\/pia\/wp-json\/wp\/v2\/categories?post=1128"},{"taxonomy":"post_tag","embeddable":true,"href":"https:\/\/teknologiateollisuus.fi\/pia\/wp-json\/wp\/v2\/tags?post=1128"},{"taxonomy":"em_industry","embeddable":true,"href":"https:\/\/teknologiateollisuus.fi\/pia\/wp-json\/wp\/v2\/em_industry?post=1128"},{"taxonomy":"em_theme","embeddable":true,"href":"https:\/\/teknologiateollisuus.fi\/pia\/wp-json\/wp\/v2\/em_theme?post=1128"}],"curies":[{"name":"wp","href":"https:\/\/api.w.org\/{rel}","templated":true}]}}