{"id":881,"date":"2025-04-30T15:49:00","date_gmt":"2025-04-30T12:49:00","guid":{"rendered":"https:\/\/teknologiateollisuus.fi\/pia\/?p=881"},"modified":"2025-05-15T19:56:28","modified_gmt":"2025-05-15T16:56:28","slug":"pia-ryn-lausunto-asiaan-valtioneuvoston-selvityksista-rearm-europe-suunnitelma-e-21-2025-vp-seka-u-kirjelma-u-12-2025-vp-euroopan-komission-ehdotuksesta-com-2025-122-final-neuvoston-asetukseksi","status":"publish","type":"post","link":"https:\/\/teknologiateollisuus.fi\/pia\/pia-ryn-lausunto-asiaan-valtioneuvoston-selvityksista-rearm-europe-suunnitelma-e-21-2025-vp-seka-u-kirjelma-u-12-2025-vp-euroopan-komission-ehdotuksesta-com-2025-122-final-neuvoston-asetukseksi\/","title":{"rendered":"PIA ry:n lausunto asiaan: Valtioneuvoston selvityksist\u00e4 ReArm Europe -suunnitelma E 21\/2025 vp sek\u00e4 U-KIRJELM\u00c4 (U 12\/2025 vp) Euroopan komission ehdotuksesta COM (2025) 122 final neuvoston asetukseksi eurooppalaista puolustusteollisuutta vahvistavan Euroopan turvallisuustoimiv\u00e4lineen perustamisesta (SAFE-asetus)"},"content":{"rendered":"\n<p>Puolustus- ja Ilmailuteollisuus PIA ry on antanut Eduskunnan Puolustusvaliokunnalle lausuntonsa asiaan:<br>VALTIONEUVOSTON SELVITYKSIST\u00c4 ReArm Europe -suunnitelma E 21\/2025 vp SEK\u00c4 U-KIRJELM\u00c4 (U 12\/2025 vp) Euroopan komission ehdotuksesta COM (2025) 122 final neuvoston asetukseksi eurooppalaista puolustusteollisuutta vahvistavan Euroopan turvallisuustoimiv\u00e4lineen perustamisesta (SAFE-asetus).<\/p>\n\n\n\n<p>Lausunto on kokonaisuudessaan luettavissa sek\u00e4 ladattavissa alla.<\/p>\n\n\n\n<div data-wp-interactive=\"core\/file\" class=\"wp-block-file\"><object data-wp-bind--hidden=\"!state.hasPdfPreview\" hidden class=\"wp-block-file__embed\" data=\"https:\/\/teknologiateollisuus.fi\/pia\/wp-content\/uploads\/sites\/13\/2025\/05\/Lausunto-ReArm-Europe-SAFE-PuV-20250429.pdf\" type=\"application\/pdf\" style=\"width:100%;height:600px\" aria-label=\"Tiedoston Lausunto ReArm Europe SAFE PuV 20250429 upotus.\"><\/object><a id=\"wp-block-file--media-40df0ce6-e3ea-46cf-a11a-893fa7f1a1a0\" href=\"https:\/\/teknologiateollisuus.fi\/pia\/wp-content\/uploads\/sites\/13\/2025\/05\/Lausunto-ReArm-Europe-SAFE-PuV-20250429.pdf\">Lausunto ReArm Europe SAFE PuV 20250429<\/a><a href=\"https:\/\/teknologiateollisuus.fi\/pia\/wp-content\/uploads\/sites\/13\/2025\/05\/Lausunto-ReArm-Europe-SAFE-PuV-20250429.pdf\" class=\"wp-block-file__button wp-element-button\" download aria-describedby=\"wp-block-file--media-40df0ce6-e3ea-46cf-a11a-893fa7f1a1a0\">Lataa<\/a><\/div>\n\n\n\n<p>Lis\u00e4tietoja:<\/p>\n\n\n\n<article class=\"em-block-contact-card \">\n\n\t<div class=\"em-block-contact-card__image\">\n\t\t\t<\/div>\n\t<div class=\"em-block-contact-card__content-wrapper\">\n\t\t<div class=\"em-block-contact-card__content\">\n\t\t\t\t\t\t<h3 class=\"em-block-contact-card__title\"><a target=\"_self\" href=\"https:\/\/teknologiateollisuus.fi\/pia\/contacts\/tuija-karanko\/\">Tuija Karanko<\/a><\/h3>\n\t\t\t\t\t\t\t<span class=\"em-block-contact-card__job_title\">Secretary General<\/span>\n\t\t\t\t\t\t<span class=\"em-block-contact-card__organisation\"><\/span>\n\t\t<\/div>\n\t\t<div class=\"em-block-contact-card__content\">\n\t\t\t\t\t\t<address class=\"em-block-contact-card__contact-details\">\n\t\t\t\t<span class=\"em-block-contact-card__phone\">\n\t\t\t\t\t<a href=\"tel:+358 40 559 8986\">+358 40 559 8986<\/a>\n\t\t\t\t<\/span>\n\t\t\t\t<span class=\"em-block-contact-card__email\">\n\t\t\t\t\t<a href=\"mailto:\"><\/a>\n\t\t\t\t<\/span>\n\t\t\t<\/address>\n\t\t\t\t\t<\/div>\n\t<\/div>\n\n<\/article>\n","protected":false},"excerpt":{"rendered":"<p>Puolustus- ja Ilmailuteollisuus PIA ry on antanut Eduskunnan Puolustusvaliokunnalle lausuntonsa asiaan:VALTIONEUVOSTON SELVITYKSIST\u00c4 ReArm Europe -suunnitelma E 21\/2025 vp SEK\u00c4 U-KIRJELM\u00c4 (U 12\/2025 vp) Euroopan komission ehdotuksesta COM (2025) 122 final neuvoston asetukseksi eurooppalaista puolustusteollisuutta vahvistavan Euroopan turvallisuustoimiv\u00e4lineen perustamisesta (SAFE-asetus). Lausunto on kokonaisuudessaan luettavissa sek\u00e4 ladattavissa alla. Lis\u00e4tietoja:<\/p>\n","protected":false},"author":355,"featured_media":0,"comment_status":"closed","ping_status":"closed","sticky":false,"template":"","format":"standard","meta":{"_acf_changed":false,"_relevanssi_hide_post":"","_relevanssi_hide_content":"","_relevanssi_pin_for_all":"","_relevanssi_pin_keywords":"","_relevanssi_unpin_keywords":"","_relevanssi_related_keywords":"","_relevanssi_related_include_ids":"","_relevanssi_related_exclude_ids":"","_relevanssi_related_no_append":"","_relevanssi_related_not_related":"","_relevanssi_related_posts":"877,54,466,703,734,820","_relevanssi_noindex_reason":"","inline_featured_image":false,"footnotes":""},"categories":[137],"tags":[155,153,165,163,161],"em_industry":[],"em_theme":[],"class_list":["post-881","post","type-post","status-publish","format-standard","hentry","category-lausunnot-kannanotot","tag-lausunnot","tag-lausunto","tag-rearm","tag-safe","tag-safe-asetus"],"acf":[],"yoast_head":"<!-- This site is optimized with the Yoast SEO Premium plugin v27.1 (Yoast SEO v27.5) - https:\/\/yoast.com\/product\/yoast-seo-premium-wordpress\/ -->\n<title>PIA ry:n lausunto asiaan: Valtioneuvoston selvityksist\u00e4 ReArm Europe -suunnitelma E 21\/2025 vp sek\u00e4 U-KIRJELM\u00c4 (U 12\/2025 vp) Euroopan komission ehdotuksesta COM (2025) 122 final neuvoston asetukseksi eurooppalaista puolustusteollisuutta vahvistavan Euroopan turvallisuustoimiv\u00e4lineen perustamisesta (SAFE-asetus) - Pia-ry.fi<\/title>\n<meta name=\"robots\" content=\"index, follow, max-snippet:-1, max-image-preview:large, max-video-preview:-1\" \/>\n<link rel=\"canonical\" href=\"https:\/\/teknologiateollisuus.fi\/pia\/pia-ryn-lausunto-asiaan-valtioneuvoston-selvityksista-rearm-europe-suunnitelma-e-21-2025-vp-seka-u-kirjelma-u-12-2025-vp-euroopan-komission-ehdotuksesta-com-2025-122-final-neuvoston-asetukseksi\/\" \/>\n<meta property=\"og:locale\" content=\"fi_FI\" \/>\n<meta property=\"og:type\" content=\"article\" \/>\n<meta property=\"og:title\" content=\"PIA ry:n lausunto asiaan: Valtioneuvoston selvityksist\u00e4 ReArm Europe -suunnitelma E 21\/2025 vp sek\u00e4 U-KIRJELM\u00c4 (U 12\/2025 vp) Euroopan komission ehdotuksesta COM (2025) 122 final neuvoston asetukseksi eurooppalaista puolustusteollisuutta vahvistavan Euroopan turvallisuustoimiv\u00e4lineen perustamisesta (SAFE-asetus)\" \/>\n<meta property=\"og:description\" content=\"Puolustus- ja Ilmailuteollisuus PIA ry on antanut Eduskunnan Puolustusvaliokunnalle lausuntonsa asiaan:VALTIONEUVOSTON SELVITYKSIST\u00c4 ReArm Europe -suunnitelma E 21\/2025 vp SEK\u00c4 U-KIRJELM\u00c4 (U 12\/2025 vp) Euroopan komission ehdotuksesta COM (2025) 122 final neuvoston asetukseksi eurooppalaista puolustusteollisuutta vahvistavan Euroopan turvallisuustoimiv\u00e4lineen perustamisesta (SAFE-asetus). Lausunto on kokonaisuudessaan luettavissa sek\u00e4 ladattavissa alla. Lis\u00e4tietoja:\" \/>\n<meta property=\"og:url\" content=\"https:\/\/teknologiateollisuus.fi\/pia\/pia-ryn-lausunto-asiaan-valtioneuvoston-selvityksista-rearm-europe-suunnitelma-e-21-2025-vp-seka-u-kirjelma-u-12-2025-vp-euroopan-komission-ehdotuksesta-com-2025-122-final-neuvoston-asetukseksi\/\" \/>\n<meta property=\"og:site_name\" content=\"Pia-ry.fi\" \/>\n<meta property=\"article:published_time\" content=\"2025-04-30T12:49:00+00:00\" \/>\n<meta property=\"article:modified_time\" content=\"2025-05-15T16:56:28+00:00\" \/>\n<meta name=\"author\" content=\"adaleskinen\" \/>\n<meta name=\"twitter:card\" content=\"summary_large_image\" \/>\n<meta name=\"twitter:label1\" content=\"Kirjoittanut\" \/>\n\t<meta name=\"twitter:data1\" content=\"adaleskinen\" \/>\n\t<meta name=\"twitter:label2\" content=\"Arvioitu lukuaika\" \/>\n\t<meta name=\"twitter:data2\" content=\"1 minuutti\" \/>\n<script type=\"application\/ld+json\" class=\"yoast-schema-graph\">{\"@context\":\"https:\\\/\\\/schema.org\",\"@graph\":[{\"@type\":\"Article\",\"@id\":\"https:\\\/\\\/teknologiateollisuus.fi\\\/pia\\\/pia-ryn-lausunto-asiaan-valtioneuvoston-selvityksista-rearm-europe-suunnitelma-e-21-2025-vp-seka-u-kirjelma-u-12-2025-vp-euroopan-komission-ehdotuksesta-com-2025-122-final-neuvoston-asetukseksi\\\/#article\",\"isPartOf\":{\"@id\":\"https:\\\/\\\/teknologiateollisuus.fi\\\/pia\\\/pia-ryn-lausunto-asiaan-valtioneuvoston-selvityksista-rearm-europe-suunnitelma-e-21-2025-vp-seka-u-kirjelma-u-12-2025-vp-euroopan-komission-ehdotuksesta-com-2025-122-final-neuvoston-asetukseksi\\\/\"},\"author\":{\"name\":\"adaleskinen\",\"@id\":\"https:\\\/\\\/teknologiateollisuus.fi\\\/pia\\\/#\\\/schema\\\/person\\\/5d77641c560efe09919706f12024dbc5\"},\"headline\":\"PIA ry:n lausunto asiaan: Valtioneuvoston selvityksist\u00e4 ReArm Europe -suunnitelma E 21\\\/2025 vp sek\u00e4 U-KIRJELM\u00c4 (U 12\\\/2025 vp) Euroopan komission ehdotuksesta COM (2025) 122 final neuvoston asetukseksi eurooppalaista puolustusteollisuutta vahvistavan Euroopan turvallisuustoimiv\u00e4lineen perustamisesta (SAFE-asetus)\",\"datePublished\":\"2025-04-30T12:49:00+00:00\",\"dateModified\":\"2025-05-15T16:56:28+00:00\",\"mainEntityOfPage\":{\"@id\":\"https:\\\/\\\/teknologiateollisuus.fi\\\/pia\\\/pia-ryn-lausunto-asiaan-valtioneuvoston-selvityksista-rearm-europe-suunnitelma-e-21-2025-vp-seka-u-kirjelma-u-12-2025-vp-euroopan-komission-ehdotuksesta-com-2025-122-final-neuvoston-asetukseksi\\\/\"},\"wordCount\":83,\"keywords\":[\"lausunnot\",\"lausunto\",\"ReArm\",\"SAFE\",\"SAFE-asetus\"],\"articleSection\":[\"Lausunnot ja kannanotot\"],\"inLanguage\":\"fi\"},{\"@type\":\"WebPage\",\"@id\":\"https:\\\/\\\/teknologiateollisuus.fi\\\/pia\\\/pia-ryn-lausunto-asiaan-valtioneuvoston-selvityksista-rearm-europe-suunnitelma-e-21-2025-vp-seka-u-kirjelma-u-12-2025-vp-euroopan-komission-ehdotuksesta-com-2025-122-final-neuvoston-asetukseksi\\\/\",\"url\":\"https:\\\/\\\/teknologiateollisuus.fi\\\/pia\\\/pia-ryn-lausunto-asiaan-valtioneuvoston-selvityksista-rearm-europe-suunnitelma-e-21-2025-vp-seka-u-kirjelma-u-12-2025-vp-euroopan-komission-ehdotuksesta-com-2025-122-final-neuvoston-asetukseksi\\\/\",\"name\":\"PIA ry:n lausunto asiaan: Valtioneuvoston selvityksist\u00e4 ReArm Europe -suunnitelma E 21\\\/2025 vp sek\u00e4 U-KIRJELM\u00c4 (U 12\\\/2025 vp) Euroopan komission ehdotuksesta COM (2025) 122 final neuvoston asetukseksi eurooppalaista puolustusteollisuutta vahvistavan Euroopan turvallisuustoimiv\u00e4lineen perustamisesta (SAFE-asetus) - Pia-ry.fi\",\"isPartOf\":{\"@id\":\"https:\\\/\\\/teknologiateollisuus.fi\\\/pia\\\/#website\"},\"datePublished\":\"2025-04-30T12:49:00+00:00\",\"dateModified\":\"2025-05-15T16:56:28+00:00\",\"author\":{\"@id\":\"https:\\\/\\\/teknologiateollisuus.fi\\\/pia\\\/#\\\/schema\\\/person\\\/5d77641c560efe09919706f12024dbc5\"},\"breadcrumb\":{\"@id\":\"https:\\\/\\\/teknologiateollisuus.fi\\\/pia\\\/pia-ryn-lausunto-asiaan-valtioneuvoston-selvityksista-rearm-europe-suunnitelma-e-21-2025-vp-seka-u-kirjelma-u-12-2025-vp-euroopan-komission-ehdotuksesta-com-2025-122-final-neuvoston-asetukseksi\\\/#breadcrumb\"},\"inLanguage\":\"fi\",\"potentialAction\":[{\"@type\":\"ReadAction\",\"target\":[\"https:\\\/\\\/teknologiateollisuus.fi\\\/pia\\\/pia-ryn-lausunto-asiaan-valtioneuvoston-selvityksista-rearm-europe-suunnitelma-e-21-2025-vp-seka-u-kirjelma-u-12-2025-vp-euroopan-komission-ehdotuksesta-com-2025-122-final-neuvoston-asetukseksi\\\/\"]}]},{\"@type\":\"BreadcrumbList\",\"@id\":\"https:\\\/\\\/teknologiateollisuus.fi\\\/pia\\\/pia-ryn-lausunto-asiaan-valtioneuvoston-selvityksista-rearm-europe-suunnitelma-e-21-2025-vp-seka-u-kirjelma-u-12-2025-vp-euroopan-komission-ehdotuksesta-com-2025-122-final-neuvoston-asetukseksi\\\/#breadcrumb\",\"itemListElement\":[{\"@type\":\"ListItem\",\"position\":1,\"name\":\"Etusivu\",\"item\":\"https:\\\/\\\/teknologiateollisuus.fi\\\/pia\\\/\"},{\"@type\":\"ListItem\",\"position\":2,\"name\":\"Ajankohtaista\",\"item\":\"https:\\\/\\\/teknologiateollisuus.fi\\\/pia\\\/ajankohtaista\\\/\"},{\"@type\":\"ListItem\",\"position\":3,\"name\":\"PIA ry:n lausunto asiaan: Valtioneuvoston selvityksist\u00e4 ReArm Europe -suunnitelma E 21\\\/2025 vp sek\u00e4 U-KIRJELM\u00c4 (U 12\\\/2025 vp) Euroopan komission ehdotuksesta COM (2025) 122 final neuvoston asetukseksi eurooppalaista puolustusteollisuutta vahvistavan Euroopan turvallisuustoimiv\u00e4lineen perustamisesta (SAFE-asetus)\"}]},{\"@type\":\"WebSite\",\"@id\":\"https:\\\/\\\/teknologiateollisuus.fi\\\/pia\\\/#website\",\"url\":\"https:\\\/\\\/teknologiateollisuus.fi\\\/pia\\\/\",\"name\":\"Pia-ry.fi\",\"description\":\"\",\"potentialAction\":[{\"@type\":\"SearchAction\",\"target\":{\"@type\":\"EntryPoint\",\"urlTemplate\":\"https:\\\/\\\/teknologiateollisuus.fi\\\/pia\\\/?s={search_term_string}\"},\"query-input\":{\"@type\":\"PropertyValueSpecification\",\"valueRequired\":true,\"valueName\":\"search_term_string\"}}],\"inLanguage\":\"fi\"},{\"@type\":\"Person\",\"@id\":\"https:\\\/\\\/teknologiateollisuus.fi\\\/pia\\\/#\\\/schema\\\/person\\\/5d77641c560efe09919706f12024dbc5\",\"name\":\"adaleskinen\",\"image\":{\"@type\":\"ImageObject\",\"inLanguage\":\"fi\",\"@id\":\"https:\\\/\\\/secure.gravatar.com\\\/avatar\\\/6428ed2f4a04a0cda474397675babb7dcf407edd2f251ea895d2ff20c9b635d2?s=96&d=mm&r=g\",\"url\":\"https:\\\/\\\/secure.gravatar.com\\\/avatar\\\/6428ed2f4a04a0cda474397675babb7dcf407edd2f251ea895d2ff20c9b635d2?s=96&d=mm&r=g\",\"contentUrl\":\"https:\\\/\\\/secure.gravatar.com\\\/avatar\\\/6428ed2f4a04a0cda474397675babb7dcf407edd2f251ea895d2ff20c9b635d2?s=96&d=mm&r=g\",\"caption\":\"adaleskinen\"}}]}<\/script>\n<!-- \/ Yoast SEO Premium plugin. -->","yoast_head_json":{"title":"PIA ry:n lausunto asiaan: Valtioneuvoston selvityksist\u00e4 ReArm Europe -suunnitelma E 21\/2025 vp sek\u00e4 U-KIRJELM\u00c4 (U 12\/2025 vp) Euroopan komission ehdotuksesta COM (2025) 122 final neuvoston asetukseksi eurooppalaista puolustusteollisuutta vahvistavan Euroopan turvallisuustoimiv\u00e4lineen perustamisesta (SAFE-asetus) - Pia-ry.fi","robots":{"index":"index","follow":"follow","max-snippet":"max-snippet:-1","max-image-preview":"max-image-preview:large","max-video-preview":"max-video-preview:-1"},"canonical":"https:\/\/teknologiateollisuus.fi\/pia\/pia-ryn-lausunto-asiaan-valtioneuvoston-selvityksista-rearm-europe-suunnitelma-e-21-2025-vp-seka-u-kirjelma-u-12-2025-vp-euroopan-komission-ehdotuksesta-com-2025-122-final-neuvoston-asetukseksi\/","og_locale":"fi_FI","og_type":"article","og_title":"PIA ry:n lausunto asiaan: Valtioneuvoston selvityksist\u00e4 ReArm Europe -suunnitelma E 21\/2025 vp sek\u00e4 U-KIRJELM\u00c4 (U 12\/2025 vp) Euroopan komission ehdotuksesta COM (2025) 122 final neuvoston asetukseksi eurooppalaista puolustusteollisuutta vahvistavan Euroopan turvallisuustoimiv\u00e4lineen perustamisesta (SAFE-asetus)","og_description":"Puolustus- ja Ilmailuteollisuus PIA ry on antanut Eduskunnan Puolustusvaliokunnalle lausuntonsa asiaan:VALTIONEUVOSTON SELVITYKSIST\u00c4 ReArm Europe -suunnitelma E 21\/2025 vp SEK\u00c4 U-KIRJELM\u00c4 (U 12\/2025 vp) Euroopan komission ehdotuksesta COM (2025) 122 final neuvoston asetukseksi eurooppalaista puolustusteollisuutta vahvistavan Euroopan turvallisuustoimiv\u00e4lineen perustamisesta (SAFE-asetus). Lausunto on kokonaisuudessaan luettavissa sek\u00e4 ladattavissa alla. Lis\u00e4tietoja:","og_url":"https:\/\/teknologiateollisuus.fi\/pia\/pia-ryn-lausunto-asiaan-valtioneuvoston-selvityksista-rearm-europe-suunnitelma-e-21-2025-vp-seka-u-kirjelma-u-12-2025-vp-euroopan-komission-ehdotuksesta-com-2025-122-final-neuvoston-asetukseksi\/","og_site_name":"Pia-ry.fi","article_published_time":"2025-04-30T12:49:00+00:00","article_modified_time":"2025-05-15T16:56:28+00:00","author":"adaleskinen","twitter_card":"summary_large_image","twitter_misc":{"Kirjoittanut":"adaleskinen","Arvioitu lukuaika":"1 minuutti"},"schema":{"@context":"https:\/\/schema.org","@graph":[{"@type":"Article","@id":"https:\/\/teknologiateollisuus.fi\/pia\/pia-ryn-lausunto-asiaan-valtioneuvoston-selvityksista-rearm-europe-suunnitelma-e-21-2025-vp-seka-u-kirjelma-u-12-2025-vp-euroopan-komission-ehdotuksesta-com-2025-122-final-neuvoston-asetukseksi\/#article","isPartOf":{"@id":"https:\/\/teknologiateollisuus.fi\/pia\/pia-ryn-lausunto-asiaan-valtioneuvoston-selvityksista-rearm-europe-suunnitelma-e-21-2025-vp-seka-u-kirjelma-u-12-2025-vp-euroopan-komission-ehdotuksesta-com-2025-122-final-neuvoston-asetukseksi\/"},"author":{"name":"adaleskinen","@id":"https:\/\/teknologiateollisuus.fi\/pia\/#\/schema\/person\/5d77641c560efe09919706f12024dbc5"},"headline":"PIA ry:n lausunto asiaan: Valtioneuvoston selvityksist\u00e4 ReArm Europe -suunnitelma E 21\/2025 vp sek\u00e4 U-KIRJELM\u00c4 (U 12\/2025 vp) Euroopan komission ehdotuksesta COM (2025) 122 final neuvoston asetukseksi eurooppalaista puolustusteollisuutta vahvistavan Euroopan turvallisuustoimiv\u00e4lineen perustamisesta (SAFE-asetus)","datePublished":"2025-04-30T12:49:00+00:00","dateModified":"2025-05-15T16:56:28+00:00","mainEntityOfPage":{"@id":"https:\/\/teknologiateollisuus.fi\/pia\/pia-ryn-lausunto-asiaan-valtioneuvoston-selvityksista-rearm-europe-suunnitelma-e-21-2025-vp-seka-u-kirjelma-u-12-2025-vp-euroopan-komission-ehdotuksesta-com-2025-122-final-neuvoston-asetukseksi\/"},"wordCount":83,"keywords":["lausunnot","lausunto","ReArm","SAFE","SAFE-asetus"],"articleSection":["Lausunnot ja kannanotot"],"inLanguage":"fi"},{"@type":"WebPage","@id":"https:\/\/teknologiateollisuus.fi\/pia\/pia-ryn-lausunto-asiaan-valtioneuvoston-selvityksista-rearm-europe-suunnitelma-e-21-2025-vp-seka-u-kirjelma-u-12-2025-vp-euroopan-komission-ehdotuksesta-com-2025-122-final-neuvoston-asetukseksi\/","url":"https:\/\/teknologiateollisuus.fi\/pia\/pia-ryn-lausunto-asiaan-valtioneuvoston-selvityksista-rearm-europe-suunnitelma-e-21-2025-vp-seka-u-kirjelma-u-12-2025-vp-euroopan-komission-ehdotuksesta-com-2025-122-final-neuvoston-asetukseksi\/","name":"PIA ry:n lausunto asiaan: Valtioneuvoston selvityksist\u00e4 ReArm Europe -suunnitelma E 21\/2025 vp sek\u00e4 U-KIRJELM\u00c4 (U 12\/2025 vp) Euroopan komission ehdotuksesta COM (2025) 122 final neuvoston asetukseksi eurooppalaista puolustusteollisuutta vahvistavan Euroopan turvallisuustoimiv\u00e4lineen perustamisesta (SAFE-asetus) - Pia-ry.fi","isPartOf":{"@id":"https:\/\/teknologiateollisuus.fi\/pia\/#website"},"datePublished":"2025-04-30T12:49:00+00:00","dateModified":"2025-05-15T16:56:28+00:00","author":{"@id":"https:\/\/teknologiateollisuus.fi\/pia\/#\/schema\/person\/5d77641c560efe09919706f12024dbc5"},"breadcrumb":{"@id":"https:\/\/teknologiateollisuus.fi\/pia\/pia-ryn-lausunto-asiaan-valtioneuvoston-selvityksista-rearm-europe-suunnitelma-e-21-2025-vp-seka-u-kirjelma-u-12-2025-vp-euroopan-komission-ehdotuksesta-com-2025-122-final-neuvoston-asetukseksi\/#breadcrumb"},"inLanguage":"fi","potentialAction":[{"@type":"ReadAction","target":["https:\/\/teknologiateollisuus.fi\/pia\/pia-ryn-lausunto-asiaan-valtioneuvoston-selvityksista-rearm-europe-suunnitelma-e-21-2025-vp-seka-u-kirjelma-u-12-2025-vp-euroopan-komission-ehdotuksesta-com-2025-122-final-neuvoston-asetukseksi\/"]}]},{"@type":"BreadcrumbList","@id":"https:\/\/teknologiateollisuus.fi\/pia\/pia-ryn-lausunto-asiaan-valtioneuvoston-selvityksista-rearm-europe-suunnitelma-e-21-2025-vp-seka-u-kirjelma-u-12-2025-vp-euroopan-komission-ehdotuksesta-com-2025-122-final-neuvoston-asetukseksi\/#breadcrumb","itemListElement":[{"@type":"ListItem","position":1,"name":"Etusivu","item":"https:\/\/teknologiateollisuus.fi\/pia\/"},{"@type":"ListItem","position":2,"name":"Ajankohtaista","item":"https:\/\/teknologiateollisuus.fi\/pia\/ajankohtaista\/"},{"@type":"ListItem","position":3,"name":"PIA ry:n lausunto asiaan: Valtioneuvoston selvityksist\u00e4 ReArm Europe -suunnitelma E 21\/2025 vp sek\u00e4 U-KIRJELM\u00c4 (U 12\/2025 vp) Euroopan komission ehdotuksesta COM (2025) 122 final neuvoston asetukseksi eurooppalaista puolustusteollisuutta vahvistavan Euroopan turvallisuustoimiv\u00e4lineen perustamisesta (SAFE-asetus)"}]},{"@type":"WebSite","@id":"https:\/\/teknologiateollisuus.fi\/pia\/#website","url":"https:\/\/teknologiateollisuus.fi\/pia\/","name":"Pia-ry.fi","description":"","potentialAction":[{"@type":"SearchAction","target":{"@type":"EntryPoint","urlTemplate":"https:\/\/teknologiateollisuus.fi\/pia\/?s={search_term_string}"},"query-input":{"@type":"PropertyValueSpecification","valueRequired":true,"valueName":"search_term_string"}}],"inLanguage":"fi"},{"@type":"Person","@id":"https:\/\/teknologiateollisuus.fi\/pia\/#\/schema\/person\/5d77641c560efe09919706f12024dbc5","name":"adaleskinen","image":{"@type":"ImageObject","inLanguage":"fi","@id":"https:\/\/secure.gravatar.com\/avatar\/6428ed2f4a04a0cda474397675babb7dcf407edd2f251ea895d2ff20c9b635d2?s=96&d=mm&r=g","url":"https:\/\/secure.gravatar.com\/avatar\/6428ed2f4a04a0cda474397675babb7dcf407edd2f251ea895d2ff20c9b635d2?s=96&d=mm&r=g","contentUrl":"https:\/\/secure.gravatar.com\/avatar\/6428ed2f4a04a0cda474397675babb7dcf407edd2f251ea895d2ff20c9b635d2?s=96&d=mm&r=g","caption":"adaleskinen"}}]}},"lang":"fi","translations":{"fi":881},"pll_sync_post":{},"_links":{"self":[{"href":"https:\/\/teknologiateollisuus.fi\/pia\/wp-json\/wp\/v2\/posts\/881","targetHints":{"allow":["GET"]}}],"collection":[{"href":"https:\/\/teknologiateollisuus.fi\/pia\/wp-json\/wp\/v2\/posts"}],"about":[{"href":"https:\/\/teknologiateollisuus.fi\/pia\/wp-json\/wp\/v2\/types\/post"}],"author":[{"embeddable":true,"href":"https:\/\/teknologiateollisuus.fi\/pia\/wp-json\/wp\/v2\/users\/355"}],"replies":[{"embeddable":true,"href":"https:\/\/teknologiateollisuus.fi\/pia\/wp-json\/wp\/v2\/comments?post=881"}],"version-history":[{"count":1,"href":"https:\/\/teknologiateollisuus.fi\/pia\/wp-json\/wp\/v2\/posts\/881\/revisions"}],"predecessor-version":[{"id":888,"href":"https:\/\/teknologiateollisuus.fi\/pia\/wp-json\/wp\/v2\/posts\/881\/revisions\/888"}],"wp:attachment":[{"href":"https:\/\/teknologiateollisuus.fi\/pia\/wp-json\/wp\/v2\/media?parent=881"}],"wp:term":[{"taxonomy":"category","embeddable":true,"href":"https:\/\/teknologiateollisuus.fi\/pia\/wp-json\/wp\/v2\/categories?post=881"},{"taxonomy":"post_tag","embeddable":true,"href":"https:\/\/teknologiateollisuus.fi\/pia\/wp-json\/wp\/v2\/tags?post=881"},{"taxonomy":"em_industry","embeddable":true,"href":"https:\/\/teknologiateollisuus.fi\/pia\/wp-json\/wp\/v2\/em_industry?post=881"},{"taxonomy":"em_theme","embeddable":true,"href":"https:\/\/teknologiateollisuus.fi\/pia\/wp-json\/wp\/v2\/em_theme?post=881"}],"curies":[{"name":"wp","href":"https:\/\/api.w.org\/{rel}","templated":true}]}}