{"id":1667,"date":"2024-09-10T15:11:13","date_gmt":"2024-09-10T12:11:13","guid":{"rendered":"https:\/\/teknologiateollisuus.fi\/skol\/?p=1667"},"modified":"2024-09-23T14:53:32","modified_gmt":"2024-09-23T11:53:32","slug":"vuoden-nuori-konsultti-2024-kilpailun-esivalintaraati-on-tehnyt-valinnan-kilpailun-jatkoon-valituista-kilpailijoista","status":"publish","type":"post","link":"https:\/\/teknologiateollisuus.fi\/skol\/vuoden-nuori-konsultti-2024-kilpailun-esivalintaraati-on-tehnyt-valinnan-kilpailun-jatkoon-valituista-kilpailijoista\/","title":{"rendered":"Vuoden nuori konsultti 2024-kilpailun esivalintaraati on tehnyt valinnan kilpailun jatkoon valituista kilpailijoista"},"content":{"rendered":"\n<p>Vuoden nuori konsultti 2024 -kilpailun haku ker\u00e4si kes\u00e4n aikana yhteens\u00e4 29 hakemusta.<\/p>\n\n\n\n<p>SKOL j\u00e4senyrityksill\u00e4 oli kes\u00e4n aikana mahdollisuus nimet\u00e4 mukaan kilpailuun heill\u00e4 vuoden aikana ty\u00f6skennelleit\u00e4 nuoria lahjakkaita harjoittelijoita, kes\u00e4- ja projektity\u00f6ntekij\u00f6it\u00e4 taikka opinn\u00e4ytety\u00f6ntekij\u00f6it\u00e4.<\/p>\n\n\n\n<p>Kisaan tulleiden hakemusten perusteella kilpailun esivalintaraati teki valintansa kilpailun jatkoon valituista kymmenest\u00e4 kilpailijasta. Arviointikriteerit kilpailussa olivat menestyminen opinnoissa ja ty\u00f6teht\u00e4viss\u00e4 toimialalla, ty\u00f6n ja opintojen yhteensovittaminen, osaamisen kehitt\u00e4minen, innostus oppia uutta ja ennakkoluuloton asenne, kiinnostus, harrastuneisuus ja innostus alaa kohtaan sek\u00e4 toimialan my\u00f6nteisen imagon ja vetovoiman edist\u00e4minen.<\/p>\n\n\n\n<p>Kilpailun seuraavassa vaiheessa jatkoon valituista kymmenest\u00e4 kilpailijasta tullaan kuvaamaan kilpailijoiden omat esittelyvideot kilpailun netti\u00e4\u00e4nestyst\u00e4 varten. Netti\u00e4\u00e4nestys kilpailussa avautuu lokakuun aikana.<\/p>\n\n\n\n<p>Kilpailun tulokset julkistetaan SKOLin syysseminaarissa&nbsp;<strong>29.11.24.<\/strong><\/p>\n\n\n\n<p>Kilpailussa on luvassa rahapalkinto.&nbsp;Palkintosumma on saajalleen veronalaista ansiotuloa, josta suoritetaan ennakonpid\u00e4tys. Kilpailussa palkitaan yksi Vuoden nuori konsultti 4000e arvoisella palkintosummalla sek\u00e4 kaksi kunniamaininnan saajaa 2000e arvoisella palkintosummalla.<\/p>\n\n\n\n<p>Vuoden nuori konsultti -kilpailun tavoitteena on tuoda esille suunnittelu- ja konsultointialaa opiskelevien nuorten osaamista, alamme monimuotoisuutta sek\u00e4 jakaa tunnustusta innovatiivisille ja lahjakkaille nuorille osaajille.<\/p>\n","protected":false},"excerpt":{"rendered":"<p>Kilpailun esivalintaraati on tehnyt valinnan Vuoden nuori konsultti 2024-kilpailun jatkoon valituista kymmenest\u00e4 kilpailijasta. Kilpailun jatkoon valikoituivat Florencia Bigatti WSP Oy:lt\u00e4, Annika Gr\u00f6nvall Rambollilta, Vilma Juuj\u00e4rvi Granlundilta, Samu Kantola AFRY Finlandilta, Aino Lahnalampi Sweco Finlandilta, Pihla Kettula Rambollilta, Linnea M\u00e4kinen Sweco Finlandilta, Kia T\u00e4hk\u00e4nen, FCG:lt\u00e4, Markus T\u00f6lli A-insin\u00f6\u00f6reilt\u00e4, sek\u00e4 Vall\u00e9s Gen\u00eds Masjoan Elomaticilta.<\/p>\n","protected":false},"author":50,"featured_media":1791,"comment_status":"closed","ping_status":"closed","sticky":false,"template":"","format":"standard","meta":{"_acf_changed":false,"_relevanssi_hide_post":"","_relevanssi_hide_content":"","_relevanssi_pin_for_all":"","_relevanssi_pin_keywords":"","_relevanssi_unpin_keywords":"","_relevanssi_related_keywords":"","_relevanssi_related_include_ids":"","_relevanssi_related_exclude_ids":"","_relevanssi_related_no_append":"","_relevanssi_related_not_related":"","_relevanssi_related_posts":"530,793,598,1384,1425,1214","_relevanssi_noindex_reason":"","inline_featured_image":false,"footnotes":""},"categories":[14],"tags":[],"em_industry":[],"em_theme":[],"class_list":["post-1667","post","type-post","status-publish","format-standard","has-post-thumbnail","hentry","category-uutinen"],"acf":[],"yoast_head":"<!-- This site is optimized with the Yoast SEO Premium plugin v27.1 (Yoast SEO v27.5) - https:\/\/yoast.com\/product\/yoast-seo-premium-wordpress\/ -->\n<title>Vuoden nuori konsultti 2024-kilpailun esivalintaraati on tehnyt valinnan kilpailun jatkoon valituista kilpailijoista - Skol<\/title>\n<meta name=\"robots\" content=\"index, follow, max-snippet:-1, max-image-preview:large, max-video-preview:-1\" \/>\n<link rel=\"canonical\" href=\"https:\/\/teknologiateollisuus.fi\/skol\/vuoden-nuori-konsultti-2024-kilpailun-esivalintaraati-on-tehnyt-valinnan-kilpailun-jatkoon-valituista-kilpailijoista\/\" \/>\n<meta property=\"og:locale\" content=\"fi_FI\" \/>\n<meta property=\"og:type\" content=\"article\" \/>\n<meta property=\"og:title\" content=\"Vuoden nuori konsultti 2024-kilpailun esivalintaraati on tehnyt valinnan kilpailun jatkoon valituista kilpailijoista\" \/>\n<meta property=\"og:description\" content=\"Kilpailun esivalintaraati on tehnyt valinnan Vuoden nuori konsultti 2024-kilpailun jatkoon valituista kymmenest\u00e4 kilpailijasta. Kilpailun jatkoon valikoituivat Florencia Bigatti WSP Oy:lt\u00e4, Annika Gr\u00f6nvall Rambollilta, Vilma Juuj\u00e4rvi Granlundilta, Samu Kantola AFRY Finlandilta, Aino Lahnalampi Sweco Finlandilta, Pihla Kettula Rambollilta, Linnea M\u00e4kinen Sweco Finlandilta, Kia T\u00e4hk\u00e4nen, FCG:lt\u00e4, Markus T\u00f6lli A-insin\u00f6\u00f6reilt\u00e4, sek\u00e4 Vall\u00e9s Gen\u00eds Masjoan Elomaticilta.\" \/>\n<meta property=\"og:url\" content=\"https:\/\/teknologiateollisuus.fi\/skol\/vuoden-nuori-konsultti-2024-kilpailun-esivalintaraati-on-tehnyt-valinnan-kilpailun-jatkoon-valituista-kilpailijoista\/\" \/>\n<meta property=\"og:site_name\" content=\"Skol\" \/>\n<meta property=\"article:published_time\" content=\"2024-09-10T12:11:13+00:00\" \/>\n<meta property=\"article:modified_time\" content=\"2024-09-23T11:53:32+00:00\" \/>\n<meta property=\"og:image\" content=\"https:\/\/teknologiateollisuus.fi\/skol\/wp-content\/uploads\/sites\/6\/2024\/09\/Vuoden-nuori-konsultti-2024-netti.png\" \/>\n\t<meta property=\"og:image:width\" content=\"537\" \/>\n\t<meta property=\"og:image:height\" content=\"350\" \/>\n\t<meta property=\"og:image:type\" content=\"image\/png\" \/>\n<meta name=\"author\" content=\"anastasia\" \/>\n<meta name=\"twitter:card\" content=\"summary_large_image\" \/>\n<meta name=\"twitter:label1\" content=\"Kirjoittanut\" \/>\n\t<meta name=\"twitter:data1\" content=\"anastasia\" \/>\n\t<meta name=\"twitter:label2\" content=\"Arvioitu lukuaika\" \/>\n\t<meta name=\"twitter:data2\" content=\"2 minuuttia\" \/>\n<script type=\"application\/ld+json\" class=\"yoast-schema-graph\">{\"@context\":\"https:\\\/\\\/schema.org\",\"@graph\":[{\"@type\":\"Article\",\"@id\":\"https:\\\/\\\/teknologiateollisuus.fi\\\/skol\\\/vuoden-nuori-konsultti-2024-kilpailun-esivalintaraati-on-tehnyt-valinnan-kilpailun-jatkoon-valituista-kilpailijoista\\\/#article\",\"isPartOf\":{\"@id\":\"https:\\\/\\\/teknologiateollisuus.fi\\\/skol\\\/vuoden-nuori-konsultti-2024-kilpailun-esivalintaraati-on-tehnyt-valinnan-kilpailun-jatkoon-valituista-kilpailijoista\\\/\"},\"author\":{\"name\":\"anastasia\",\"@id\":\"https:\\\/\\\/teknologiateollisuus.fi\\\/skol\\\/#\\\/schema\\\/person\\\/b9ad169bb516e1aab4b293a3a4fd4a8a\"},\"headline\":\"Vuoden nuori konsultti 2024-kilpailun esivalintaraati on tehnyt valinnan kilpailun jatkoon valituista kilpailijoista\",\"datePublished\":\"2024-09-10T12:11:13+00:00\",\"dateModified\":\"2024-09-23T11:53:32+00:00\",\"mainEntityOfPage\":{\"@id\":\"https:\\\/\\\/teknologiateollisuus.fi\\\/skol\\\/vuoden-nuori-konsultti-2024-kilpailun-esivalintaraati-on-tehnyt-valinnan-kilpailun-jatkoon-valituista-kilpailijoista\\\/\"},\"wordCount\":188,\"image\":{\"@id\":\"https:\\\/\\\/teknologiateollisuus.fi\\\/skol\\\/vuoden-nuori-konsultti-2024-kilpailun-esivalintaraati-on-tehnyt-valinnan-kilpailun-jatkoon-valituista-kilpailijoista\\\/#primaryimage\"},\"thumbnailUrl\":\"https:\\\/\\\/teknologiateollisuus.fi\\\/skol\\\/wp-content\\\/uploads\\\/sites\\\/6\\\/2024\\\/09\\\/Vuoden-nuori-konsultti-2024-netti.png\",\"articleSection\":[\"Uutinen\"],\"inLanguage\":\"fi\"},{\"@type\":\"WebPage\",\"@id\":\"https:\\\/\\\/teknologiateollisuus.fi\\\/skol\\\/vuoden-nuori-konsultti-2024-kilpailun-esivalintaraati-on-tehnyt-valinnan-kilpailun-jatkoon-valituista-kilpailijoista\\\/\",\"url\":\"https:\\\/\\\/teknologiateollisuus.fi\\\/skol\\\/vuoden-nuori-konsultti-2024-kilpailun-esivalintaraati-on-tehnyt-valinnan-kilpailun-jatkoon-valituista-kilpailijoista\\\/\",\"name\":\"Vuoden nuori konsultti 2024-kilpailun esivalintaraati on tehnyt valinnan kilpailun jatkoon valituista kilpailijoista - Skol\",\"isPartOf\":{\"@id\":\"https:\\\/\\\/teknologiateollisuus.fi\\\/skol\\\/#website\"},\"primaryImageOfPage\":{\"@id\":\"https:\\\/\\\/teknologiateollisuus.fi\\\/skol\\\/vuoden-nuori-konsultti-2024-kilpailun-esivalintaraati-on-tehnyt-valinnan-kilpailun-jatkoon-valituista-kilpailijoista\\\/#primaryimage\"},\"image\":{\"@id\":\"https:\\\/\\\/teknologiateollisuus.fi\\\/skol\\\/vuoden-nuori-konsultti-2024-kilpailun-esivalintaraati-on-tehnyt-valinnan-kilpailun-jatkoon-valituista-kilpailijoista\\\/#primaryimage\"},\"thumbnailUrl\":\"https:\\\/\\\/teknologiateollisuus.fi\\\/skol\\\/wp-content\\\/uploads\\\/sites\\\/6\\\/2024\\\/09\\\/Vuoden-nuori-konsultti-2024-netti.png\",\"datePublished\":\"2024-09-10T12:11:13+00:00\",\"dateModified\":\"2024-09-23T11:53:32+00:00\",\"author\":{\"@id\":\"https:\\\/\\\/teknologiateollisuus.fi\\\/skol\\\/#\\\/schema\\\/person\\\/b9ad169bb516e1aab4b293a3a4fd4a8a\"},\"breadcrumb\":{\"@id\":\"https:\\\/\\\/teknologiateollisuus.fi\\\/skol\\\/vuoden-nuori-konsultti-2024-kilpailun-esivalintaraati-on-tehnyt-valinnan-kilpailun-jatkoon-valituista-kilpailijoista\\\/#breadcrumb\"},\"inLanguage\":\"fi\",\"potentialAction\":[{\"@type\":\"ReadAction\",\"target\":[\"https:\\\/\\\/teknologiateollisuus.fi\\\/skol\\\/vuoden-nuori-konsultti-2024-kilpailun-esivalintaraati-on-tehnyt-valinnan-kilpailun-jatkoon-valituista-kilpailijoista\\\/\"]}]},{\"@type\":\"ImageObject\",\"inLanguage\":\"fi\",\"@id\":\"https:\\\/\\\/teknologiateollisuus.fi\\\/skol\\\/vuoden-nuori-konsultti-2024-kilpailun-esivalintaraati-on-tehnyt-valinnan-kilpailun-jatkoon-valituista-kilpailijoista\\\/#primaryimage\",\"url\":\"https:\\\/\\\/teknologiateollisuus.fi\\\/skol\\\/wp-content\\\/uploads\\\/sites\\\/6\\\/2024\\\/09\\\/Vuoden-nuori-konsultti-2024-netti.png\",\"contentUrl\":\"https:\\\/\\\/teknologiateollisuus.fi\\\/skol\\\/wp-content\\\/uploads\\\/sites\\\/6\\\/2024\\\/09\\\/Vuoden-nuori-konsultti-2024-netti.png\",\"width\":537,\"height\":350},{\"@type\":\"BreadcrumbList\",\"@id\":\"https:\\\/\\\/teknologiateollisuus.fi\\\/skol\\\/vuoden-nuori-konsultti-2024-kilpailun-esivalintaraati-on-tehnyt-valinnan-kilpailun-jatkoon-valituista-kilpailijoista\\\/#breadcrumb\",\"itemListElement\":[{\"@type\":\"ListItem\",\"position\":1,\"name\":\"Etusivu\",\"item\":\"https:\\\/\\\/teknologiateollisuus.fi\\\/skol\\\/\"},{\"@type\":\"ListItem\",\"position\":2,\"name\":\"Ajankohtaista\",\"item\":\"https:\\\/\\\/teknologiateollisuus.fi\\\/skol\\\/ajankohtaista\\\/\"},{\"@type\":\"ListItem\",\"position\":3,\"name\":\"Vuoden nuori konsultti 2024-kilpailun esivalintaraati on tehnyt valinnan kilpailun jatkoon valituista kilpailijoista\"}]},{\"@type\":\"WebSite\",\"@id\":\"https:\\\/\\\/teknologiateollisuus.fi\\\/skol\\\/#website\",\"url\":\"https:\\\/\\\/teknologiateollisuus.fi\\\/skol\\\/\",\"name\":\"Skol\",\"description\":\"\",\"potentialAction\":[{\"@type\":\"SearchAction\",\"target\":{\"@type\":\"EntryPoint\",\"urlTemplate\":\"https:\\\/\\\/teknologiateollisuus.fi\\\/skol\\\/?s={search_term_string}\"},\"query-input\":{\"@type\":\"PropertyValueSpecification\",\"valueRequired\":true,\"valueName\":\"search_term_string\"}}],\"inLanguage\":\"fi\"},{\"@type\":\"Person\",\"@id\":\"https:\\\/\\\/teknologiateollisuus.fi\\\/skol\\\/#\\\/schema\\\/person\\\/b9ad169bb516e1aab4b293a3a4fd4a8a\",\"name\":\"anastasia\",\"image\":{\"@type\":\"ImageObject\",\"inLanguage\":\"fi\",\"@id\":\"https:\\\/\\\/secure.gravatar.com\\\/avatar\\\/b56aad35ff6b088150fc2a037117af66d8bea974ca8c2b61bb6f980766050b97?s=96&d=mm&r=g\",\"url\":\"https:\\\/\\\/secure.gravatar.com\\\/avatar\\\/b56aad35ff6b088150fc2a037117af66d8bea974ca8c2b61bb6f980766050b97?s=96&d=mm&r=g\",\"contentUrl\":\"https:\\\/\\\/secure.gravatar.com\\\/avatar\\\/b56aad35ff6b088150fc2a037117af66d8bea974ca8c2b61bb6f980766050b97?s=96&d=mm&r=g\",\"caption\":\"anastasia\"}}]}<\/script>\n<!-- \/ Yoast SEO Premium plugin. -->","yoast_head_json":{"title":"Vuoden nuori konsultti 2024-kilpailun esivalintaraati on tehnyt valinnan kilpailun jatkoon valituista kilpailijoista - Skol","robots":{"index":"index","follow":"follow","max-snippet":"max-snippet:-1","max-image-preview":"max-image-preview:large","max-video-preview":"max-video-preview:-1"},"canonical":"https:\/\/teknologiateollisuus.fi\/skol\/vuoden-nuori-konsultti-2024-kilpailun-esivalintaraati-on-tehnyt-valinnan-kilpailun-jatkoon-valituista-kilpailijoista\/","og_locale":"fi_FI","og_type":"article","og_title":"Vuoden nuori konsultti 2024-kilpailun esivalintaraati on tehnyt valinnan kilpailun jatkoon valituista kilpailijoista","og_description":"Kilpailun esivalintaraati on tehnyt valinnan Vuoden nuori konsultti 2024-kilpailun jatkoon valituista kymmenest\u00e4 kilpailijasta. Kilpailun jatkoon valikoituivat Florencia Bigatti WSP Oy:lt\u00e4, Annika Gr\u00f6nvall Rambollilta, Vilma Juuj\u00e4rvi Granlundilta, Samu Kantola AFRY Finlandilta, Aino Lahnalampi Sweco Finlandilta, Pihla Kettula Rambollilta, Linnea M\u00e4kinen Sweco Finlandilta, Kia T\u00e4hk\u00e4nen, FCG:lt\u00e4, Markus T\u00f6lli A-insin\u00f6\u00f6reilt\u00e4, sek\u00e4 Vall\u00e9s Gen\u00eds Masjoan Elomaticilta.","og_url":"https:\/\/teknologiateollisuus.fi\/skol\/vuoden-nuori-konsultti-2024-kilpailun-esivalintaraati-on-tehnyt-valinnan-kilpailun-jatkoon-valituista-kilpailijoista\/","og_site_name":"Skol","article_published_time":"2024-09-10T12:11:13+00:00","article_modified_time":"2024-09-23T11:53:32+00:00","og_image":[{"width":537,"height":350,"url":"https:\/\/teknologiateollisuus.fi\/skol\/wp-content\/uploads\/sites\/6\/2024\/09\/Vuoden-nuori-konsultti-2024-netti.png","type":"image\/png"}],"author":"anastasia","twitter_card":"summary_large_image","twitter_misc":{"Kirjoittanut":"anastasia","Arvioitu lukuaika":"2 minuuttia"},"schema":{"@context":"https:\/\/schema.org","@graph":[{"@type":"Article","@id":"https:\/\/teknologiateollisuus.fi\/skol\/vuoden-nuori-konsultti-2024-kilpailun-esivalintaraati-on-tehnyt-valinnan-kilpailun-jatkoon-valituista-kilpailijoista\/#article","isPartOf":{"@id":"https:\/\/teknologiateollisuus.fi\/skol\/vuoden-nuori-konsultti-2024-kilpailun-esivalintaraati-on-tehnyt-valinnan-kilpailun-jatkoon-valituista-kilpailijoista\/"},"author":{"name":"anastasia","@id":"https:\/\/teknologiateollisuus.fi\/skol\/#\/schema\/person\/b9ad169bb516e1aab4b293a3a4fd4a8a"},"headline":"Vuoden nuori konsultti 2024-kilpailun esivalintaraati on tehnyt valinnan kilpailun jatkoon valituista kilpailijoista","datePublished":"2024-09-10T12:11:13+00:00","dateModified":"2024-09-23T11:53:32+00:00","mainEntityOfPage":{"@id":"https:\/\/teknologiateollisuus.fi\/skol\/vuoden-nuori-konsultti-2024-kilpailun-esivalintaraati-on-tehnyt-valinnan-kilpailun-jatkoon-valituista-kilpailijoista\/"},"wordCount":188,"image":{"@id":"https:\/\/teknologiateollisuus.fi\/skol\/vuoden-nuori-konsultti-2024-kilpailun-esivalintaraati-on-tehnyt-valinnan-kilpailun-jatkoon-valituista-kilpailijoista\/#primaryimage"},"thumbnailUrl":"https:\/\/teknologiateollisuus.fi\/skol\/wp-content\/uploads\/sites\/6\/2024\/09\/Vuoden-nuori-konsultti-2024-netti.png","articleSection":["Uutinen"],"inLanguage":"fi"},{"@type":"WebPage","@id":"https:\/\/teknologiateollisuus.fi\/skol\/vuoden-nuori-konsultti-2024-kilpailun-esivalintaraati-on-tehnyt-valinnan-kilpailun-jatkoon-valituista-kilpailijoista\/","url":"https:\/\/teknologiateollisuus.fi\/skol\/vuoden-nuori-konsultti-2024-kilpailun-esivalintaraati-on-tehnyt-valinnan-kilpailun-jatkoon-valituista-kilpailijoista\/","name":"Vuoden nuori konsultti 2024-kilpailun esivalintaraati on tehnyt valinnan kilpailun jatkoon valituista kilpailijoista - Skol","isPartOf":{"@id":"https:\/\/teknologiateollisuus.fi\/skol\/#website"},"primaryImageOfPage":{"@id":"https:\/\/teknologiateollisuus.fi\/skol\/vuoden-nuori-konsultti-2024-kilpailun-esivalintaraati-on-tehnyt-valinnan-kilpailun-jatkoon-valituista-kilpailijoista\/#primaryimage"},"image":{"@id":"https:\/\/teknologiateollisuus.fi\/skol\/vuoden-nuori-konsultti-2024-kilpailun-esivalintaraati-on-tehnyt-valinnan-kilpailun-jatkoon-valituista-kilpailijoista\/#primaryimage"},"thumbnailUrl":"https:\/\/teknologiateollisuus.fi\/skol\/wp-content\/uploads\/sites\/6\/2024\/09\/Vuoden-nuori-konsultti-2024-netti.png","datePublished":"2024-09-10T12:11:13+00:00","dateModified":"2024-09-23T11:53:32+00:00","author":{"@id":"https:\/\/teknologiateollisuus.fi\/skol\/#\/schema\/person\/b9ad169bb516e1aab4b293a3a4fd4a8a"},"breadcrumb":{"@id":"https:\/\/teknologiateollisuus.fi\/skol\/vuoden-nuori-konsultti-2024-kilpailun-esivalintaraati-on-tehnyt-valinnan-kilpailun-jatkoon-valituista-kilpailijoista\/#breadcrumb"},"inLanguage":"fi","potentialAction":[{"@type":"ReadAction","target":["https:\/\/teknologiateollisuus.fi\/skol\/vuoden-nuori-konsultti-2024-kilpailun-esivalintaraati-on-tehnyt-valinnan-kilpailun-jatkoon-valituista-kilpailijoista\/"]}]},{"@type":"ImageObject","inLanguage":"fi","@id":"https:\/\/teknologiateollisuus.fi\/skol\/vuoden-nuori-konsultti-2024-kilpailun-esivalintaraati-on-tehnyt-valinnan-kilpailun-jatkoon-valituista-kilpailijoista\/#primaryimage","url":"https:\/\/teknologiateollisuus.fi\/skol\/wp-content\/uploads\/sites\/6\/2024\/09\/Vuoden-nuori-konsultti-2024-netti.png","contentUrl":"https:\/\/teknologiateollisuus.fi\/skol\/wp-content\/uploads\/sites\/6\/2024\/09\/Vuoden-nuori-konsultti-2024-netti.png","width":537,"height":350},{"@type":"BreadcrumbList","@id":"https:\/\/teknologiateollisuus.fi\/skol\/vuoden-nuori-konsultti-2024-kilpailun-esivalintaraati-on-tehnyt-valinnan-kilpailun-jatkoon-valituista-kilpailijoista\/#breadcrumb","itemListElement":[{"@type":"ListItem","position":1,"name":"Etusivu","item":"https:\/\/teknologiateollisuus.fi\/skol\/"},{"@type":"ListItem","position":2,"name":"Ajankohtaista","item":"https:\/\/teknologiateollisuus.fi\/skol\/ajankohtaista\/"},{"@type":"ListItem","position":3,"name":"Vuoden nuori konsultti 2024-kilpailun esivalintaraati on tehnyt valinnan kilpailun jatkoon valituista kilpailijoista"}]},{"@type":"WebSite","@id":"https:\/\/teknologiateollisuus.fi\/skol\/#website","url":"https:\/\/teknologiateollisuus.fi\/skol\/","name":"Skol","description":"","potentialAction":[{"@type":"SearchAction","target":{"@type":"EntryPoint","urlTemplate":"https:\/\/teknologiateollisuus.fi\/skol\/?s={search_term_string}"},"query-input":{"@type":"PropertyValueSpecification","valueRequired":true,"valueName":"search_term_string"}}],"inLanguage":"fi"},{"@type":"Person","@id":"https:\/\/teknologiateollisuus.fi\/skol\/#\/schema\/person\/b9ad169bb516e1aab4b293a3a4fd4a8a","name":"anastasia","image":{"@type":"ImageObject","inLanguage":"fi","@id":"https:\/\/secure.gravatar.com\/avatar\/b56aad35ff6b088150fc2a037117af66d8bea974ca8c2b61bb6f980766050b97?s=96&d=mm&r=g","url":"https:\/\/secure.gravatar.com\/avatar\/b56aad35ff6b088150fc2a037117af66d8bea974ca8c2b61bb6f980766050b97?s=96&d=mm&r=g","contentUrl":"https:\/\/secure.gravatar.com\/avatar\/b56aad35ff6b088150fc2a037117af66d8bea974ca8c2b61bb6f980766050b97?s=96&d=mm&r=g","caption":"anastasia"}}]}},"lang":"fi","translations":{"fi":1667},"pll_sync_post":{},"_links":{"self":[{"href":"https:\/\/teknologiateollisuus.fi\/skol\/wp-json\/wp\/v2\/posts\/1667","targetHints":{"allow":["GET"]}}],"collection":[{"href":"https:\/\/teknologiateollisuus.fi\/skol\/wp-json\/wp\/v2\/posts"}],"about":[{"href":"https:\/\/teknologiateollisuus.fi\/skol\/wp-json\/wp\/v2\/types\/post"}],"author":[{"embeddable":true,"href":"https:\/\/teknologiateollisuus.fi\/skol\/wp-json\/wp\/v2\/users\/50"}],"replies":[{"embeddable":true,"href":"https:\/\/teknologiateollisuus.fi\/skol\/wp-json\/wp\/v2\/comments?post=1667"}],"version-history":[{"count":1,"href":"https:\/\/teknologiateollisuus.fi\/skol\/wp-json\/wp\/v2\/posts\/1667\/revisions"}],"predecessor-version":[{"id":1669,"href":"https:\/\/teknologiateollisuus.fi\/skol\/wp-json\/wp\/v2\/posts\/1667\/revisions\/1669"}],"wp:featuredmedia":[{"embeddable":true,"href":"https:\/\/teknologiateollisuus.fi\/skol\/wp-json\/wp\/v2\/media\/1791"}],"wp:attachment":[{"href":"https:\/\/teknologiateollisuus.fi\/skol\/wp-json\/wp\/v2\/media?parent=1667"}],"wp:term":[{"taxonomy":"category","embeddable":true,"href":"https:\/\/teknologiateollisuus.fi\/skol\/wp-json\/wp\/v2\/categories?post=1667"},{"taxonomy":"post_tag","embeddable":true,"href":"https:\/\/teknologiateollisuus.fi\/skol\/wp-json\/wp\/v2\/tags?post=1667"},{"taxonomy":"em_industry","embeddable":true,"href":"https:\/\/teknologiateollisuus.fi\/skol\/wp-json\/wp\/v2\/em_industry?post=1667"},{"taxonomy":"em_theme","embeddable":true,"href":"https:\/\/teknologiateollisuus.fi\/skol\/wp-json\/wp\/v2\/em_theme?post=1667"}],"curies":[{"name":"wp","href":"https:\/\/api.w.org\/{rel}","templated":true}]}}