{"id":2281,"date":"2024-12-04T13:11:11","date_gmt":"2024-12-04T11:11:11","guid":{"rendered":"https:\/\/teknologiateollisuus.fi\/skol\/?p=2281"},"modified":"2024-12-04T13:11:12","modified_gmt":"2024-12-04T11:11:12","slug":"skolin-syyskokous-paatti-vuoden-2025-toiminnasta-ja-valitsi-uuden-hallituksen","status":"publish","type":"post","link":"https:\/\/teknologiateollisuus.fi\/skol\/skolin-syyskokous-paatti-vuoden-2025-toiminnasta-ja-valitsi-uuden-hallituksen\/","title":{"rendered":"SKOLin syyskokous p\u00e4\u00e4tti vuoden 2025 toiminnasta ja valitsi uuden hallituksen\u00a0"},"content":{"rendered":"\n<p>SKOLin 29.11 pidetyss\u00e4 syyskokouksessa vahvistettiin liiton toimintasuunnitelma ja valittiin j\u00e4senet hallitukseen vuodelle 2025.<\/p>\n\n\n\n<p>SKOLin vuoden 2025 toiminnan p\u00e4\u00e4teemana on ty\u00f6el\u00e4m\u00e4n kehitt\u00e4minen ja alan vetovoimaty\u00f6. My\u00f6s kehityshankkeisiin, eurokoodien laskentapohjien uudistamiseen ja uuden rakentamislain muutosten vaikutuksiin alalla k\u00e4yt\u00f6ss\u00e4 oleviin ty\u00f6kaluihin panostetaan vahvasti.<\/p>\n\n\n\n<p>Hallituksessa jatkavat puheenjohtaja <strong>Maija Jokela <\/strong>Rambollista, varapuheenjohtajat <strong>Thomas Hietto<\/strong> Swecolta <strong>Tuukka Sormunen<\/strong> AFRYlta sek\u00e4 j\u00e4senet <strong>Heikki Haasmaa <\/strong>Sitowiselta, <strong>Kari Kauniskangas<\/strong> A-Insin\u00f6\u00f6reilt\u00e4, <strong>Janne Ketola<\/strong> HTJ:lta ja <strong>Tom Lind <\/strong>Elomaticilta. Uusiksi j\u00e4seniksi valittiin <strong>Tytti Bruce-Hyrk\u00e4s<\/strong> Granlundilta, <strong>Jukka Nieminen <\/strong>Fimpecilt\u00e4 ja <strong>Susanna Sucksdorff<\/strong> Tengbomilta.<\/p>\n","protected":false},"excerpt":{"rendered":"<p>SKOLin 29.11 pidetyss\u00e4 syyskokouksessa vahvistettiin liiton toimintasuunnitelma ja valittiin j\u00e4senet hallitukseen vuodelle 2025. SKOLin vuoden 2025 toiminnan p\u00e4\u00e4teemana on ty\u00f6el\u00e4m\u00e4n kehitt\u00e4minen ja alan vetovoimaty\u00f6. My\u00f6s kehityshankkeisiin, eurokoodien laskentapohjien uudistamiseen ja uuden rakentamislain muutosten vaikutuksiin alalla k\u00e4yt\u00f6ss\u00e4 oleviin ty\u00f6kaluihin panostetaan vahvasti. Hallituksessa jatkavat puheenjohtaja Maija Jokela Rambollista, varapuheenjohtajat Thomas Hietto Swecolta Tuukka Sormunen AFRYlta sek\u00e4 j\u00e4senet [&hellip;]<\/p>\n","protected":false},"author":50,"featured_media":1934,"comment_status":"closed","ping_status":"closed","sticky":false,"template":"","format":"standard","meta":{"_acf_changed":false,"_relevanssi_hide_post":"","_relevanssi_hide_content":"","_relevanssi_pin_for_all":"","_relevanssi_pin_keywords":"","_relevanssi_unpin_keywords":"","_relevanssi_related_keywords":"","_relevanssi_related_include_ids":"","_relevanssi_related_exclude_ids":"","_relevanssi_related_no_append":"","_relevanssi_related_not_related":"","_relevanssi_related_posts":"1727,546,1211,739,1699,1236","_relevanssi_noindex_reason":"","inline_featured_image":false,"footnotes":""},"categories":[14],"tags":[],"em_industry":[],"em_theme":[],"class_list":["post-2281","post","type-post","status-publish","format-standard","has-post-thumbnail","hentry","category-uutinen"],"acf":[],"yoast_head":"<!-- This site is optimized with the Yoast SEO Premium plugin v27.1 (Yoast SEO v27.5) - https:\/\/yoast.com\/product\/yoast-seo-premium-wordpress\/ -->\n<title>SKOLin syyskokous p\u00e4\u00e4tti vuoden 2025 toiminnasta ja valitsi uuden hallituksen\u00a0 - Skol<\/title>\n<meta name=\"robots\" content=\"index, follow, max-snippet:-1, max-image-preview:large, max-video-preview:-1\" \/>\n<link rel=\"canonical\" href=\"https:\/\/teknologiateollisuus.fi\/skol\/skolin-syyskokous-paatti-vuoden-2025-toiminnasta-ja-valitsi-uuden-hallituksen\/\" \/>\n<meta property=\"og:locale\" content=\"fi_FI\" \/>\n<meta property=\"og:type\" content=\"article\" \/>\n<meta property=\"og:title\" content=\"SKOLin syyskokous p\u00e4\u00e4tti vuoden 2025 toiminnasta ja valitsi uuden hallituksen\u00a0\" \/>\n<meta property=\"og:description\" content=\"SKOLin 29.11 pidetyss\u00e4 syyskokouksessa vahvistettiin liiton toimintasuunnitelma ja valittiin j\u00e4senet hallitukseen vuodelle 2025. SKOLin vuoden 2025 toiminnan p\u00e4\u00e4teemana on ty\u00f6el\u00e4m\u00e4n kehitt\u00e4minen ja alan vetovoimaty\u00f6. My\u00f6s kehityshankkeisiin, eurokoodien laskentapohjien uudistamiseen ja uuden rakentamislain muutosten vaikutuksiin alalla k\u00e4yt\u00f6ss\u00e4 oleviin ty\u00f6kaluihin panostetaan vahvasti. Hallituksessa jatkavat puheenjohtaja Maija Jokela Rambollista, varapuheenjohtajat Thomas Hietto Swecolta Tuukka Sormunen AFRYlta sek\u00e4 j\u00e4senet [&hellip;]\" \/>\n<meta property=\"og:url\" content=\"https:\/\/teknologiateollisuus.fi\/skol\/skolin-syyskokous-paatti-vuoden-2025-toiminnasta-ja-valitsi-uuden-hallituksen\/\" \/>\n<meta property=\"og:site_name\" content=\"Skol\" \/>\n<meta property=\"article:published_time\" content=\"2024-12-04T11:11:11+00:00\" \/>\n<meta property=\"article:modified_time\" content=\"2024-12-04T11:11:12+00:00\" \/>\n<meta property=\"og:image\" content=\"https:\/\/teknologiateollisuus.fi\/skol\/wp-content\/uploads\/sites\/6\/2024\/09\/notebook-2606735_1920-e1733310604722.jpg\" \/>\n\t<meta property=\"og:image:width\" content=\"900\" \/>\n\t<meta property=\"og:image:height\" content=\"600\" \/>\n\t<meta property=\"og:image:type\" content=\"image\/jpeg\" \/>\n<meta name=\"author\" content=\"anastasia\" \/>\n<meta name=\"twitter:card\" content=\"summary_large_image\" \/>\n<meta name=\"twitter:label1\" content=\"Kirjoittanut\" \/>\n\t<meta name=\"twitter:data1\" content=\"anastasia\" \/>\n\t<meta name=\"twitter:label2\" content=\"Arvioitu lukuaika\" \/>\n\t<meta name=\"twitter:data2\" content=\"1 minuutti\" \/>\n<script type=\"application\/ld+json\" class=\"yoast-schema-graph\">{\"@context\":\"https:\\\/\\\/schema.org\",\"@graph\":[{\"@type\":\"Article\",\"@id\":\"https:\\\/\\\/teknologiateollisuus.fi\\\/skol\\\/skolin-syyskokous-paatti-vuoden-2025-toiminnasta-ja-valitsi-uuden-hallituksen\\\/#article\",\"isPartOf\":{\"@id\":\"https:\\\/\\\/teknologiateollisuus.fi\\\/skol\\\/skolin-syyskokous-paatti-vuoden-2025-toiminnasta-ja-valitsi-uuden-hallituksen\\\/\"},\"author\":{\"name\":\"anastasia\",\"@id\":\"https:\\\/\\\/teknologiateollisuus.fi\\\/skol\\\/#\\\/schema\\\/person\\\/b9ad169bb516e1aab4b293a3a4fd4a8a\"},\"headline\":\"SKOLin syyskokous p\u00e4\u00e4tti vuoden 2025 toiminnasta ja valitsi uuden hallituksen\u00a0\",\"datePublished\":\"2024-12-04T11:11:11+00:00\",\"dateModified\":\"2024-12-04T11:11:12+00:00\",\"mainEntityOfPage\":{\"@id\":\"https:\\\/\\\/teknologiateollisuus.fi\\\/skol\\\/skolin-syyskokous-paatti-vuoden-2025-toiminnasta-ja-valitsi-uuden-hallituksen\\\/\"},\"wordCount\":103,\"image\":{\"@id\":\"https:\\\/\\\/teknologiateollisuus.fi\\\/skol\\\/skolin-syyskokous-paatti-vuoden-2025-toiminnasta-ja-valitsi-uuden-hallituksen\\\/#primaryimage\"},\"thumbnailUrl\":\"https:\\\/\\\/teknologiateollisuus.fi\\\/skol\\\/wp-content\\\/uploads\\\/sites\\\/6\\\/2024\\\/09\\\/notebook-2606735_1920-e1733310604722.jpg\",\"articleSection\":[\"Uutinen\"],\"inLanguage\":\"fi\"},{\"@type\":\"WebPage\",\"@id\":\"https:\\\/\\\/teknologiateollisuus.fi\\\/skol\\\/skolin-syyskokous-paatti-vuoden-2025-toiminnasta-ja-valitsi-uuden-hallituksen\\\/\",\"url\":\"https:\\\/\\\/teknologiateollisuus.fi\\\/skol\\\/skolin-syyskokous-paatti-vuoden-2025-toiminnasta-ja-valitsi-uuden-hallituksen\\\/\",\"name\":\"SKOLin syyskokous p\u00e4\u00e4tti vuoden 2025 toiminnasta ja valitsi uuden hallituksen\u00a0 - Skol\",\"isPartOf\":{\"@id\":\"https:\\\/\\\/teknologiateollisuus.fi\\\/skol\\\/#website\"},\"primaryImageOfPage\":{\"@id\":\"https:\\\/\\\/teknologiateollisuus.fi\\\/skol\\\/skolin-syyskokous-paatti-vuoden-2025-toiminnasta-ja-valitsi-uuden-hallituksen\\\/#primaryimage\"},\"image\":{\"@id\":\"https:\\\/\\\/teknologiateollisuus.fi\\\/skol\\\/skolin-syyskokous-paatti-vuoden-2025-toiminnasta-ja-valitsi-uuden-hallituksen\\\/#primaryimage\"},\"thumbnailUrl\":\"https:\\\/\\\/teknologiateollisuus.fi\\\/skol\\\/wp-content\\\/uploads\\\/sites\\\/6\\\/2024\\\/09\\\/notebook-2606735_1920-e1733310604722.jpg\",\"datePublished\":\"2024-12-04T11:11:11+00:00\",\"dateModified\":\"2024-12-04T11:11:12+00:00\",\"author\":{\"@id\":\"https:\\\/\\\/teknologiateollisuus.fi\\\/skol\\\/#\\\/schema\\\/person\\\/b9ad169bb516e1aab4b293a3a4fd4a8a\"},\"breadcrumb\":{\"@id\":\"https:\\\/\\\/teknologiateollisuus.fi\\\/skol\\\/skolin-syyskokous-paatti-vuoden-2025-toiminnasta-ja-valitsi-uuden-hallituksen\\\/#breadcrumb\"},\"inLanguage\":\"fi\",\"potentialAction\":[{\"@type\":\"ReadAction\",\"target\":[\"https:\\\/\\\/teknologiateollisuus.fi\\\/skol\\\/skolin-syyskokous-paatti-vuoden-2025-toiminnasta-ja-valitsi-uuden-hallituksen\\\/\"]}]},{\"@type\":\"ImageObject\",\"inLanguage\":\"fi\",\"@id\":\"https:\\\/\\\/teknologiateollisuus.fi\\\/skol\\\/skolin-syyskokous-paatti-vuoden-2025-toiminnasta-ja-valitsi-uuden-hallituksen\\\/#primaryimage\",\"url\":\"https:\\\/\\\/teknologiateollisuus.fi\\\/skol\\\/wp-content\\\/uploads\\\/sites\\\/6\\\/2024\\\/09\\\/notebook-2606735_1920-e1733310604722.jpg\",\"contentUrl\":\"https:\\\/\\\/teknologiateollisuus.fi\\\/skol\\\/wp-content\\\/uploads\\\/sites\\\/6\\\/2024\\\/09\\\/notebook-2606735_1920-e1733310604722.jpg\",\"width\":900,\"height\":600},{\"@type\":\"BreadcrumbList\",\"@id\":\"https:\\\/\\\/teknologiateollisuus.fi\\\/skol\\\/skolin-syyskokous-paatti-vuoden-2025-toiminnasta-ja-valitsi-uuden-hallituksen\\\/#breadcrumb\",\"itemListElement\":[{\"@type\":\"ListItem\",\"position\":1,\"name\":\"Etusivu\",\"item\":\"https:\\\/\\\/teknologiateollisuus.fi\\\/skol\\\/\"},{\"@type\":\"ListItem\",\"position\":2,\"name\":\"Ajankohtaista\",\"item\":\"https:\\\/\\\/teknologiateollisuus.fi\\\/skol\\\/ajankohtaista\\\/\"},{\"@type\":\"ListItem\",\"position\":3,\"name\":\"SKOLin syyskokous p\u00e4\u00e4tti vuoden 2025 toiminnasta ja valitsi uuden hallituksen\u00a0\"}]},{\"@type\":\"WebSite\",\"@id\":\"https:\\\/\\\/teknologiateollisuus.fi\\\/skol\\\/#website\",\"url\":\"https:\\\/\\\/teknologiateollisuus.fi\\\/skol\\\/\",\"name\":\"Skol\",\"description\":\"\",\"potentialAction\":[{\"@type\":\"SearchAction\",\"target\":{\"@type\":\"EntryPoint\",\"urlTemplate\":\"https:\\\/\\\/teknologiateollisuus.fi\\\/skol\\\/?s={search_term_string}\"},\"query-input\":{\"@type\":\"PropertyValueSpecification\",\"valueRequired\":true,\"valueName\":\"search_term_string\"}}],\"inLanguage\":\"fi\"},{\"@type\":\"Person\",\"@id\":\"https:\\\/\\\/teknologiateollisuus.fi\\\/skol\\\/#\\\/schema\\\/person\\\/b9ad169bb516e1aab4b293a3a4fd4a8a\",\"name\":\"anastasia\",\"image\":{\"@type\":\"ImageObject\",\"inLanguage\":\"fi\",\"@id\":\"https:\\\/\\\/secure.gravatar.com\\\/avatar\\\/b56aad35ff6b088150fc2a037117af66d8bea974ca8c2b61bb6f980766050b97?s=96&d=mm&r=g\",\"url\":\"https:\\\/\\\/secure.gravatar.com\\\/avatar\\\/b56aad35ff6b088150fc2a037117af66d8bea974ca8c2b61bb6f980766050b97?s=96&d=mm&r=g\",\"contentUrl\":\"https:\\\/\\\/secure.gravatar.com\\\/avatar\\\/b56aad35ff6b088150fc2a037117af66d8bea974ca8c2b61bb6f980766050b97?s=96&d=mm&r=g\",\"caption\":\"anastasia\"}}]}<\/script>\n<!-- \/ Yoast SEO Premium plugin. -->","yoast_head_json":{"title":"SKOLin syyskokous p\u00e4\u00e4tti vuoden 2025 toiminnasta ja valitsi uuden hallituksen\u00a0 - Skol","robots":{"index":"index","follow":"follow","max-snippet":"max-snippet:-1","max-image-preview":"max-image-preview:large","max-video-preview":"max-video-preview:-1"},"canonical":"https:\/\/teknologiateollisuus.fi\/skol\/skolin-syyskokous-paatti-vuoden-2025-toiminnasta-ja-valitsi-uuden-hallituksen\/","og_locale":"fi_FI","og_type":"article","og_title":"SKOLin syyskokous p\u00e4\u00e4tti vuoden 2025 toiminnasta ja valitsi uuden hallituksen\u00a0","og_description":"SKOLin 29.11 pidetyss\u00e4 syyskokouksessa vahvistettiin liiton toimintasuunnitelma ja valittiin j\u00e4senet hallitukseen vuodelle 2025. SKOLin vuoden 2025 toiminnan p\u00e4\u00e4teemana on ty\u00f6el\u00e4m\u00e4n kehitt\u00e4minen ja alan vetovoimaty\u00f6. My\u00f6s kehityshankkeisiin, eurokoodien laskentapohjien uudistamiseen ja uuden rakentamislain muutosten vaikutuksiin alalla k\u00e4yt\u00f6ss\u00e4 oleviin ty\u00f6kaluihin panostetaan vahvasti. Hallituksessa jatkavat puheenjohtaja Maija Jokela Rambollista, varapuheenjohtajat Thomas Hietto Swecolta Tuukka Sormunen AFRYlta sek\u00e4 j\u00e4senet [&hellip;]","og_url":"https:\/\/teknologiateollisuus.fi\/skol\/skolin-syyskokous-paatti-vuoden-2025-toiminnasta-ja-valitsi-uuden-hallituksen\/","og_site_name":"Skol","article_published_time":"2024-12-04T11:11:11+00:00","article_modified_time":"2024-12-04T11:11:12+00:00","og_image":[{"width":900,"height":600,"url":"https:\/\/teknologiateollisuus.fi\/skol\/wp-content\/uploads\/sites\/6\/2024\/09\/notebook-2606735_1920-e1733310604722.jpg","type":"image\/jpeg"}],"author":"anastasia","twitter_card":"summary_large_image","twitter_misc":{"Kirjoittanut":"anastasia","Arvioitu lukuaika":"1 minuutti"},"schema":{"@context":"https:\/\/schema.org","@graph":[{"@type":"Article","@id":"https:\/\/teknologiateollisuus.fi\/skol\/skolin-syyskokous-paatti-vuoden-2025-toiminnasta-ja-valitsi-uuden-hallituksen\/#article","isPartOf":{"@id":"https:\/\/teknologiateollisuus.fi\/skol\/skolin-syyskokous-paatti-vuoden-2025-toiminnasta-ja-valitsi-uuden-hallituksen\/"},"author":{"name":"anastasia","@id":"https:\/\/teknologiateollisuus.fi\/skol\/#\/schema\/person\/b9ad169bb516e1aab4b293a3a4fd4a8a"},"headline":"SKOLin syyskokous p\u00e4\u00e4tti vuoden 2025 toiminnasta ja valitsi uuden hallituksen\u00a0","datePublished":"2024-12-04T11:11:11+00:00","dateModified":"2024-12-04T11:11:12+00:00","mainEntityOfPage":{"@id":"https:\/\/teknologiateollisuus.fi\/skol\/skolin-syyskokous-paatti-vuoden-2025-toiminnasta-ja-valitsi-uuden-hallituksen\/"},"wordCount":103,"image":{"@id":"https:\/\/teknologiateollisuus.fi\/skol\/skolin-syyskokous-paatti-vuoden-2025-toiminnasta-ja-valitsi-uuden-hallituksen\/#primaryimage"},"thumbnailUrl":"https:\/\/teknologiateollisuus.fi\/skol\/wp-content\/uploads\/sites\/6\/2024\/09\/notebook-2606735_1920-e1733310604722.jpg","articleSection":["Uutinen"],"inLanguage":"fi"},{"@type":"WebPage","@id":"https:\/\/teknologiateollisuus.fi\/skol\/skolin-syyskokous-paatti-vuoden-2025-toiminnasta-ja-valitsi-uuden-hallituksen\/","url":"https:\/\/teknologiateollisuus.fi\/skol\/skolin-syyskokous-paatti-vuoden-2025-toiminnasta-ja-valitsi-uuden-hallituksen\/","name":"SKOLin syyskokous p\u00e4\u00e4tti vuoden 2025 toiminnasta ja valitsi uuden hallituksen\u00a0 - Skol","isPartOf":{"@id":"https:\/\/teknologiateollisuus.fi\/skol\/#website"},"primaryImageOfPage":{"@id":"https:\/\/teknologiateollisuus.fi\/skol\/skolin-syyskokous-paatti-vuoden-2025-toiminnasta-ja-valitsi-uuden-hallituksen\/#primaryimage"},"image":{"@id":"https:\/\/teknologiateollisuus.fi\/skol\/skolin-syyskokous-paatti-vuoden-2025-toiminnasta-ja-valitsi-uuden-hallituksen\/#primaryimage"},"thumbnailUrl":"https:\/\/teknologiateollisuus.fi\/skol\/wp-content\/uploads\/sites\/6\/2024\/09\/notebook-2606735_1920-e1733310604722.jpg","datePublished":"2024-12-04T11:11:11+00:00","dateModified":"2024-12-04T11:11:12+00:00","author":{"@id":"https:\/\/teknologiateollisuus.fi\/skol\/#\/schema\/person\/b9ad169bb516e1aab4b293a3a4fd4a8a"},"breadcrumb":{"@id":"https:\/\/teknologiateollisuus.fi\/skol\/skolin-syyskokous-paatti-vuoden-2025-toiminnasta-ja-valitsi-uuden-hallituksen\/#breadcrumb"},"inLanguage":"fi","potentialAction":[{"@type":"ReadAction","target":["https:\/\/teknologiateollisuus.fi\/skol\/skolin-syyskokous-paatti-vuoden-2025-toiminnasta-ja-valitsi-uuden-hallituksen\/"]}]},{"@type":"ImageObject","inLanguage":"fi","@id":"https:\/\/teknologiateollisuus.fi\/skol\/skolin-syyskokous-paatti-vuoden-2025-toiminnasta-ja-valitsi-uuden-hallituksen\/#primaryimage","url":"https:\/\/teknologiateollisuus.fi\/skol\/wp-content\/uploads\/sites\/6\/2024\/09\/notebook-2606735_1920-e1733310604722.jpg","contentUrl":"https:\/\/teknologiateollisuus.fi\/skol\/wp-content\/uploads\/sites\/6\/2024\/09\/notebook-2606735_1920-e1733310604722.jpg","width":900,"height":600},{"@type":"BreadcrumbList","@id":"https:\/\/teknologiateollisuus.fi\/skol\/skolin-syyskokous-paatti-vuoden-2025-toiminnasta-ja-valitsi-uuden-hallituksen\/#breadcrumb","itemListElement":[{"@type":"ListItem","position":1,"name":"Etusivu","item":"https:\/\/teknologiateollisuus.fi\/skol\/"},{"@type":"ListItem","position":2,"name":"Ajankohtaista","item":"https:\/\/teknologiateollisuus.fi\/skol\/ajankohtaista\/"},{"@type":"ListItem","position":3,"name":"SKOLin syyskokous p\u00e4\u00e4tti vuoden 2025 toiminnasta ja valitsi uuden hallituksen\u00a0"}]},{"@type":"WebSite","@id":"https:\/\/teknologiateollisuus.fi\/skol\/#website","url":"https:\/\/teknologiateollisuus.fi\/skol\/","name":"Skol","description":"","potentialAction":[{"@type":"SearchAction","target":{"@type":"EntryPoint","urlTemplate":"https:\/\/teknologiateollisuus.fi\/skol\/?s={search_term_string}"},"query-input":{"@type":"PropertyValueSpecification","valueRequired":true,"valueName":"search_term_string"}}],"inLanguage":"fi"},{"@type":"Person","@id":"https:\/\/teknologiateollisuus.fi\/skol\/#\/schema\/person\/b9ad169bb516e1aab4b293a3a4fd4a8a","name":"anastasia","image":{"@type":"ImageObject","inLanguage":"fi","@id":"https:\/\/secure.gravatar.com\/avatar\/b56aad35ff6b088150fc2a037117af66d8bea974ca8c2b61bb6f980766050b97?s=96&d=mm&r=g","url":"https:\/\/secure.gravatar.com\/avatar\/b56aad35ff6b088150fc2a037117af66d8bea974ca8c2b61bb6f980766050b97?s=96&d=mm&r=g","contentUrl":"https:\/\/secure.gravatar.com\/avatar\/b56aad35ff6b088150fc2a037117af66d8bea974ca8c2b61bb6f980766050b97?s=96&d=mm&r=g","caption":"anastasia"}}]}},"lang":"fi","translations":{"fi":2281},"pll_sync_post":{},"_links":{"self":[{"href":"https:\/\/teknologiateollisuus.fi\/skol\/wp-json\/wp\/v2\/posts\/2281","targetHints":{"allow":["GET"]}}],"collection":[{"href":"https:\/\/teknologiateollisuus.fi\/skol\/wp-json\/wp\/v2\/posts"}],"about":[{"href":"https:\/\/teknologiateollisuus.fi\/skol\/wp-json\/wp\/v2\/types\/post"}],"author":[{"embeddable":true,"href":"https:\/\/teknologiateollisuus.fi\/skol\/wp-json\/wp\/v2\/users\/50"}],"replies":[{"embeddable":true,"href":"https:\/\/teknologiateollisuus.fi\/skol\/wp-json\/wp\/v2\/comments?post=2281"}],"version-history":[{"count":4,"href":"https:\/\/teknologiateollisuus.fi\/skol\/wp-json\/wp\/v2\/posts\/2281\/revisions"}],"predecessor-version":[{"id":2285,"href":"https:\/\/teknologiateollisuus.fi\/skol\/wp-json\/wp\/v2\/posts\/2281\/revisions\/2285"}],"wp:featuredmedia":[{"embeddable":true,"href":"https:\/\/teknologiateollisuus.fi\/skol\/wp-json\/wp\/v2\/media\/1934"}],"wp:attachment":[{"href":"https:\/\/teknologiateollisuus.fi\/skol\/wp-json\/wp\/v2\/media?parent=2281"}],"wp:term":[{"taxonomy":"category","embeddable":true,"href":"https:\/\/teknologiateollisuus.fi\/skol\/wp-json\/wp\/v2\/categories?post=2281"},{"taxonomy":"post_tag","embeddable":true,"href":"https:\/\/teknologiateollisuus.fi\/skol\/wp-json\/wp\/v2\/tags?post=2281"},{"taxonomy":"em_industry","embeddable":true,"href":"https:\/\/teknologiateollisuus.fi\/skol\/wp-json\/wp\/v2\/em_industry?post=2281"},{"taxonomy":"em_theme","embeddable":true,"href":"https:\/\/teknologiateollisuus.fi\/skol\/wp-json\/wp\/v2\/em_theme?post=2281"}],"curies":[{"name":"wp","href":"https:\/\/api.w.org\/{rel}","templated":true}]}}