{"id":2407,"date":"2024-12-20T12:51:20","date_gmt":"2024-12-20T10:51:20","guid":{"rendered":"https:\/\/teknologiateollisuus.fi\/skol\/?p=2407"},"modified":"2025-04-25T13:31:40","modified_gmt":"2025-04-25T10:31:40","slug":"kira-alya-ai-suunnitelmatyokalun-lanseeraustilaisuus-28-1-2025","status":"publish","type":"post","link":"https:\/\/teknologiateollisuus.fi\/skol\/kira-alya-ai-suunnitelmatyokalun-lanseeraustilaisuus-28-1-2025\/","title":{"rendered":"KIRA-\u00e4ly\u00e4 \u2013 AI-suunnitelmaty\u00f6kalun lanseeraustilaisuus 28.1.2025"},"content":{"rendered":"\n<p><strong>Aika: 28.1.2025 klo 9-10:30<\/strong><\/p>\n\n\n\n<p><strong>Paikka: Lapinlahdenkatu 16 + Teams<\/strong><\/p>\n\n\n\n<p>Ty\u00f6kalu ja tukea organisaatiosi AI-kyvykkyyden nostamiseen, tervetuloa KIRA-\u00e4ly\u00e4 -haasteen lanseeraukseen!<\/p>\n\n\n\n<p>Teko\u00e4lyn laajalla k\u00e4ytt\u00f6\u00f6notolla nostamme yhdess\u00e4 kiinteist\u00f6- ja rakennusalan tuottavuutta ja vahvistamme sek\u00e4 luomme uutta liiketoimintaa. Mutta:<\/p>\n\n\n\n<ul class=\"wp-block-list\">\n<li><em>Mit\u00e4 ja miten AI-kyvykyytt\u00e4 tulisi nostaa?<\/em><\/li>\n\n\n\n<li><em>Miten tunnistetaan tarvittava data?<\/em><\/li>\n\n\n\n<li><em>Miten AI valjastetaan yrityksen prosessien tehostamiseksi?<\/em><\/li>\n\n\n\n<li><em>Miten AI voi tukea asiakasprosesseja sek\u00e4 tuote- ja palvelukehityst\u00e4?<\/em><\/li>\n<\/ul>\n\n\n\n<p>Tule mukaan KIRA-\u00e4ly\u00e4 haasteeseen k\u00e4ytt\u00f6\u00f6nottamalla KIRA-\u00e4ly\u00e4 ty\u00f6kalu! T\u00e4m\u00e4 on maksuton ty\u00f6kalu, joka:<\/p>\n\n\n\n<ol class=\"wp-block-list\">\n<li>Tukee organisaatiosi oman AI-suunnitelman laatimisessa<\/li>\n\n\n\n<li>Kokoaa olemassa olevat maksuttomat ty\u00f6kalut AI:n k\u00e4yt\u00f6n tueksi<\/li>\n\n\n\n<li>Tarjoaa konkreettisia esimerkkej\u00e4 alan organisaatioiden teko\u00e4lyn k\u00e4yt\u00f6st\u00e4<\/li>\n<\/ol>\n\n\n\n<p><strong>Tilaisuuden ohjelma<\/strong><\/p>\n\n\n\n<ul class=\"wp-block-list\">\n<li>Tiedot key note puhujista p\u00e4ivitet\u00e4\u00e4n pian<\/li>\n\n\n\n<li>Kutsu KIRA-\u00e4ly\u00e4 haasteeseen:\n<ul class=\"wp-block-list\">\n<li>Ty\u00f6kalu AI-suunnitelman ja kyvykyyden nostamiseksi<\/li>\n\n\n\n<li>KIRA-\u00e4ly\u00e4 -verkostotapaamiset<\/li>\n<\/ul>\n<\/li>\n<\/ul>\n\n\n\n<p>Perusta KIRA-\u00e4ly\u00e4 ty\u00f6kalulle on laadittu alan yhteisiss\u00e4 avoimissa ty\u00f6pajoissa syksyn 2024 aikana.<\/p>\n\n\n\n<p>Tilaisuuteen voi osallistua paikan p\u00e4\u00e4ll\u00e4 Maria 01:ss\u00e4 ja et\u00e4yhteydell\u00e4. Muistathan ilmoittautua, kummalla tavalla osallistut.<\/p>\n\n\n\n<p>KIRA-\u00e4ly\u00e4 ty\u00f6kalun tarjoavat&nbsp;<a href=\"http:\/\/www.kirakasvuohjelma.fi\/\">KIRA-kasvuohjelma<\/a>,&nbsp;<a href=\"http:\/\/www.kirahub.org\/\">KIRAHub<\/a>&nbsp;ja&nbsp;<a href=\"http:\/\/www.kirafoorumi.fi\/\">KIRA-foorumi<\/a>.<\/p>\n\n\n\n<div class=\"wp-block-buttons is-layout-flex wp-block-buttons-is-layout-flex\">\n<div class=\"wp-block-button  icon-right\"><a class=\"wp-block-button__link wp-element-button\" href=\"https:\/\/kirafoorumi.fi\/event\/kehitetaan-yhdessa-kira-alya-ai-suunnitelmatyokalun-lanseeraus\/\">Lue lis\u00e4\u00e4 ja ilmoittaudu t\u00e4st\u00e4<\/a><\/div>\n<\/div>\n\n\n\n<p><\/p>\n","protected":false},"excerpt":{"rendered":"<p>Aika: 28.1.2025 klo 9-10:30 Paikka: Lapinlahdenkatu 16 + Teams Ty\u00f6kalu ja tukea organisaatiosi AI-kyvykkyyden nostamiseen, tervetuloa KIRA-\u00e4ly\u00e4 -haasteen lanseeraukseen! Teko\u00e4lyn laajalla k\u00e4ytt\u00f6\u00f6notolla nostamme yhdess\u00e4 kiinteist\u00f6- ja rakennusalan tuottavuutta ja vahvistamme sek\u00e4 luomme uutta liiketoimintaa. Mutta: Tule mukaan KIRA-\u00e4ly\u00e4 haasteeseen k\u00e4ytt\u00f6\u00f6nottamalla KIRA-\u00e4ly\u00e4 ty\u00f6kalu! T\u00e4m\u00e4 on maksuton ty\u00f6kalu, joka: Tilaisuuden ohjelma Perusta KIRA-\u00e4ly\u00e4 ty\u00f6kalulle on laadittu alan [&hellip;]<\/p>\n","protected":false},"author":50,"featured_media":0,"comment_status":"closed","ping_status":"closed","sticky":false,"template":"","format":"standard","meta":{"_acf_changed":false,"_relevanssi_hide_post":"","_relevanssi_hide_content":"","_relevanssi_pin_for_all":"","_relevanssi_pin_keywords":"","_relevanssi_unpin_keywords":"","_relevanssi_related_keywords":"","_relevanssi_related_include_ids":"","_relevanssi_related_exclude_ids":"","_relevanssi_related_no_append":"","_relevanssi_related_not_related":"","_relevanssi_related_posts":"673,2287,1730,507,1392,558","_relevanssi_noindex_reason":"","inline_featured_image":false,"footnotes":""},"categories":[14],"tags":[],"em_industry":[],"em_theme":[],"class_list":["post-2407","post","type-post","status-publish","format-standard","hentry","category-uutinen"],"acf":[],"yoast_head":"<!-- This site is optimized with the Yoast SEO Premium plugin v27.1 (Yoast SEO v27.5) - https:\/\/yoast.com\/product\/yoast-seo-premium-wordpress\/ -->\n<title>KIRA-\u00e4ly\u00e4 \u2013 AI-suunnitelmaty\u00f6kalun lanseeraustilaisuus 28.1.2025 - Skol<\/title>\n<meta name=\"robots\" content=\"index, follow, max-snippet:-1, max-image-preview:large, max-video-preview:-1\" \/>\n<link rel=\"canonical\" href=\"https:\/\/teknologiateollisuus.fi\/skol\/kira-alya-ai-suunnitelmatyokalun-lanseeraustilaisuus-28-1-2025\/\" \/>\n<meta property=\"og:locale\" content=\"fi_FI\" \/>\n<meta property=\"og:type\" content=\"article\" \/>\n<meta property=\"og:title\" content=\"KIRA-\u00e4ly\u00e4 \u2013 AI-suunnitelmaty\u00f6kalun lanseeraustilaisuus 28.1.2025\" \/>\n<meta property=\"og:description\" content=\"Aika: 28.1.2025 klo 9-10:30 Paikka: Lapinlahdenkatu 16 + Teams Ty\u00f6kalu ja tukea organisaatiosi AI-kyvykkyyden nostamiseen, tervetuloa KIRA-\u00e4ly\u00e4 -haasteen lanseeraukseen! Teko\u00e4lyn laajalla k\u00e4ytt\u00f6\u00f6notolla nostamme yhdess\u00e4 kiinteist\u00f6- ja rakennusalan tuottavuutta ja vahvistamme sek\u00e4 luomme uutta liiketoimintaa. Mutta: Tule mukaan KIRA-\u00e4ly\u00e4 haasteeseen k\u00e4ytt\u00f6\u00f6nottamalla KIRA-\u00e4ly\u00e4 ty\u00f6kalu! T\u00e4m\u00e4 on maksuton ty\u00f6kalu, joka: Tilaisuuden ohjelma Perusta KIRA-\u00e4ly\u00e4 ty\u00f6kalulle on laadittu alan [&hellip;]\" \/>\n<meta property=\"og:url\" content=\"https:\/\/teknologiateollisuus.fi\/skol\/kira-alya-ai-suunnitelmatyokalun-lanseeraustilaisuus-28-1-2025\/\" \/>\n<meta property=\"og:site_name\" content=\"Skol\" \/>\n<meta property=\"article:published_time\" content=\"2024-12-20T10:51:20+00:00\" \/>\n<meta property=\"article:modified_time\" content=\"2025-04-25T10:31:40+00:00\" \/>\n<meta property=\"og:image\" content=\"https:\/\/teknologiateollisuus.fi\/skol\/wp-content\/uploads\/sites\/6\/2024\/12\/natalya-letunova-nJ07EiRkMUY-unsplash-scaled.jpg\" \/>\n\t<meta property=\"og:image:width\" content=\"2560\" \/>\n\t<meta property=\"og:image:height\" content=\"1920\" \/>\n\t<meta property=\"og:image:type\" content=\"image\/jpeg\" \/>\n<meta name=\"author\" content=\"anastasia\" \/>\n<meta name=\"twitter:card\" content=\"summary_large_image\" \/>\n<meta name=\"twitter:label1\" content=\"Kirjoittanut\" \/>\n\t<meta name=\"twitter:data1\" content=\"anastasia\" \/>\n\t<meta name=\"twitter:label2\" content=\"Arvioitu lukuaika\" \/>\n\t<meta name=\"twitter:data2\" content=\"2 minuuttia\" \/>\n<script type=\"application\/ld+json\" class=\"yoast-schema-graph\">{\"@context\":\"https:\\\/\\\/schema.org\",\"@graph\":[{\"@type\":\"Article\",\"@id\":\"https:\\\/\\\/teknologiateollisuus.fi\\\/skol\\\/kira-alya-ai-suunnitelmatyokalun-lanseeraustilaisuus-28-1-2025\\\/#article\",\"isPartOf\":{\"@id\":\"https:\\\/\\\/teknologiateollisuus.fi\\\/skol\\\/kira-alya-ai-suunnitelmatyokalun-lanseeraustilaisuus-28-1-2025\\\/\"},\"author\":{\"name\":\"anastasia\",\"@id\":\"https:\\\/\\\/teknologiateollisuus.fi\\\/skol\\\/#\\\/schema\\\/person\\\/b9ad169bb516e1aab4b293a3a4fd4a8a\"},\"headline\":\"KIRA-\u00e4ly\u00e4 \u2013 AI-suunnitelmaty\u00f6kalun lanseeraustilaisuus 28.1.2025\",\"datePublished\":\"2024-12-20T10:51:20+00:00\",\"dateModified\":\"2025-04-25T10:31:40+00:00\",\"mainEntityOfPage\":{\"@id\":\"https:\\\/\\\/teknologiateollisuus.fi\\\/skol\\\/kira-alya-ai-suunnitelmatyokalun-lanseeraustilaisuus-28-1-2025\\\/\"},\"wordCount\":186,\"articleSection\":[\"Uutinen\"],\"inLanguage\":\"fi\"},{\"@type\":\"WebPage\",\"@id\":\"https:\\\/\\\/teknologiateollisuus.fi\\\/skol\\\/kira-alya-ai-suunnitelmatyokalun-lanseeraustilaisuus-28-1-2025\\\/\",\"url\":\"https:\\\/\\\/teknologiateollisuus.fi\\\/skol\\\/kira-alya-ai-suunnitelmatyokalun-lanseeraustilaisuus-28-1-2025\\\/\",\"name\":\"KIRA-\u00e4ly\u00e4 \u2013 AI-suunnitelmaty\u00f6kalun lanseeraustilaisuus 28.1.2025 - Skol\",\"isPartOf\":{\"@id\":\"https:\\\/\\\/teknologiateollisuus.fi\\\/skol\\\/#website\"},\"datePublished\":\"2024-12-20T10:51:20+00:00\",\"dateModified\":\"2025-04-25T10:31:40+00:00\",\"author\":{\"@id\":\"https:\\\/\\\/teknologiateollisuus.fi\\\/skol\\\/#\\\/schema\\\/person\\\/b9ad169bb516e1aab4b293a3a4fd4a8a\"},\"breadcrumb\":{\"@id\":\"https:\\\/\\\/teknologiateollisuus.fi\\\/skol\\\/kira-alya-ai-suunnitelmatyokalun-lanseeraustilaisuus-28-1-2025\\\/#breadcrumb\"},\"inLanguage\":\"fi\",\"potentialAction\":[{\"@type\":\"ReadAction\",\"target\":[\"https:\\\/\\\/teknologiateollisuus.fi\\\/skol\\\/kira-alya-ai-suunnitelmatyokalun-lanseeraustilaisuus-28-1-2025\\\/\"]}]},{\"@type\":\"BreadcrumbList\",\"@id\":\"https:\\\/\\\/teknologiateollisuus.fi\\\/skol\\\/kira-alya-ai-suunnitelmatyokalun-lanseeraustilaisuus-28-1-2025\\\/#breadcrumb\",\"itemListElement\":[{\"@type\":\"ListItem\",\"position\":1,\"name\":\"Etusivu\",\"item\":\"https:\\\/\\\/teknologiateollisuus.fi\\\/skol\\\/\"},{\"@type\":\"ListItem\",\"position\":2,\"name\":\"Ajankohtaista\",\"item\":\"https:\\\/\\\/teknologiateollisuus.fi\\\/skol\\\/ajankohtaista\\\/\"},{\"@type\":\"ListItem\",\"position\":3,\"name\":\"KIRA-\u00e4ly\u00e4 \u2013 AI-suunnitelmaty\u00f6kalun lanseeraustilaisuus 28.1.2025\"}]},{\"@type\":\"WebSite\",\"@id\":\"https:\\\/\\\/teknologiateollisuus.fi\\\/skol\\\/#website\",\"url\":\"https:\\\/\\\/teknologiateollisuus.fi\\\/skol\\\/\",\"name\":\"Skol\",\"description\":\"\",\"potentialAction\":[{\"@type\":\"SearchAction\",\"target\":{\"@type\":\"EntryPoint\",\"urlTemplate\":\"https:\\\/\\\/teknologiateollisuus.fi\\\/skol\\\/?s={search_term_string}\"},\"query-input\":{\"@type\":\"PropertyValueSpecification\",\"valueRequired\":true,\"valueName\":\"search_term_string\"}}],\"inLanguage\":\"fi\"},{\"@type\":\"Person\",\"@id\":\"https:\\\/\\\/teknologiateollisuus.fi\\\/skol\\\/#\\\/schema\\\/person\\\/b9ad169bb516e1aab4b293a3a4fd4a8a\",\"name\":\"anastasia\",\"image\":{\"@type\":\"ImageObject\",\"inLanguage\":\"fi\",\"@id\":\"https:\\\/\\\/secure.gravatar.com\\\/avatar\\\/b56aad35ff6b088150fc2a037117af66d8bea974ca8c2b61bb6f980766050b97?s=96&d=mm&r=g\",\"url\":\"https:\\\/\\\/secure.gravatar.com\\\/avatar\\\/b56aad35ff6b088150fc2a037117af66d8bea974ca8c2b61bb6f980766050b97?s=96&d=mm&r=g\",\"contentUrl\":\"https:\\\/\\\/secure.gravatar.com\\\/avatar\\\/b56aad35ff6b088150fc2a037117af66d8bea974ca8c2b61bb6f980766050b97?s=96&d=mm&r=g\",\"caption\":\"anastasia\"}}]}<\/script>\n<!-- \/ Yoast SEO Premium plugin. -->","yoast_head_json":{"title":"KIRA-\u00e4ly\u00e4 \u2013 AI-suunnitelmaty\u00f6kalun lanseeraustilaisuus 28.1.2025 - Skol","robots":{"index":"index","follow":"follow","max-snippet":"max-snippet:-1","max-image-preview":"max-image-preview:large","max-video-preview":"max-video-preview:-1"},"canonical":"https:\/\/teknologiateollisuus.fi\/skol\/kira-alya-ai-suunnitelmatyokalun-lanseeraustilaisuus-28-1-2025\/","og_locale":"fi_FI","og_type":"article","og_title":"KIRA-\u00e4ly\u00e4 \u2013 AI-suunnitelmaty\u00f6kalun lanseeraustilaisuus 28.1.2025","og_description":"Aika: 28.1.2025 klo 9-10:30 Paikka: Lapinlahdenkatu 16 + Teams Ty\u00f6kalu ja tukea organisaatiosi AI-kyvykkyyden nostamiseen, tervetuloa KIRA-\u00e4ly\u00e4 -haasteen lanseeraukseen! Teko\u00e4lyn laajalla k\u00e4ytt\u00f6\u00f6notolla nostamme yhdess\u00e4 kiinteist\u00f6- ja rakennusalan tuottavuutta ja vahvistamme sek\u00e4 luomme uutta liiketoimintaa. Mutta: Tule mukaan KIRA-\u00e4ly\u00e4 haasteeseen k\u00e4ytt\u00f6\u00f6nottamalla KIRA-\u00e4ly\u00e4 ty\u00f6kalu! T\u00e4m\u00e4 on maksuton ty\u00f6kalu, joka: Tilaisuuden ohjelma Perusta KIRA-\u00e4ly\u00e4 ty\u00f6kalulle on laadittu alan [&hellip;]","og_url":"https:\/\/teknologiateollisuus.fi\/skol\/kira-alya-ai-suunnitelmatyokalun-lanseeraustilaisuus-28-1-2025\/","og_site_name":"Skol","article_published_time":"2024-12-20T10:51:20+00:00","article_modified_time":"2025-04-25T10:31:40+00:00","og_image":[{"width":2560,"height":1920,"url":"https:\/\/teknologiateollisuus.fi\/skol\/wp-content\/uploads\/sites\/6\/2024\/12\/natalya-letunova-nJ07EiRkMUY-unsplash-scaled.jpg","type":"image\/jpeg"}],"author":"anastasia","twitter_card":"summary_large_image","twitter_misc":{"Kirjoittanut":"anastasia","Arvioitu lukuaika":"2 minuuttia"},"schema":{"@context":"https:\/\/schema.org","@graph":[{"@type":"Article","@id":"https:\/\/teknologiateollisuus.fi\/skol\/kira-alya-ai-suunnitelmatyokalun-lanseeraustilaisuus-28-1-2025\/#article","isPartOf":{"@id":"https:\/\/teknologiateollisuus.fi\/skol\/kira-alya-ai-suunnitelmatyokalun-lanseeraustilaisuus-28-1-2025\/"},"author":{"name":"anastasia","@id":"https:\/\/teknologiateollisuus.fi\/skol\/#\/schema\/person\/b9ad169bb516e1aab4b293a3a4fd4a8a"},"headline":"KIRA-\u00e4ly\u00e4 \u2013 AI-suunnitelmaty\u00f6kalun lanseeraustilaisuus 28.1.2025","datePublished":"2024-12-20T10:51:20+00:00","dateModified":"2025-04-25T10:31:40+00:00","mainEntityOfPage":{"@id":"https:\/\/teknologiateollisuus.fi\/skol\/kira-alya-ai-suunnitelmatyokalun-lanseeraustilaisuus-28-1-2025\/"},"wordCount":186,"articleSection":["Uutinen"],"inLanguage":"fi"},{"@type":"WebPage","@id":"https:\/\/teknologiateollisuus.fi\/skol\/kira-alya-ai-suunnitelmatyokalun-lanseeraustilaisuus-28-1-2025\/","url":"https:\/\/teknologiateollisuus.fi\/skol\/kira-alya-ai-suunnitelmatyokalun-lanseeraustilaisuus-28-1-2025\/","name":"KIRA-\u00e4ly\u00e4 \u2013 AI-suunnitelmaty\u00f6kalun lanseeraustilaisuus 28.1.2025 - Skol","isPartOf":{"@id":"https:\/\/teknologiateollisuus.fi\/skol\/#website"},"datePublished":"2024-12-20T10:51:20+00:00","dateModified":"2025-04-25T10:31:40+00:00","author":{"@id":"https:\/\/teknologiateollisuus.fi\/skol\/#\/schema\/person\/b9ad169bb516e1aab4b293a3a4fd4a8a"},"breadcrumb":{"@id":"https:\/\/teknologiateollisuus.fi\/skol\/kira-alya-ai-suunnitelmatyokalun-lanseeraustilaisuus-28-1-2025\/#breadcrumb"},"inLanguage":"fi","potentialAction":[{"@type":"ReadAction","target":["https:\/\/teknologiateollisuus.fi\/skol\/kira-alya-ai-suunnitelmatyokalun-lanseeraustilaisuus-28-1-2025\/"]}]},{"@type":"BreadcrumbList","@id":"https:\/\/teknologiateollisuus.fi\/skol\/kira-alya-ai-suunnitelmatyokalun-lanseeraustilaisuus-28-1-2025\/#breadcrumb","itemListElement":[{"@type":"ListItem","position":1,"name":"Etusivu","item":"https:\/\/teknologiateollisuus.fi\/skol\/"},{"@type":"ListItem","position":2,"name":"Ajankohtaista","item":"https:\/\/teknologiateollisuus.fi\/skol\/ajankohtaista\/"},{"@type":"ListItem","position":3,"name":"KIRA-\u00e4ly\u00e4 \u2013 AI-suunnitelmaty\u00f6kalun lanseeraustilaisuus 28.1.2025"}]},{"@type":"WebSite","@id":"https:\/\/teknologiateollisuus.fi\/skol\/#website","url":"https:\/\/teknologiateollisuus.fi\/skol\/","name":"Skol","description":"","potentialAction":[{"@type":"SearchAction","target":{"@type":"EntryPoint","urlTemplate":"https:\/\/teknologiateollisuus.fi\/skol\/?s={search_term_string}"},"query-input":{"@type":"PropertyValueSpecification","valueRequired":true,"valueName":"search_term_string"}}],"inLanguage":"fi"},{"@type":"Person","@id":"https:\/\/teknologiateollisuus.fi\/skol\/#\/schema\/person\/b9ad169bb516e1aab4b293a3a4fd4a8a","name":"anastasia","image":{"@type":"ImageObject","inLanguage":"fi","@id":"https:\/\/secure.gravatar.com\/avatar\/b56aad35ff6b088150fc2a037117af66d8bea974ca8c2b61bb6f980766050b97?s=96&d=mm&r=g","url":"https:\/\/secure.gravatar.com\/avatar\/b56aad35ff6b088150fc2a037117af66d8bea974ca8c2b61bb6f980766050b97?s=96&d=mm&r=g","contentUrl":"https:\/\/secure.gravatar.com\/avatar\/b56aad35ff6b088150fc2a037117af66d8bea974ca8c2b61bb6f980766050b97?s=96&d=mm&r=g","caption":"anastasia"}}]}},"lang":"fi","translations":{"fi":2407},"pll_sync_post":{},"_links":{"self":[{"href":"https:\/\/teknologiateollisuus.fi\/skol\/wp-json\/wp\/v2\/posts\/2407","targetHints":{"allow":["GET"]}}],"collection":[{"href":"https:\/\/teknologiateollisuus.fi\/skol\/wp-json\/wp\/v2\/posts"}],"about":[{"href":"https:\/\/teknologiateollisuus.fi\/skol\/wp-json\/wp\/v2\/types\/post"}],"author":[{"embeddable":true,"href":"https:\/\/teknologiateollisuus.fi\/skol\/wp-json\/wp\/v2\/users\/50"}],"replies":[{"embeddable":true,"href":"https:\/\/teknologiateollisuus.fi\/skol\/wp-json\/wp\/v2\/comments?post=2407"}],"version-history":[{"count":3,"href":"https:\/\/teknologiateollisuus.fi\/skol\/wp-json\/wp\/v2\/posts\/2407\/revisions"}],"predecessor-version":[{"id":2411,"href":"https:\/\/teknologiateollisuus.fi\/skol\/wp-json\/wp\/v2\/posts\/2407\/revisions\/2411"}],"wp:attachment":[{"href":"https:\/\/teknologiateollisuus.fi\/skol\/wp-json\/wp\/v2\/media?parent=2407"}],"wp:term":[{"taxonomy":"category","embeddable":true,"href":"https:\/\/teknologiateollisuus.fi\/skol\/wp-json\/wp\/v2\/categories?post=2407"},{"taxonomy":"post_tag","embeddable":true,"href":"https:\/\/teknologiateollisuus.fi\/skol\/wp-json\/wp\/v2\/tags?post=2407"},{"taxonomy":"em_industry","embeddable":true,"href":"https:\/\/teknologiateollisuus.fi\/skol\/wp-json\/wp\/v2\/em_industry?post=2407"},{"taxonomy":"em_theme","embeddable":true,"href":"https:\/\/teknologiateollisuus.fi\/skol\/wp-json\/wp\/v2\/em_theme?post=2407"}],"curies":[{"name":"wp","href":"https:\/\/api.w.org\/{rel}","templated":true}]}}