{"id":660,"date":"2023-10-10T07:00:00","date_gmt":"2023-10-10T04:00:00","guid":{"rendered":"https:\/\/teknologiateollisuus.fi\/skol\/?p=660"},"modified":"2024-08-08T15:54:26","modified_gmt":"2024-08-08T12:54:26","slug":"aanesta-suosikkiasi-vuoden-nuori-konsultti-2023-kisassa","status":"publish","type":"post","link":"https:\/\/teknologiateollisuus.fi\/skol\/aanesta-suosikkiasi-vuoden-nuori-konsultti-2023-kisassa\/","title":{"rendered":"\u00c4\u00e4nest\u00e4 suosikkiasi Vuoden nuori konsultti 2023-kisassa"},"content":{"rendered":"\n<p><strong>Katso kilpailijoiden esittelyvideot alta ja \u00e4\u00e4nest\u00e4 suosikkiasi.<\/strong>&nbsp;<\/p>\n\n\n\n<p>Lopullinen tulos voittajista ratkaistaan \u00e4\u00e4nestystulosten ja valintaraadin perusteella. Kilpailun tulokset julkistetaan ja palkinnot jaetaan SKOLin syyskokouksessa 16.11.2023.<\/p>\n\n\n\n<p>Kilpailussa palkitaan yksi Vuoden nuori konsultti 4000 euron palkintosummalla sek\u00e4 kaksi tunnustuspalkinnon saaja 2000e arvoisella palkintosummalla. Palkintosumma on saajalleen veronalaista ansiotuloa, josta suoritetaan ennakonpid\u00e4tys.<\/p>\n\n\n\n<p><a href=\"https:\/\/link.webropolsurveys.com\/S\/36DF1EAADF459C60\">Kilpailijoita voit \u00e4\u00e4nest\u00e4 t\u00e4m\u00e4n linkin kautta.<\/a><\/p>\n\n\n\n<p>1.&nbsp;<a href=\"https:\/\/link.webropolsurveys.com\/Participation\/Public\/babb5d2d-3ebd-43e3-8907-8091a28192da?displayId=Fin2897734\">Maija Iiramo Sweco Finland<\/a><\/p>\n\n\n\n<figure class=\"wp-block-embed is-type-video is-provider-vimeo wp-block-embed-vimeo\"><div class=\"wp-block-embed__wrapper\">\n<iframe loading=\"lazy\" title=\"SKOL_VNK2023_MaijaIiramo_pitka\u0308_1\" src=\"https:\/\/player.vimeo.com\/video\/871441431?dnt=1&amp;app_id=122963\" width=\"422\" height=\"750\" frameborder=\"0\" allow=\"autoplay; fullscreen; picture-in-picture; clipboard-write\"><\/iframe>\n<\/div><\/figure>\n\n\n\n<p>2.&nbsp;<a href=\"https:\/\/link.webropolsurveys.com\/Participation\/Public\/babb5d2d-3ebd-43e3-8907-8091a28192da?displayId=Fin2897734\">Eemeli Inkala Vison<\/a><\/p>\n\n\n\n<figure class=\"wp-block-embed is-type-video is-provider-vimeo wp-block-embed-vimeo\"><div class=\"wp-block-embed__wrapper\">\n<iframe loading=\"lazy\" title=\"SKOL_VNK2023_EemeliInkala_pitka\u03082\" src=\"https:\/\/player.vimeo.com\/video\/871366805?dnt=1&amp;app_id=122963\" width=\"422\" height=\"750\" frameborder=\"0\" allow=\"autoplay; fullscreen; picture-in-picture; clipboard-write\"><\/iframe>\n<\/div><\/figure>\n\n\n\n<p>3.&nbsp;<a href=\"https:\/\/link.webropolsurveys.com\/Participation\/Public\/babb5d2d-3ebd-43e3-8907-8091a28192da?displayId=Fin2897734\">Olivia Kuronen Ramboll Finland<\/a><\/p>\n\n\n\n<figure class=\"wp-block-embed is-type-video is-provider-vimeo wp-block-embed-vimeo\"><div class=\"wp-block-embed__wrapper\">\n<iframe loading=\"lazy\" title=\"SKOL_VNK2023_OliviaKuronen_pitka\u0308\" src=\"https:\/\/player.vimeo.com\/video\/871366561?dnt=1&amp;app_id=122963\" width=\"422\" height=\"750\" frameborder=\"0\" allow=\"autoplay; fullscreen; picture-in-picture; clipboard-write\"><\/iframe>\n<\/div><\/figure>\n\n\n\n<p>4.&nbsp;<a href=\"https:\/\/link.webropolsurveys.com\/Participation\/Public\/babb5d2d-3ebd-43e3-8907-8091a28192da?displayId=Fin2897734\">Sonja Laasonen A-Insin\u00f6\u00f6rit<\/a><\/p>\n\n\n\n<figure class=\"wp-block-embed is-type-video is-provider-vimeo wp-block-embed-vimeo\"><div class=\"wp-block-embed__wrapper\">\n<iframe loading=\"lazy\" title=\"SKOL_VNK2023_SonjaLaasonen_pitka\u0308\" src=\"https:\/\/player.vimeo.com\/video\/871363537?dnt=1&amp;app_id=122963\" width=\"422\" height=\"750\" frameborder=\"0\" allow=\"autoplay; fullscreen; picture-in-picture; clipboard-write\"><\/iframe>\n<\/div><\/figure>\n\n\n\n<p>5.&nbsp;<a href=\"https:\/\/link.webropolsurveys.com\/Participation\/Public\/babb5d2d-3ebd-43e3-8907-8091a28192da?displayId=Fin2897734\">Liisa Mustonen Sweco Finland<\/a><\/p>\n\n\n\n<figure class=\"wp-block-embed is-type-video is-provider-vimeo wp-block-embed-vimeo\"><div class=\"wp-block-embed__wrapper\">\n<iframe loading=\"lazy\" title=\"SKOL_VNK2023_LiisaMustonen_pitka\u03082\" src=\"https:\/\/player.vimeo.com\/video\/871366685?dnt=1&amp;app_id=122963\" width=\"422\" height=\"750\" frameborder=\"0\" allow=\"autoplay; fullscreen; picture-in-picture; clipboard-write\"><\/iframe>\n<\/div><\/figure>\n\n\n\n<p>6.&nbsp;<a href=\"https:\/\/link.webropolsurveys.com\/Participation\/Public\/babb5d2d-3ebd-43e3-8907-8091a28192da?displayId=Fin2897734\">Sini Ollila FCG Finnish Consulting Group<\/a><\/p>\n\n\n\n<figure class=\"wp-block-embed is-type-video is-provider-vimeo wp-block-embed-vimeo\"><div class=\"wp-block-embed__wrapper\">\n<iframe loading=\"lazy\" title=\"SKOL_VNK2023_SiniOllila_pitka\u0308 (1)\" src=\"https:\/\/player.vimeo.com\/video\/871414586?dnt=1&amp;app_id=122963\" width=\"422\" height=\"750\" frameborder=\"0\" allow=\"autoplay; fullscreen; picture-in-picture; clipboard-write\"><\/iframe>\n<\/div><\/figure>\n\n\n\n<p>7.&nbsp;<a href=\"https:\/\/link.webropolsurveys.com\/Participation\/Public\/babb5d2d-3ebd-43e3-8907-8091a28192da?displayId=Fin2897734\">Frida Reinikka Ramboll Finland<\/a><\/p>\n\n\n\n<figure class=\"wp-block-embed is-type-video is-provider-vimeo wp-block-embed-vimeo\"><div class=\"wp-block-embed__wrapper\">\n<iframe loading=\"lazy\" title=\"SKOL_VNK_2023_FridaReinikka_pitka\u0308\" src=\"https:\/\/player.vimeo.com\/video\/871390580?dnt=1&amp;app_id=122963\" width=\"422\" height=\"750\" frameborder=\"0\" allow=\"autoplay; fullscreen; picture-in-picture; clipboard-write\"><\/iframe>\n<\/div><\/figure>\n\n\n\n<p>8.&nbsp;<a href=\"https:\/\/link.webropolsurveys.com\/Participation\/Public\/babb5d2d-3ebd-43e3-8907-8091a28192da?displayId=Fin2897734\">Iiro Ristikankare WSP Finland<\/a><\/p>\n\n\n\n<figure class=\"wp-block-embed is-type-video is-provider-vimeo wp-block-embed-vimeo\"><div class=\"wp-block-embed__wrapper\">\n<iframe loading=\"lazy\" title=\"SKOL_VNK2023_IiroRistikankare_pitka\u0308\" src=\"https:\/\/player.vimeo.com\/video\/871390441?dnt=1&amp;app_id=122963\" width=\"422\" height=\"750\" frameborder=\"0\" allow=\"autoplay; fullscreen; picture-in-picture; clipboard-write\"><\/iframe>\n<\/div><\/figure>\n\n\n\n<p>9.&nbsp;<a href=\"https:\/\/link.webropolsurveys.com\/Participation\/Public\/babb5d2d-3ebd-43e3-8907-8091a28192da?displayId=Fin2897734\">Nina Tanskanen Sitowise<\/a><\/p>\n\n\n\n<figure class=\"wp-block-embed is-type-video is-provider-vimeo wp-block-embed-vimeo\"><div class=\"wp-block-embed__wrapper\">\n<iframe loading=\"lazy\" title=\"SKOL_VNK2023_NinaTanskanen_pitka\u0308\" src=\"https:\/\/player.vimeo.com\/video\/871414922?dnt=1&amp;app_id=122963\" width=\"422\" height=\"750\" frameborder=\"0\" allow=\"autoplay; fullscreen; picture-in-picture; clipboard-write\"><\/iframe>\n<\/div><\/figure>\n\n\n\n<p>10.&nbsp;<a href=\"https:\/\/link.webropolsurveys.com\/Participation\/Public\/babb5d2d-3ebd-43e3-8907-8091a28192da?displayId=Fin2897734\">Oona Tiitinen AFRY<\/a><\/p>\n\n\n\n<figure class=\"wp-block-embed is-type-video is-provider-vimeo wp-block-embed-vimeo\"><div class=\"wp-block-embed__wrapper\">\n<iframe loading=\"lazy\" title=\"SKOL_VNK2023_OonaTiitinen_pitka\u0308\" src=\"https:\/\/player.vimeo.com\/video\/871365499?dnt=1&amp;app_id=122963\" width=\"422\" height=\"750\" frameborder=\"0\" allow=\"autoplay; fullscreen; picture-in-picture; clipboard-write\"><\/iframe>\n<\/div><\/figure>\n","protected":false},"excerpt":{"rendered":"<p>SKOL j\u00e4senyritykset ovat nimenneet lahjakkaita nuoria kes\u00e4ty\u00f6ntekij\u00f6it\u00e4, harjoittelijoita, projektity\u00f6ntekij\u00f6it\u00e4 ja opinn\u00e4ytety\u00f6ntekij\u00f6it\u00e4 mukaan SKOLin Vuoden nuori konsultti 2023-kilpailuun. Esikarsinnasta jatkoon kilpailussa valittiin 10 lahjakasta nuorta. Nyt sinulla on mahdollisuus \u00e4\u00e4nest\u00e4\u00e4 suosikkiasi Vuoden nuoreksi konsultiksi! \u00c4\u00e4nestys on auki 03.11.2023 klo 00.00 asti.<\/p>\n","protected":false},"author":50,"featured_media":661,"comment_status":"closed","ping_status":"closed","sticky":false,"template":"","format":"standard","meta":{"_acf_changed":false,"_relevanssi_hide_post":"","_relevanssi_hide_content":"","_relevanssi_pin_for_all":"","_relevanssi_pin_keywords":"","_relevanssi_unpin_keywords":"","_relevanssi_related_keywords":"","_relevanssi_related_include_ids":"","_relevanssi_related_exclude_ids":"","_relevanssi_related_no_append":"","_relevanssi_related_not_related":"","_relevanssi_related_posts":"562,639,534,615,53,582","_relevanssi_noindex_reason":"","inline_featured_image":false,"footnotes":""},"categories":[14],"tags":[],"em_industry":[],"em_theme":[],"class_list":["post-660","post","type-post","status-publish","format-standard","has-post-thumbnail","hentry","category-uutinen"],"acf":[],"yoast_head":"<!-- This site is optimized with the Yoast SEO Premium plugin v27.1 (Yoast SEO v27.5) - https:\/\/yoast.com\/product\/yoast-seo-premium-wordpress\/ -->\n<title>\u00c4\u00e4nest\u00e4 suosikkiasi Vuoden nuori konsultti 2023-kisassa - Skol<\/title>\n<meta name=\"robots\" content=\"index, follow, max-snippet:-1, max-image-preview:large, max-video-preview:-1\" \/>\n<link rel=\"canonical\" href=\"https:\/\/teknologiateollisuus.fi\/skol\/aanesta-suosikkiasi-vuoden-nuori-konsultti-2023-kisassa\/\" \/>\n<meta property=\"og:locale\" content=\"fi_FI\" \/>\n<meta property=\"og:type\" content=\"article\" \/>\n<meta property=\"og:title\" content=\"\u00c4\u00e4nest\u00e4 suosikkiasi Vuoden nuori konsultti 2023-kisassa\" \/>\n<meta property=\"og:description\" content=\"SKOL j\u00e4senyritykset ovat nimenneet lahjakkaita nuoria kes\u00e4ty\u00f6ntekij\u00f6it\u00e4, harjoittelijoita, projektity\u00f6ntekij\u00f6it\u00e4 ja opinn\u00e4ytety\u00f6ntekij\u00f6it\u00e4 mukaan SKOLin Vuoden nuori konsultti 2023-kilpailuun. Esikarsinnasta jatkoon kilpailussa valittiin 10 lahjakasta nuorta. Nyt sinulla on mahdollisuus \u00e4\u00e4nest\u00e4\u00e4 suosikkiasi Vuoden nuoreksi konsultiksi! \u00c4\u00e4nestys on auki 03.11.2023 klo 00.00 asti.\" \/>\n<meta property=\"og:url\" content=\"https:\/\/teknologiateollisuus.fi\/skol\/aanesta-suosikkiasi-vuoden-nuori-konsultti-2023-kisassa\/\" \/>\n<meta property=\"og:site_name\" content=\"Skol\" \/>\n<meta property=\"article:published_time\" content=\"2023-10-10T04:00:00+00:00\" \/>\n<meta property=\"article:modified_time\" content=\"2024-08-08T12:54:26+00:00\" \/>\n<meta property=\"og:image\" content=\"https:\/\/teknologiateollisuus.fi\/skol\/wp-content\/uploads\/sites\/6\/2024\/08\/VNK-2023-banneri-nettiaanestys.png\" \/>\n\t<meta property=\"og:image:width\" content=\"537\" \/>\n\t<meta property=\"og:image:height\" content=\"350\" \/>\n\t<meta property=\"og:image:type\" content=\"image\/png\" \/>\n<meta name=\"author\" content=\"anastasia\" \/>\n<meta name=\"twitter:card\" content=\"summary_large_image\" \/>\n<meta name=\"twitter:label1\" content=\"Kirjoittanut\" \/>\n\t<meta name=\"twitter:data1\" content=\"anastasia\" \/>\n\t<meta name=\"twitter:label2\" content=\"Arvioitu lukuaika\" \/>\n\t<meta name=\"twitter:data2\" content=\"1 minuutti\" \/>\n<script type=\"application\/ld+json\" class=\"yoast-schema-graph\">{\"@context\":\"https:\\\/\\\/schema.org\",\"@graph\":[{\"@type\":\"Article\",\"@id\":\"https:\\\/\\\/teknologiateollisuus.fi\\\/skol\\\/aanesta-suosikkiasi-vuoden-nuori-konsultti-2023-kisassa\\\/#article\",\"isPartOf\":{\"@id\":\"https:\\\/\\\/teknologiateollisuus.fi\\\/skol\\\/aanesta-suosikkiasi-vuoden-nuori-konsultti-2023-kisassa\\\/\"},\"author\":{\"name\":\"anastasia\",\"@id\":\"https:\\\/\\\/teknologiateollisuus.fi\\\/skol\\\/#\\\/schema\\\/person\\\/b9ad169bb516e1aab4b293a3a4fd4a8a\"},\"headline\":\"\u00c4\u00e4nest\u00e4 suosikkiasi Vuoden nuori konsultti 2023-kisassa\",\"datePublished\":\"2023-10-10T04:00:00+00:00\",\"dateModified\":\"2024-08-08T12:54:26+00:00\",\"mainEntityOfPage\":{\"@id\":\"https:\\\/\\\/teknologiateollisuus.fi\\\/skol\\\/aanesta-suosikkiasi-vuoden-nuori-konsultti-2023-kisassa\\\/\"},\"wordCount\":251,\"image\":{\"@id\":\"https:\\\/\\\/teknologiateollisuus.fi\\\/skol\\\/aanesta-suosikkiasi-vuoden-nuori-konsultti-2023-kisassa\\\/#primaryimage\"},\"thumbnailUrl\":\"https:\\\/\\\/teknologiateollisuus.fi\\\/skol\\\/wp-content\\\/uploads\\\/sites\\\/6\\\/2024\\\/08\\\/VNK-2023-banneri-nettiaanestys.png\",\"articleSection\":[\"Uutinen\"],\"inLanguage\":\"fi\"},{\"@type\":\"WebPage\",\"@id\":\"https:\\\/\\\/teknologiateollisuus.fi\\\/skol\\\/aanesta-suosikkiasi-vuoden-nuori-konsultti-2023-kisassa\\\/\",\"url\":\"https:\\\/\\\/teknologiateollisuus.fi\\\/skol\\\/aanesta-suosikkiasi-vuoden-nuori-konsultti-2023-kisassa\\\/\",\"name\":\"\u00c4\u00e4nest\u00e4 suosikkiasi Vuoden nuori konsultti 2023-kisassa - Skol\",\"isPartOf\":{\"@id\":\"https:\\\/\\\/teknologiateollisuus.fi\\\/skol\\\/#website\"},\"primaryImageOfPage\":{\"@id\":\"https:\\\/\\\/teknologiateollisuus.fi\\\/skol\\\/aanesta-suosikkiasi-vuoden-nuori-konsultti-2023-kisassa\\\/#primaryimage\"},\"image\":{\"@id\":\"https:\\\/\\\/teknologiateollisuus.fi\\\/skol\\\/aanesta-suosikkiasi-vuoden-nuori-konsultti-2023-kisassa\\\/#primaryimage\"},\"thumbnailUrl\":\"https:\\\/\\\/teknologiateollisuus.fi\\\/skol\\\/wp-content\\\/uploads\\\/sites\\\/6\\\/2024\\\/08\\\/VNK-2023-banneri-nettiaanestys.png\",\"datePublished\":\"2023-10-10T04:00:00+00:00\",\"dateModified\":\"2024-08-08T12:54:26+00:00\",\"author\":{\"@id\":\"https:\\\/\\\/teknologiateollisuus.fi\\\/skol\\\/#\\\/schema\\\/person\\\/b9ad169bb516e1aab4b293a3a4fd4a8a\"},\"breadcrumb\":{\"@id\":\"https:\\\/\\\/teknologiateollisuus.fi\\\/skol\\\/aanesta-suosikkiasi-vuoden-nuori-konsultti-2023-kisassa\\\/#breadcrumb\"},\"inLanguage\":\"fi\",\"potentialAction\":[{\"@type\":\"ReadAction\",\"target\":[\"https:\\\/\\\/teknologiateollisuus.fi\\\/skol\\\/aanesta-suosikkiasi-vuoden-nuori-konsultti-2023-kisassa\\\/\"]}]},{\"@type\":\"ImageObject\",\"inLanguage\":\"fi\",\"@id\":\"https:\\\/\\\/teknologiateollisuus.fi\\\/skol\\\/aanesta-suosikkiasi-vuoden-nuori-konsultti-2023-kisassa\\\/#primaryimage\",\"url\":\"https:\\\/\\\/teknologiateollisuus.fi\\\/skol\\\/wp-content\\\/uploads\\\/sites\\\/6\\\/2024\\\/08\\\/VNK-2023-banneri-nettiaanestys.png\",\"contentUrl\":\"https:\\\/\\\/teknologiateollisuus.fi\\\/skol\\\/wp-content\\\/uploads\\\/sites\\\/6\\\/2024\\\/08\\\/VNK-2023-banneri-nettiaanestys.png\",\"width\":537,\"height\":350},{\"@type\":\"BreadcrumbList\",\"@id\":\"https:\\\/\\\/teknologiateollisuus.fi\\\/skol\\\/aanesta-suosikkiasi-vuoden-nuori-konsultti-2023-kisassa\\\/#breadcrumb\",\"itemListElement\":[{\"@type\":\"ListItem\",\"position\":1,\"name\":\"Etusivu\",\"item\":\"https:\\\/\\\/teknologiateollisuus.fi\\\/skol\\\/\"},{\"@type\":\"ListItem\",\"position\":2,\"name\":\"Ajankohtaista\",\"item\":\"https:\\\/\\\/teknologiateollisuus.fi\\\/skol\\\/ajankohtaista\\\/\"},{\"@type\":\"ListItem\",\"position\":3,\"name\":\"\u00c4\u00e4nest\u00e4 suosikkiasi Vuoden nuori konsultti 2023-kisassa\"}]},{\"@type\":\"WebSite\",\"@id\":\"https:\\\/\\\/teknologiateollisuus.fi\\\/skol\\\/#website\",\"url\":\"https:\\\/\\\/teknologiateollisuus.fi\\\/skol\\\/\",\"name\":\"Skol\",\"description\":\"\",\"potentialAction\":[{\"@type\":\"SearchAction\",\"target\":{\"@type\":\"EntryPoint\",\"urlTemplate\":\"https:\\\/\\\/teknologiateollisuus.fi\\\/skol\\\/?s={search_term_string}\"},\"query-input\":{\"@type\":\"PropertyValueSpecification\",\"valueRequired\":true,\"valueName\":\"search_term_string\"}}],\"inLanguage\":\"fi\"},{\"@type\":\"Person\",\"@id\":\"https:\\\/\\\/teknologiateollisuus.fi\\\/skol\\\/#\\\/schema\\\/person\\\/b9ad169bb516e1aab4b293a3a4fd4a8a\",\"name\":\"anastasia\",\"image\":{\"@type\":\"ImageObject\",\"inLanguage\":\"fi\",\"@id\":\"https:\\\/\\\/secure.gravatar.com\\\/avatar\\\/b56aad35ff6b088150fc2a037117af66d8bea974ca8c2b61bb6f980766050b97?s=96&d=mm&r=g\",\"url\":\"https:\\\/\\\/secure.gravatar.com\\\/avatar\\\/b56aad35ff6b088150fc2a037117af66d8bea974ca8c2b61bb6f980766050b97?s=96&d=mm&r=g\",\"contentUrl\":\"https:\\\/\\\/secure.gravatar.com\\\/avatar\\\/b56aad35ff6b088150fc2a037117af66d8bea974ca8c2b61bb6f980766050b97?s=96&d=mm&r=g\",\"caption\":\"anastasia\"}}]}<\/script>\n<!-- \/ Yoast SEO Premium plugin. -->","yoast_head_json":{"title":"\u00c4\u00e4nest\u00e4 suosikkiasi Vuoden nuori konsultti 2023-kisassa - Skol","robots":{"index":"index","follow":"follow","max-snippet":"max-snippet:-1","max-image-preview":"max-image-preview:large","max-video-preview":"max-video-preview:-1"},"canonical":"https:\/\/teknologiateollisuus.fi\/skol\/aanesta-suosikkiasi-vuoden-nuori-konsultti-2023-kisassa\/","og_locale":"fi_FI","og_type":"article","og_title":"\u00c4\u00e4nest\u00e4 suosikkiasi Vuoden nuori konsultti 2023-kisassa","og_description":"SKOL j\u00e4senyritykset ovat nimenneet lahjakkaita nuoria kes\u00e4ty\u00f6ntekij\u00f6it\u00e4, harjoittelijoita, projektity\u00f6ntekij\u00f6it\u00e4 ja opinn\u00e4ytety\u00f6ntekij\u00f6it\u00e4 mukaan SKOLin Vuoden nuori konsultti 2023-kilpailuun. Esikarsinnasta jatkoon kilpailussa valittiin 10 lahjakasta nuorta. Nyt sinulla on mahdollisuus \u00e4\u00e4nest\u00e4\u00e4 suosikkiasi Vuoden nuoreksi konsultiksi! \u00c4\u00e4nestys on auki 03.11.2023 klo 00.00 asti.","og_url":"https:\/\/teknologiateollisuus.fi\/skol\/aanesta-suosikkiasi-vuoden-nuori-konsultti-2023-kisassa\/","og_site_name":"Skol","article_published_time":"2023-10-10T04:00:00+00:00","article_modified_time":"2024-08-08T12:54:26+00:00","og_image":[{"width":537,"height":350,"url":"https:\/\/teknologiateollisuus.fi\/skol\/wp-content\/uploads\/sites\/6\/2024\/08\/VNK-2023-banneri-nettiaanestys.png","type":"image\/png"}],"author":"anastasia","twitter_card":"summary_large_image","twitter_misc":{"Kirjoittanut":"anastasia","Arvioitu lukuaika":"1 minuutti"},"schema":{"@context":"https:\/\/schema.org","@graph":[{"@type":"Article","@id":"https:\/\/teknologiateollisuus.fi\/skol\/aanesta-suosikkiasi-vuoden-nuori-konsultti-2023-kisassa\/#article","isPartOf":{"@id":"https:\/\/teknologiateollisuus.fi\/skol\/aanesta-suosikkiasi-vuoden-nuori-konsultti-2023-kisassa\/"},"author":{"name":"anastasia","@id":"https:\/\/teknologiateollisuus.fi\/skol\/#\/schema\/person\/b9ad169bb516e1aab4b293a3a4fd4a8a"},"headline":"\u00c4\u00e4nest\u00e4 suosikkiasi Vuoden nuori konsultti 2023-kisassa","datePublished":"2023-10-10T04:00:00+00:00","dateModified":"2024-08-08T12:54:26+00:00","mainEntityOfPage":{"@id":"https:\/\/teknologiateollisuus.fi\/skol\/aanesta-suosikkiasi-vuoden-nuori-konsultti-2023-kisassa\/"},"wordCount":251,"image":{"@id":"https:\/\/teknologiateollisuus.fi\/skol\/aanesta-suosikkiasi-vuoden-nuori-konsultti-2023-kisassa\/#primaryimage"},"thumbnailUrl":"https:\/\/teknologiateollisuus.fi\/skol\/wp-content\/uploads\/sites\/6\/2024\/08\/VNK-2023-banneri-nettiaanestys.png","articleSection":["Uutinen"],"inLanguage":"fi"},{"@type":"WebPage","@id":"https:\/\/teknologiateollisuus.fi\/skol\/aanesta-suosikkiasi-vuoden-nuori-konsultti-2023-kisassa\/","url":"https:\/\/teknologiateollisuus.fi\/skol\/aanesta-suosikkiasi-vuoden-nuori-konsultti-2023-kisassa\/","name":"\u00c4\u00e4nest\u00e4 suosikkiasi Vuoden nuori konsultti 2023-kisassa - Skol","isPartOf":{"@id":"https:\/\/teknologiateollisuus.fi\/skol\/#website"},"primaryImageOfPage":{"@id":"https:\/\/teknologiateollisuus.fi\/skol\/aanesta-suosikkiasi-vuoden-nuori-konsultti-2023-kisassa\/#primaryimage"},"image":{"@id":"https:\/\/teknologiateollisuus.fi\/skol\/aanesta-suosikkiasi-vuoden-nuori-konsultti-2023-kisassa\/#primaryimage"},"thumbnailUrl":"https:\/\/teknologiateollisuus.fi\/skol\/wp-content\/uploads\/sites\/6\/2024\/08\/VNK-2023-banneri-nettiaanestys.png","datePublished":"2023-10-10T04:00:00+00:00","dateModified":"2024-08-08T12:54:26+00:00","author":{"@id":"https:\/\/teknologiateollisuus.fi\/skol\/#\/schema\/person\/b9ad169bb516e1aab4b293a3a4fd4a8a"},"breadcrumb":{"@id":"https:\/\/teknologiateollisuus.fi\/skol\/aanesta-suosikkiasi-vuoden-nuori-konsultti-2023-kisassa\/#breadcrumb"},"inLanguage":"fi","potentialAction":[{"@type":"ReadAction","target":["https:\/\/teknologiateollisuus.fi\/skol\/aanesta-suosikkiasi-vuoden-nuori-konsultti-2023-kisassa\/"]}]},{"@type":"ImageObject","inLanguage":"fi","@id":"https:\/\/teknologiateollisuus.fi\/skol\/aanesta-suosikkiasi-vuoden-nuori-konsultti-2023-kisassa\/#primaryimage","url":"https:\/\/teknologiateollisuus.fi\/skol\/wp-content\/uploads\/sites\/6\/2024\/08\/VNK-2023-banneri-nettiaanestys.png","contentUrl":"https:\/\/teknologiateollisuus.fi\/skol\/wp-content\/uploads\/sites\/6\/2024\/08\/VNK-2023-banneri-nettiaanestys.png","width":537,"height":350},{"@type":"BreadcrumbList","@id":"https:\/\/teknologiateollisuus.fi\/skol\/aanesta-suosikkiasi-vuoden-nuori-konsultti-2023-kisassa\/#breadcrumb","itemListElement":[{"@type":"ListItem","position":1,"name":"Etusivu","item":"https:\/\/teknologiateollisuus.fi\/skol\/"},{"@type":"ListItem","position":2,"name":"Ajankohtaista","item":"https:\/\/teknologiateollisuus.fi\/skol\/ajankohtaista\/"},{"@type":"ListItem","position":3,"name":"\u00c4\u00e4nest\u00e4 suosikkiasi Vuoden nuori konsultti 2023-kisassa"}]},{"@type":"WebSite","@id":"https:\/\/teknologiateollisuus.fi\/skol\/#website","url":"https:\/\/teknologiateollisuus.fi\/skol\/","name":"Skol","description":"","potentialAction":[{"@type":"SearchAction","target":{"@type":"EntryPoint","urlTemplate":"https:\/\/teknologiateollisuus.fi\/skol\/?s={search_term_string}"},"query-input":{"@type":"PropertyValueSpecification","valueRequired":true,"valueName":"search_term_string"}}],"inLanguage":"fi"},{"@type":"Person","@id":"https:\/\/teknologiateollisuus.fi\/skol\/#\/schema\/person\/b9ad169bb516e1aab4b293a3a4fd4a8a","name":"anastasia","image":{"@type":"ImageObject","inLanguage":"fi","@id":"https:\/\/secure.gravatar.com\/avatar\/b56aad35ff6b088150fc2a037117af66d8bea974ca8c2b61bb6f980766050b97?s=96&d=mm&r=g","url":"https:\/\/secure.gravatar.com\/avatar\/b56aad35ff6b088150fc2a037117af66d8bea974ca8c2b61bb6f980766050b97?s=96&d=mm&r=g","contentUrl":"https:\/\/secure.gravatar.com\/avatar\/b56aad35ff6b088150fc2a037117af66d8bea974ca8c2b61bb6f980766050b97?s=96&d=mm&r=g","caption":"anastasia"}}]}},"lang":"fi","translations":{"fi":660},"pll_sync_post":{},"_links":{"self":[{"href":"https:\/\/teknologiateollisuus.fi\/skol\/wp-json\/wp\/v2\/posts\/660","targetHints":{"allow":["GET"]}}],"collection":[{"href":"https:\/\/teknologiateollisuus.fi\/skol\/wp-json\/wp\/v2\/posts"}],"about":[{"href":"https:\/\/teknologiateollisuus.fi\/skol\/wp-json\/wp\/v2\/types\/post"}],"author":[{"embeddable":true,"href":"https:\/\/teknologiateollisuus.fi\/skol\/wp-json\/wp\/v2\/users\/50"}],"replies":[{"embeddable":true,"href":"https:\/\/teknologiateollisuus.fi\/skol\/wp-json\/wp\/v2\/comments?post=660"}],"version-history":[{"count":4,"href":"https:\/\/teknologiateollisuus.fi\/skol\/wp-json\/wp\/v2\/posts\/660\/revisions"}],"predecessor-version":[{"id":668,"href":"https:\/\/teknologiateollisuus.fi\/skol\/wp-json\/wp\/v2\/posts\/660\/revisions\/668"}],"wp:featuredmedia":[{"embeddable":true,"href":"https:\/\/teknologiateollisuus.fi\/skol\/wp-json\/wp\/v2\/media\/661"}],"wp:attachment":[{"href":"https:\/\/teknologiateollisuus.fi\/skol\/wp-json\/wp\/v2\/media?parent=660"}],"wp:term":[{"taxonomy":"category","embeddable":true,"href":"https:\/\/teknologiateollisuus.fi\/skol\/wp-json\/wp\/v2\/categories?post=660"},{"taxonomy":"post_tag","embeddable":true,"href":"https:\/\/teknologiateollisuus.fi\/skol\/wp-json\/wp\/v2\/tags?post=660"},{"taxonomy":"em_industry","embeddable":true,"href":"https:\/\/teknologiateollisuus.fi\/skol\/wp-json\/wp\/v2\/em_industry?post=660"},{"taxonomy":"em_theme","embeddable":true,"href":"https:\/\/teknologiateollisuus.fi\/skol\/wp-json\/wp\/v2\/em_theme?post=660"}],"curies":[{"name":"wp","href":"https:\/\/api.w.org\/{rel}","templated":true}]}}