{"id":689,"date":"2023-08-31T11:16:00","date_gmt":"2023-08-31T08:16:00","guid":{"rendered":"https:\/\/teknologiateollisuus.fi\/skol\/?p=689"},"modified":"2024-08-09T09:39:52","modified_gmt":"2024-08-09T06:39:52","slug":"vuoden-nuori-konsultti-2023-kilpailun-esivalintaraati-on-tehnyt-valinnan-kilpailun-jatkoon-valituista-kilpailijoista","status":"publish","type":"post","link":"https:\/\/teknologiateollisuus.fi\/skol\/vuoden-nuori-konsultti-2023-kilpailun-esivalintaraati-on-tehnyt-valinnan-kilpailun-jatkoon-valituista-kilpailijoista\/","title":{"rendered":"Vuoden nuori konsultti 2023-kilpailun esivalintaraati on tehnyt valinnan kilpailun jatkoon valituista kilpailijoista"},"content":{"rendered":"\n<p>Vuoden nuori konsultti 2023 -kilpailun haku ker\u00e4si kes\u00e4n aikana yhteens\u00e4 26 hakemusta.<\/p>\n\n\n\n<p>SKOL j\u00e4senyrityksill\u00e4 oli kes\u00e4n aikana mahdollisuus nimet\u00e4 mukana kilpailuun heill\u00e4 vuoden aikana ty\u00f6skennelleit\u00e4 nuoria lahjakkaita harjoittelijoita, kes\u00e4- ja projektity\u00f6ntekij\u00f6it\u00e4 taikka opinn\u00e4ytety\u00f6ntekij\u00f6it\u00e4.<\/p>\n\n\n\n<p>Kisaan tulleiden hakemusten perusteella kilpailun esivalintaraati teki keskiviikkona 30.08. valintansa kilpailun jatkoon\u00a0 valituista kymmenest\u00e4 kilpailijasta. Arviointikriteerit kilpailussa olivat menestyminen opinnoissa ja ty\u00f6teht\u00e4viss\u00e4 toimialalla, ty\u00f6n ja opintojen yhteensovittaminen, osaamisen kehitt\u00e4minen, innostus oppia uutta ja ennakkoluuloton asenne sek\u00e4 kiinnostus, harrastuneisuus ja innostus alaa kohtaan sek\u00e4 toimialan my\u00f6nteisen imagon ja vetovoiman edist\u00e4minen.<\/p>\n\n\n\n<p>Kilpailun seuraavassa vaiheessa jatkoon valituista kymmenest\u00e4 kilpailijoista tullaan kuvaamaan kilpailijoiden omat esittelyvideot kilpailun netti\u00e4\u00e4nestyst\u00e4 varten. Netti\u00e4\u00e4nestys kilpailussa avautuu lokakuun aikana.<\/p>\n\n\n\n<p>Kilpailun tulokset julkistetaan SKOLin syysseminaarissa 16.11.23.<\/p>\n\n\n\n<p>Kilpailussa on luvassa rahapalkinto.&nbsp;Palkintosumma on saajalleen veronalaista ansiotuloa, josta suoritetaan ennakonpid\u00e4tys. Kilpailussa palkitaan yksi Vuoden nuori konsultti 4000e arvoisella palkintosummalla sek\u00e4 jaa kaksi kunniamaininnan saajaa 2000e arvoisella palkintosummalla.<\/p>\n\n\n\n<p>Vuoden nuori konsultti -kilpailun tavoitteena on tuoda esille suunnittelu- ja konsultointialaa opiskelevien nuorten osaamista, alamme monimuotoisuutta sek\u00e4 jakaa tunnustusta innovatiivisille ja lahjakkaille nuorille osaajille.<\/p>\n","protected":false},"excerpt":{"rendered":"<p>Kilpailun esivalintaraati on tehnyt valinnan Vuoden nuori konsultti 2023 -kilpailun jatkoon valituista kymmenest\u00e4 kilpailijasta. Kilpailun jatkoon valikoituivat Maija Iiramo Sweco Finlandilta, Eemeli Inkala Visonilta, Olivia Kuronen Ramboll Finlandilta, Sonja Laasonen A-Insin\u00f6\u00f6reilt\u00e4, Liisa Mustonen Sweco Finlandilta, Sini Ollila FCG Finnish Consulting Groupilta, Frida Reinikka Ramboll Finlandilta, Iiro Ristikankare WSP Finlandilta, Nina Tanskanen Sitowiselt\u00e4 sek\u00e4 Oona Tiitinen AFRYlt\u00e4.<\/p>\n","protected":false},"author":50,"featured_media":690,"comment_status":"closed","ping_status":"closed","sticky":false,"template":"","format":"standard","meta":{"_acf_changed":false,"_relevanssi_hide_post":"","_relevanssi_hide_content":"","_relevanssi_pin_for_all":"","_relevanssi_pin_keywords":"","_relevanssi_unpin_keywords":"","_relevanssi_related_keywords":"","_relevanssi_related_include_ids":"","_relevanssi_related_exclude_ids":"","_relevanssi_related_no_append":"","_relevanssi_related_not_related":"","_relevanssi_related_posts":"673,624,615,585,656,677","_relevanssi_noindex_reason":"","inline_featured_image":false,"footnotes":""},"categories":[14],"tags":[],"em_industry":[],"em_theme":[],"class_list":["post-689","post","type-post","status-publish","format-standard","has-post-thumbnail","hentry","category-uutinen"],"acf":[],"yoast_head":"<!-- This site is optimized with the Yoast SEO Premium plugin v27.1 (Yoast SEO v27.5) - https:\/\/yoast.com\/product\/yoast-seo-premium-wordpress\/ -->\n<title>Vuoden nuori konsultti 2023-kilpailun esivalintaraati on tehnyt valinnan kilpailun jatkoon valituista kilpailijoista - Skol<\/title>\n<meta name=\"robots\" content=\"index, follow, max-snippet:-1, max-image-preview:large, max-video-preview:-1\" \/>\n<link rel=\"canonical\" href=\"https:\/\/teknologiateollisuus.fi\/skol\/vuoden-nuori-konsultti-2023-kilpailun-esivalintaraati-on-tehnyt-valinnan-kilpailun-jatkoon-valituista-kilpailijoista\/\" \/>\n<meta property=\"og:locale\" content=\"fi_FI\" \/>\n<meta property=\"og:type\" content=\"article\" \/>\n<meta property=\"og:title\" content=\"Vuoden nuori konsultti 2023-kilpailun esivalintaraati on tehnyt valinnan kilpailun jatkoon valituista kilpailijoista\" \/>\n<meta property=\"og:description\" content=\"Kilpailun esivalintaraati on tehnyt valinnan Vuoden nuori konsultti 2023 -kilpailun jatkoon valituista kymmenest\u00e4 kilpailijasta. Kilpailun jatkoon valikoituivat Maija Iiramo Sweco Finlandilta, Eemeli Inkala Visonilta, Olivia Kuronen Ramboll Finlandilta, Sonja Laasonen A-Insin\u00f6\u00f6reilt\u00e4, Liisa Mustonen Sweco Finlandilta, Sini Ollila FCG Finnish Consulting Groupilta, Frida Reinikka Ramboll Finlandilta, Iiro Ristikankare WSP Finlandilta, Nina Tanskanen Sitowiselt\u00e4 sek\u00e4 Oona Tiitinen AFRYlt\u00e4.\" \/>\n<meta property=\"og:url\" content=\"https:\/\/teknologiateollisuus.fi\/skol\/vuoden-nuori-konsultti-2023-kilpailun-esivalintaraati-on-tehnyt-valinnan-kilpailun-jatkoon-valituista-kilpailijoista\/\" \/>\n<meta property=\"og:site_name\" content=\"Skol\" \/>\n<meta property=\"article:published_time\" content=\"2023-08-31T08:16:00+00:00\" \/>\n<meta property=\"article:modified_time\" content=\"2024-08-09T06:39:52+00:00\" \/>\n<meta property=\"og:image\" content=\"https:\/\/teknologiateollisuus.fi\/skol\/wp-content\/uploads\/sites\/6\/2024\/08\/Leikattu-banneri.jpg\" \/>\n\t<meta property=\"og:image:width\" content=\"524\" \/>\n\t<meta property=\"og:image:height\" content=\"295\" \/>\n\t<meta property=\"og:image:type\" content=\"image\/jpeg\" \/>\n<meta name=\"author\" content=\"anastasia\" \/>\n<meta name=\"twitter:card\" content=\"summary_large_image\" \/>\n<meta name=\"twitter:label1\" content=\"Kirjoittanut\" \/>\n\t<meta name=\"twitter:data1\" content=\"anastasia\" \/>\n\t<meta name=\"twitter:label2\" content=\"Arvioitu lukuaika\" \/>\n\t<meta name=\"twitter:data2\" content=\"2 minuuttia\" \/>\n<script type=\"application\/ld+json\" class=\"yoast-schema-graph\">{\"@context\":\"https:\\\/\\\/schema.org\",\"@graph\":[{\"@type\":\"Article\",\"@id\":\"https:\\\/\\\/teknologiateollisuus.fi\\\/skol\\\/vuoden-nuori-konsultti-2023-kilpailun-esivalintaraati-on-tehnyt-valinnan-kilpailun-jatkoon-valituista-kilpailijoista\\\/#article\",\"isPartOf\":{\"@id\":\"https:\\\/\\\/teknologiateollisuus.fi\\\/skol\\\/vuoden-nuori-konsultti-2023-kilpailun-esivalintaraati-on-tehnyt-valinnan-kilpailun-jatkoon-valituista-kilpailijoista\\\/\"},\"author\":{\"name\":\"anastasia\",\"@id\":\"https:\\\/\\\/teknologiateollisuus.fi\\\/skol\\\/#\\\/schema\\\/person\\\/b9ad169bb516e1aab4b293a3a4fd4a8a\"},\"headline\":\"Vuoden nuori konsultti 2023-kilpailun esivalintaraati on tehnyt valinnan kilpailun jatkoon valituista kilpailijoista\",\"datePublished\":\"2023-08-31T08:16:00+00:00\",\"dateModified\":\"2024-08-09T06:39:52+00:00\",\"mainEntityOfPage\":{\"@id\":\"https:\\\/\\\/teknologiateollisuus.fi\\\/skol\\\/vuoden-nuori-konsultti-2023-kilpailun-esivalintaraati-on-tehnyt-valinnan-kilpailun-jatkoon-valituista-kilpailijoista\\\/\"},\"wordCount\":190,\"image\":{\"@id\":\"https:\\\/\\\/teknologiateollisuus.fi\\\/skol\\\/vuoden-nuori-konsultti-2023-kilpailun-esivalintaraati-on-tehnyt-valinnan-kilpailun-jatkoon-valituista-kilpailijoista\\\/#primaryimage\"},\"thumbnailUrl\":\"https:\\\/\\\/teknologiateollisuus.fi\\\/skol\\\/wp-content\\\/uploads\\\/sites\\\/6\\\/2024\\\/08\\\/Leikattu-banneri.jpg\",\"articleSection\":[\"Uutinen\"],\"inLanguage\":\"fi\"},{\"@type\":\"WebPage\",\"@id\":\"https:\\\/\\\/teknologiateollisuus.fi\\\/skol\\\/vuoden-nuori-konsultti-2023-kilpailun-esivalintaraati-on-tehnyt-valinnan-kilpailun-jatkoon-valituista-kilpailijoista\\\/\",\"url\":\"https:\\\/\\\/teknologiateollisuus.fi\\\/skol\\\/vuoden-nuori-konsultti-2023-kilpailun-esivalintaraati-on-tehnyt-valinnan-kilpailun-jatkoon-valituista-kilpailijoista\\\/\",\"name\":\"Vuoden nuori konsultti 2023-kilpailun esivalintaraati on tehnyt valinnan kilpailun jatkoon valituista kilpailijoista - Skol\",\"isPartOf\":{\"@id\":\"https:\\\/\\\/teknologiateollisuus.fi\\\/skol\\\/#website\"},\"primaryImageOfPage\":{\"@id\":\"https:\\\/\\\/teknologiateollisuus.fi\\\/skol\\\/vuoden-nuori-konsultti-2023-kilpailun-esivalintaraati-on-tehnyt-valinnan-kilpailun-jatkoon-valituista-kilpailijoista\\\/#primaryimage\"},\"image\":{\"@id\":\"https:\\\/\\\/teknologiateollisuus.fi\\\/skol\\\/vuoden-nuori-konsultti-2023-kilpailun-esivalintaraati-on-tehnyt-valinnan-kilpailun-jatkoon-valituista-kilpailijoista\\\/#primaryimage\"},\"thumbnailUrl\":\"https:\\\/\\\/teknologiateollisuus.fi\\\/skol\\\/wp-content\\\/uploads\\\/sites\\\/6\\\/2024\\\/08\\\/Leikattu-banneri.jpg\",\"datePublished\":\"2023-08-31T08:16:00+00:00\",\"dateModified\":\"2024-08-09T06:39:52+00:00\",\"author\":{\"@id\":\"https:\\\/\\\/teknologiateollisuus.fi\\\/skol\\\/#\\\/schema\\\/person\\\/b9ad169bb516e1aab4b293a3a4fd4a8a\"},\"breadcrumb\":{\"@id\":\"https:\\\/\\\/teknologiateollisuus.fi\\\/skol\\\/vuoden-nuori-konsultti-2023-kilpailun-esivalintaraati-on-tehnyt-valinnan-kilpailun-jatkoon-valituista-kilpailijoista\\\/#breadcrumb\"},\"inLanguage\":\"fi\",\"potentialAction\":[{\"@type\":\"ReadAction\",\"target\":[\"https:\\\/\\\/teknologiateollisuus.fi\\\/skol\\\/vuoden-nuori-konsultti-2023-kilpailun-esivalintaraati-on-tehnyt-valinnan-kilpailun-jatkoon-valituista-kilpailijoista\\\/\"]}]},{\"@type\":\"ImageObject\",\"inLanguage\":\"fi\",\"@id\":\"https:\\\/\\\/teknologiateollisuus.fi\\\/skol\\\/vuoden-nuori-konsultti-2023-kilpailun-esivalintaraati-on-tehnyt-valinnan-kilpailun-jatkoon-valituista-kilpailijoista\\\/#primaryimage\",\"url\":\"https:\\\/\\\/teknologiateollisuus.fi\\\/skol\\\/wp-content\\\/uploads\\\/sites\\\/6\\\/2024\\\/08\\\/Leikattu-banneri.jpg\",\"contentUrl\":\"https:\\\/\\\/teknologiateollisuus.fi\\\/skol\\\/wp-content\\\/uploads\\\/sites\\\/6\\\/2024\\\/08\\\/Leikattu-banneri.jpg\",\"width\":524,\"height\":295},{\"@type\":\"BreadcrumbList\",\"@id\":\"https:\\\/\\\/teknologiateollisuus.fi\\\/skol\\\/vuoden-nuori-konsultti-2023-kilpailun-esivalintaraati-on-tehnyt-valinnan-kilpailun-jatkoon-valituista-kilpailijoista\\\/#breadcrumb\",\"itemListElement\":[{\"@type\":\"ListItem\",\"position\":1,\"name\":\"Etusivu\",\"item\":\"https:\\\/\\\/teknologiateollisuus.fi\\\/skol\\\/\"},{\"@type\":\"ListItem\",\"position\":2,\"name\":\"Ajankohtaista\",\"item\":\"https:\\\/\\\/teknologiateollisuus.fi\\\/skol\\\/ajankohtaista\\\/\"},{\"@type\":\"ListItem\",\"position\":3,\"name\":\"Vuoden nuori konsultti 2023-kilpailun esivalintaraati on tehnyt valinnan kilpailun jatkoon valituista kilpailijoista\"}]},{\"@type\":\"WebSite\",\"@id\":\"https:\\\/\\\/teknologiateollisuus.fi\\\/skol\\\/#website\",\"url\":\"https:\\\/\\\/teknologiateollisuus.fi\\\/skol\\\/\",\"name\":\"Skol\",\"description\":\"\",\"potentialAction\":[{\"@type\":\"SearchAction\",\"target\":{\"@type\":\"EntryPoint\",\"urlTemplate\":\"https:\\\/\\\/teknologiateollisuus.fi\\\/skol\\\/?s={search_term_string}\"},\"query-input\":{\"@type\":\"PropertyValueSpecification\",\"valueRequired\":true,\"valueName\":\"search_term_string\"}}],\"inLanguage\":\"fi\"},{\"@type\":\"Person\",\"@id\":\"https:\\\/\\\/teknologiateollisuus.fi\\\/skol\\\/#\\\/schema\\\/person\\\/b9ad169bb516e1aab4b293a3a4fd4a8a\",\"name\":\"anastasia\",\"image\":{\"@type\":\"ImageObject\",\"inLanguage\":\"fi\",\"@id\":\"https:\\\/\\\/secure.gravatar.com\\\/avatar\\\/b56aad35ff6b088150fc2a037117af66d8bea974ca8c2b61bb6f980766050b97?s=96&d=mm&r=g\",\"url\":\"https:\\\/\\\/secure.gravatar.com\\\/avatar\\\/b56aad35ff6b088150fc2a037117af66d8bea974ca8c2b61bb6f980766050b97?s=96&d=mm&r=g\",\"contentUrl\":\"https:\\\/\\\/secure.gravatar.com\\\/avatar\\\/b56aad35ff6b088150fc2a037117af66d8bea974ca8c2b61bb6f980766050b97?s=96&d=mm&r=g\",\"caption\":\"anastasia\"}}]}<\/script>\n<!-- \/ Yoast SEO Premium plugin. -->","yoast_head_json":{"title":"Vuoden nuori konsultti 2023-kilpailun esivalintaraati on tehnyt valinnan kilpailun jatkoon valituista kilpailijoista - Skol","robots":{"index":"index","follow":"follow","max-snippet":"max-snippet:-1","max-image-preview":"max-image-preview:large","max-video-preview":"max-video-preview:-1"},"canonical":"https:\/\/teknologiateollisuus.fi\/skol\/vuoden-nuori-konsultti-2023-kilpailun-esivalintaraati-on-tehnyt-valinnan-kilpailun-jatkoon-valituista-kilpailijoista\/","og_locale":"fi_FI","og_type":"article","og_title":"Vuoden nuori konsultti 2023-kilpailun esivalintaraati on tehnyt valinnan kilpailun jatkoon valituista kilpailijoista","og_description":"Kilpailun esivalintaraati on tehnyt valinnan Vuoden nuori konsultti 2023 -kilpailun jatkoon valituista kymmenest\u00e4 kilpailijasta. Kilpailun jatkoon valikoituivat Maija Iiramo Sweco Finlandilta, Eemeli Inkala Visonilta, Olivia Kuronen Ramboll Finlandilta, Sonja Laasonen A-Insin\u00f6\u00f6reilt\u00e4, Liisa Mustonen Sweco Finlandilta, Sini Ollila FCG Finnish Consulting Groupilta, Frida Reinikka Ramboll Finlandilta, Iiro Ristikankare WSP Finlandilta, Nina Tanskanen Sitowiselt\u00e4 sek\u00e4 Oona Tiitinen AFRYlt\u00e4.","og_url":"https:\/\/teknologiateollisuus.fi\/skol\/vuoden-nuori-konsultti-2023-kilpailun-esivalintaraati-on-tehnyt-valinnan-kilpailun-jatkoon-valituista-kilpailijoista\/","og_site_name":"Skol","article_published_time":"2023-08-31T08:16:00+00:00","article_modified_time":"2024-08-09T06:39:52+00:00","og_image":[{"width":524,"height":295,"url":"https:\/\/teknologiateollisuus.fi\/skol\/wp-content\/uploads\/sites\/6\/2024\/08\/Leikattu-banneri.jpg","type":"image\/jpeg"}],"author":"anastasia","twitter_card":"summary_large_image","twitter_misc":{"Kirjoittanut":"anastasia","Arvioitu lukuaika":"2 minuuttia"},"schema":{"@context":"https:\/\/schema.org","@graph":[{"@type":"Article","@id":"https:\/\/teknologiateollisuus.fi\/skol\/vuoden-nuori-konsultti-2023-kilpailun-esivalintaraati-on-tehnyt-valinnan-kilpailun-jatkoon-valituista-kilpailijoista\/#article","isPartOf":{"@id":"https:\/\/teknologiateollisuus.fi\/skol\/vuoden-nuori-konsultti-2023-kilpailun-esivalintaraati-on-tehnyt-valinnan-kilpailun-jatkoon-valituista-kilpailijoista\/"},"author":{"name":"anastasia","@id":"https:\/\/teknologiateollisuus.fi\/skol\/#\/schema\/person\/b9ad169bb516e1aab4b293a3a4fd4a8a"},"headline":"Vuoden nuori konsultti 2023-kilpailun esivalintaraati on tehnyt valinnan kilpailun jatkoon valituista kilpailijoista","datePublished":"2023-08-31T08:16:00+00:00","dateModified":"2024-08-09T06:39:52+00:00","mainEntityOfPage":{"@id":"https:\/\/teknologiateollisuus.fi\/skol\/vuoden-nuori-konsultti-2023-kilpailun-esivalintaraati-on-tehnyt-valinnan-kilpailun-jatkoon-valituista-kilpailijoista\/"},"wordCount":190,"image":{"@id":"https:\/\/teknologiateollisuus.fi\/skol\/vuoden-nuori-konsultti-2023-kilpailun-esivalintaraati-on-tehnyt-valinnan-kilpailun-jatkoon-valituista-kilpailijoista\/#primaryimage"},"thumbnailUrl":"https:\/\/teknologiateollisuus.fi\/skol\/wp-content\/uploads\/sites\/6\/2024\/08\/Leikattu-banneri.jpg","articleSection":["Uutinen"],"inLanguage":"fi"},{"@type":"WebPage","@id":"https:\/\/teknologiateollisuus.fi\/skol\/vuoden-nuori-konsultti-2023-kilpailun-esivalintaraati-on-tehnyt-valinnan-kilpailun-jatkoon-valituista-kilpailijoista\/","url":"https:\/\/teknologiateollisuus.fi\/skol\/vuoden-nuori-konsultti-2023-kilpailun-esivalintaraati-on-tehnyt-valinnan-kilpailun-jatkoon-valituista-kilpailijoista\/","name":"Vuoden nuori konsultti 2023-kilpailun esivalintaraati on tehnyt valinnan kilpailun jatkoon valituista kilpailijoista - Skol","isPartOf":{"@id":"https:\/\/teknologiateollisuus.fi\/skol\/#website"},"primaryImageOfPage":{"@id":"https:\/\/teknologiateollisuus.fi\/skol\/vuoden-nuori-konsultti-2023-kilpailun-esivalintaraati-on-tehnyt-valinnan-kilpailun-jatkoon-valituista-kilpailijoista\/#primaryimage"},"image":{"@id":"https:\/\/teknologiateollisuus.fi\/skol\/vuoden-nuori-konsultti-2023-kilpailun-esivalintaraati-on-tehnyt-valinnan-kilpailun-jatkoon-valituista-kilpailijoista\/#primaryimage"},"thumbnailUrl":"https:\/\/teknologiateollisuus.fi\/skol\/wp-content\/uploads\/sites\/6\/2024\/08\/Leikattu-banneri.jpg","datePublished":"2023-08-31T08:16:00+00:00","dateModified":"2024-08-09T06:39:52+00:00","author":{"@id":"https:\/\/teknologiateollisuus.fi\/skol\/#\/schema\/person\/b9ad169bb516e1aab4b293a3a4fd4a8a"},"breadcrumb":{"@id":"https:\/\/teknologiateollisuus.fi\/skol\/vuoden-nuori-konsultti-2023-kilpailun-esivalintaraati-on-tehnyt-valinnan-kilpailun-jatkoon-valituista-kilpailijoista\/#breadcrumb"},"inLanguage":"fi","potentialAction":[{"@type":"ReadAction","target":["https:\/\/teknologiateollisuus.fi\/skol\/vuoden-nuori-konsultti-2023-kilpailun-esivalintaraati-on-tehnyt-valinnan-kilpailun-jatkoon-valituista-kilpailijoista\/"]}]},{"@type":"ImageObject","inLanguage":"fi","@id":"https:\/\/teknologiateollisuus.fi\/skol\/vuoden-nuori-konsultti-2023-kilpailun-esivalintaraati-on-tehnyt-valinnan-kilpailun-jatkoon-valituista-kilpailijoista\/#primaryimage","url":"https:\/\/teknologiateollisuus.fi\/skol\/wp-content\/uploads\/sites\/6\/2024\/08\/Leikattu-banneri.jpg","contentUrl":"https:\/\/teknologiateollisuus.fi\/skol\/wp-content\/uploads\/sites\/6\/2024\/08\/Leikattu-banneri.jpg","width":524,"height":295},{"@type":"BreadcrumbList","@id":"https:\/\/teknologiateollisuus.fi\/skol\/vuoden-nuori-konsultti-2023-kilpailun-esivalintaraati-on-tehnyt-valinnan-kilpailun-jatkoon-valituista-kilpailijoista\/#breadcrumb","itemListElement":[{"@type":"ListItem","position":1,"name":"Etusivu","item":"https:\/\/teknologiateollisuus.fi\/skol\/"},{"@type":"ListItem","position":2,"name":"Ajankohtaista","item":"https:\/\/teknologiateollisuus.fi\/skol\/ajankohtaista\/"},{"@type":"ListItem","position":3,"name":"Vuoden nuori konsultti 2023-kilpailun esivalintaraati on tehnyt valinnan kilpailun jatkoon valituista kilpailijoista"}]},{"@type":"WebSite","@id":"https:\/\/teknologiateollisuus.fi\/skol\/#website","url":"https:\/\/teknologiateollisuus.fi\/skol\/","name":"Skol","description":"","potentialAction":[{"@type":"SearchAction","target":{"@type":"EntryPoint","urlTemplate":"https:\/\/teknologiateollisuus.fi\/skol\/?s={search_term_string}"},"query-input":{"@type":"PropertyValueSpecification","valueRequired":true,"valueName":"search_term_string"}}],"inLanguage":"fi"},{"@type":"Person","@id":"https:\/\/teknologiateollisuus.fi\/skol\/#\/schema\/person\/b9ad169bb516e1aab4b293a3a4fd4a8a","name":"anastasia","image":{"@type":"ImageObject","inLanguage":"fi","@id":"https:\/\/secure.gravatar.com\/avatar\/b56aad35ff6b088150fc2a037117af66d8bea974ca8c2b61bb6f980766050b97?s=96&d=mm&r=g","url":"https:\/\/secure.gravatar.com\/avatar\/b56aad35ff6b088150fc2a037117af66d8bea974ca8c2b61bb6f980766050b97?s=96&d=mm&r=g","contentUrl":"https:\/\/secure.gravatar.com\/avatar\/b56aad35ff6b088150fc2a037117af66d8bea974ca8c2b61bb6f980766050b97?s=96&d=mm&r=g","caption":"anastasia"}}]}},"lang":"fi","translations":{"fi":689},"pll_sync_post":{},"_links":{"self":[{"href":"https:\/\/teknologiateollisuus.fi\/skol\/wp-json\/wp\/v2\/posts\/689","targetHints":{"allow":["GET"]}}],"collection":[{"href":"https:\/\/teknologiateollisuus.fi\/skol\/wp-json\/wp\/v2\/posts"}],"about":[{"href":"https:\/\/teknologiateollisuus.fi\/skol\/wp-json\/wp\/v2\/types\/post"}],"author":[{"embeddable":true,"href":"https:\/\/teknologiateollisuus.fi\/skol\/wp-json\/wp\/v2\/users\/50"}],"replies":[{"embeddable":true,"href":"https:\/\/teknologiateollisuus.fi\/skol\/wp-json\/wp\/v2\/comments?post=689"}],"version-history":[{"count":1,"href":"https:\/\/teknologiateollisuus.fi\/skol\/wp-json\/wp\/v2\/posts\/689\/revisions"}],"predecessor-version":[{"id":691,"href":"https:\/\/teknologiateollisuus.fi\/skol\/wp-json\/wp\/v2\/posts\/689\/revisions\/691"}],"wp:featuredmedia":[{"embeddable":true,"href":"https:\/\/teknologiateollisuus.fi\/skol\/wp-json\/wp\/v2\/media\/690"}],"wp:attachment":[{"href":"https:\/\/teknologiateollisuus.fi\/skol\/wp-json\/wp\/v2\/media?parent=689"}],"wp:term":[{"taxonomy":"category","embeddable":true,"href":"https:\/\/teknologiateollisuus.fi\/skol\/wp-json\/wp\/v2\/categories?post=689"},{"taxonomy":"post_tag","embeddable":true,"href":"https:\/\/teknologiateollisuus.fi\/skol\/wp-json\/wp\/v2\/tags?post=689"},{"taxonomy":"em_industry","embeddable":true,"href":"https:\/\/teknologiateollisuus.fi\/skol\/wp-json\/wp\/v2\/em_industry?post=689"},{"taxonomy":"em_theme","embeddable":true,"href":"https:\/\/teknologiateollisuus.fi\/skol\/wp-json\/wp\/v2\/em_theme?post=689"}],"curies":[{"name":"wp","href":"https:\/\/api.w.org\/{rel}","templated":true}]}}