{"id":1147,"date":"2025-02-01T18:56:14","date_gmt":"2025-02-01T16:56:14","guid":{"rendered":"https:\/\/teknologiateollisuus.fi\/teknologiatyonantajat\/?p=1147"},"modified":"2025-02-01T19:12:22","modified_gmt":"2025-02-01T17:12:22","slug":"vuoden-toinen-lakkoviikko-alkaa-tyoehtokiistan-sovittelu-ei-edennyt","status":"publish","type":"post","link":"https:\/\/teknologiateollisuus.fi\/teknologiatyonantajat\/vuoden-toinen-lakkoviikko-alkaa-tyoehtokiistan-sovittelu-ei-edennyt\/","title":{"rendered":"Vuoden toinen lakkoviikko alkaa \u2013 Ty\u00f6ehtokiistan sovittelu ei edennyt"},"content":{"rendered":"\n<p>Teollisuusliiton sek\u00e4 Ammattiliitto Pron ty\u00f6ntekij\u00e4t ovat olleet lakossa teknologiateollisuuden yrityksiss\u00e4 27.1.\u20131.2, ja vuoden toinen lakkoviikko alkaa maanantaina 3. helmikuuta. Lakko jatkuu ensi lauantaihin, mik\u00e4li ty\u00f6ehdoista ei sit\u00e4 ennen p\u00e4\u00e4st\u00e4 sopuun. Ty\u00f6ehtokiistan sovittelu jatkuu Teollisuusliiton kanssa keskiviikkona 5. helmikuuta, Pron kanssa seuraavaa sovittelua ei ole viel\u00e4 p\u00e4\u00e4tetty.<\/p>\n\n\n\n<p>Teollisuusliitto on ilmoittanut t\u00e4lle vuodelle yhteens\u00e4 l\u00e4hes nelj\u00e4 viikkoa kest\u00e4vist\u00e4 lakoista, joita useat SAK:laiset ammattiliitot tukevat muun muassa pys\u00e4ytt\u00e4m\u00e4ll\u00e4 suomalaisten yritysten kansainv\u00e4listen asiakkaiden tuotteet satamiin. Joulukuussa Teknologiateollisuuden j\u00e4senyrityksiss\u00e4 j\u00e4rjestettiin kuuden p\u00e4iv\u00e4n ajan vuorokauden mittaisia lakkoja.<\/p>\n\n\n\n<p>Teollisuuden ty\u00f6ehdoista on neuvoteltu yli nelj\u00e4 kuukautta, mutta osapuolten n\u00e4kemykset palkankorotuksista ovat yh\u00e4 hyvin kaukana toisistaan. Tekstikysymyksist\u00e4 p\u00f6ydiss\u00e4 on jo yhteisymm\u00e4rrys, mutta palkansaajapuolen palkankorotustavoite on edelleen niin korkea, ett\u00e4 se asettaa merkitt\u00e4vi\u00e4 haasteita Suomen kilpailukyvylle ja kasvumahdollisuuksille.<\/p>\n\n\n\n<p>\u2013 Meill\u00e4 on ollut tavoitteena saada aikaan ratkaisu, joka vastaa kummankin osapuolen tavoitteisiin, sek\u00e4 ostovoiman parantamiseen ett\u00e4 kilpailukyvyn s\u00e4ilytt\u00e4miseen, mutta lakkoilemalla yritysten kilpailukyky heikkenee entisest\u00e4\u00e4n, sanoo Teknologiateollisuuden ty\u00f6nantajat ry:n toimitusjohtaja&nbsp;<strong>Jarkko Ruohoniemi<\/strong>.<\/p>\n\n\n\n<p>Ratkaisun syntyminen edellytt\u00e4\u00e4 molemminpuolista, vastuullista ymm\u00e4rryst\u00e4 teknologiateollisuusyritysten tilanteesta. Kysynt\u00e4 on jatkanut heikkenemist\u00e4\u00e4n jo pitk\u00e4\u00e4n, lomautusten ja muutosneuvotteluiden m\u00e4\u00e4r\u00e4 on lis\u00e4\u00e4ntynyt, eik\u00e4 k\u00e4\u00e4nnett\u00e4 parempaan ole viel\u00e4k\u00e4\u00e4n n\u00e4ht\u00e4vill\u00e4. Lakoilla Teollisuusliitto yritt\u00e4\u00e4 pakottaa ty\u00f6nantajat kilpailukyky\u00e4 heikent\u00e4viin palkankorotuksiin.<\/p>\n\n\n\n<div class=\"wp-block-evermade-links em-block-links has-columns-1\">\n<a\n\tclass=\"wp-block-evermade-internal-link em-block-link is-internal   has-subtitle\"\n\thref=\"https:\/\/teknologiateollisuus.fi\/teknologiatyonantajat\/lakkoja-uhataan-jalleen-laajentaa\/\"\n\taria-label=\"Avaa samassa v\u00e4lilehdess\u00e4\"\n\ttarget=\"_self\"\n\trel=\"noopener\"\n>\n\t<div class=\"em-block-link__content\">\n\t\t<span class=\"em-block-link__title\">\n\t\t\tLakkoja uhataan j\u00e4lleen laajentaa\t\t<\/span>\n\t\t\t\t\t<span class=\"em-block-link__subtitle\">\n\t\t\t\tUutinen, jossa ovat teknologiateollisuuteen ilmoitetut ty\u00f6taistelut sek\u00e4 niiden kohteena olevat yritykset ja toimipaikat\t\t\t<\/span>\n\t\t\t<\/div>\n\t\t\t<div class=\"em-block-link__arrow\"><\/div>\n\t\t<div class=\"em-block-link__pressable\"><\/div>\n\t<\/a>\n<\/div>\n\n\n\n<div class=\"wp-block-scb-columns scb-columns  has-mobile-behavior--stacked em-pattern-event-contacts\">\n<div class=\"wp-block-scb-column scb-column\">\n<h2 class=\"wp-block-heading\" id=\"h-lisatietoja\" id=\"lisatietoja\">Lis\u00e4tietoja<\/h2>\n\n\n\n<article class=\"em-block-contact-card is-style-list\">\n\n\t<div class=\"em-block-contact-card__image\">\n\t\t\t\t\t<img loading=\"lazy\" decoding=\"async\" width=\"300\" height=\"400\" src=\"https:\/\/teknologiateollisuus.fi\/teknologiatyonantajat\/wp-content\/uploads\/sites\/4\/2024\/08\/Jarkko-Ruohoniemi.png\" class=\"attachment-portrait size-portrait\" alt=\"\" \/>\t\t\t<\/div>\n\t<div class=\"em-block-contact-card__content-wrapper\">\n\t\t<div class=\"em-block-contact-card__content\">\n\t\t\t\t\t\t<h3 class=\"em-block-contact-card__title\"><a target=\"_self\" href=\"https:\/\/teknologiateollisuus.fi\/teknologiatyonantajat\/contacts\/jarkko-ruohoniemi\/\">Jarkko Ruohoniemi<\/a><\/h3>\n\t\t\t\t\t\t\t<span class=\"em-block-contact-card__job_title\">Toimitusjohtaja (neuvottelee my\u00f6s teknologiateollisuuden ty\u00f6ntekij\u00f6iden valtakunnallisen ty\u00f6ehtosopimuksen)<\/span>\n\t\t\t\t\t\t<span class=\"em-block-contact-card__organisation\">Teknologiateollisuuden ty\u00f6nantajat ry<\/span>\n\t\t<\/div>\n\t\t<div class=\"em-block-contact-card__content\">\n\t\t\t\t\t\t<address class=\"em-block-contact-card__contact-details\">\n\t\t\t\t<span class=\"em-block-contact-card__phone\">\n\t\t\t\t\t<a href=\"tel:+358 40 833 9577\">+358 40 833 9577<\/a>\n\t\t\t\t<\/span>\n\t\t\t\t<span class=\"em-block-contact-card__email\">\n\t\t\t\t\t<a href=\"mailto:jarkko.ruohoniemi@teknologiateollisuus.fi\">jarkko.ruohoniemi@teknologiateollisuus.fi<\/a>\n\t\t\t\t<\/span>\n\t\t\t<\/address>\n\t\t\t\t\t<\/div>\n\t<\/div>\n\n<\/article>\n<\/div>\n<\/div>\n","protected":false},"excerpt":{"rendered":"<p>Teknologiateollisuuden ty\u00f6nantajien ja Teollisuusliiton ty\u00f6ehtokiistan sovittelua jatkettiin lauantaina 1. helmikuuta, mutta neuvottelut p\u00e4\u00e4ttyiv\u00e4t tuloksettomina. Teollisuusliiton ja ammattiliitto Pron ilmoittama, vuoden toinen lakkoviikko alkaa maanantaina.<\/p>\n","protected":false},"author":47,"featured_media":1127,"comment_status":"closed","ping_status":"closed","sticky":false,"template":"","format":"standard","meta":{"_acf_changed":false,"_relevanssi_hide_post":"","_relevanssi_hide_content":"","_relevanssi_pin_for_all":"","_relevanssi_pin_keywords":"","_relevanssi_unpin_keywords":"","_relevanssi_related_keywords":"","_relevanssi_related_include_ids":"","_relevanssi_related_exclude_ids":"","_relevanssi_related_no_append":"","_relevanssi_related_not_related":"","_relevanssi_related_posts":"296,939,822,631,613,501","_relevanssi_noindex_reason":"","inline_featured_image":false,"footnotes":""},"categories":[16],"tags":[],"em_industry":[],"em_theme":[],"class_list":["post-1147","post","type-post","status-publish","format-standard","has-post-thumbnail","hentry","category-tiedote"],"acf":[],"yoast_head":"<!-- This site is optimized with the Yoast SEO Premium plugin v27.1 (Yoast SEO v27.5) - https:\/\/yoast.com\/product\/yoast-seo-premium-wordpress\/ -->\n<title>Vuoden toinen lakkoviikko alkaa \u2013 Ty\u00f6ehtokiistan sovittelu ei edennyt - Teknologiaty\u00f6nantajat<\/title>\n<meta name=\"robots\" content=\"index, follow, max-snippet:-1, max-image-preview:large, max-video-preview:-1\" \/>\n<link rel=\"canonical\" href=\"https:\/\/teknologiateollisuus.fi\/teknologiatyonantajat\/vuoden-toinen-lakkoviikko-alkaa-tyoehtokiistan-sovittelu-ei-edennyt\/\" \/>\n<meta property=\"og:locale\" content=\"fi_FI\" \/>\n<meta property=\"og:type\" content=\"article\" \/>\n<meta property=\"og:title\" content=\"Vuoden toinen lakkoviikko alkaa \u2013 Ty\u00f6ehtokiistan sovittelu ei edennyt\" \/>\n<meta property=\"og:description\" content=\"Teknologiateollisuuden ty\u00f6nantajien ja Teollisuusliiton ty\u00f6ehtokiistan sovittelua jatkettiin lauantaina 1. helmikuuta, mutta neuvottelut p\u00e4\u00e4ttyiv\u00e4t tuloksettomina. Teollisuusliiton ja ammattiliitto Pron ilmoittama, vuoden toinen lakkoviikko alkaa maanantaina.\" \/>\n<meta property=\"og:url\" content=\"https:\/\/teknologiateollisuus.fi\/teknologiatyonantajat\/vuoden-toinen-lakkoviikko-alkaa-tyoehtokiistan-sovittelu-ei-edennyt\/\" \/>\n<meta property=\"og:site_name\" content=\"Teknologiaty\u00f6nantajat\" \/>\n<meta property=\"article:published_time\" content=\"2025-02-01T16:56:14+00:00\" \/>\n<meta property=\"article:modified_time\" content=\"2025-02-01T17:12:22+00:00\" \/>\n<meta property=\"og:image\" content=\"https:\/\/teknologiateollisuus.fi\/teknologiatyonantajat\/wp-content\/uploads\/sites\/4\/2025\/01\/Telakka_pieni_2-1.jpg\" \/>\n\t<meta property=\"og:image:width\" content=\"1200\" \/>\n\t<meta property=\"og:image:height\" content=\"800\" \/>\n\t<meta property=\"og:image:type\" content=\"image\/jpeg\" \/>\n<meta name=\"author\" content=\"marjoollikainen\" \/>\n<meta name=\"twitter:card\" content=\"summary_large_image\" \/>\n<meta name=\"twitter:label1\" content=\"Kirjoittanut\" \/>\n\t<meta name=\"twitter:data1\" content=\"marjoollikainen\" \/>\n\t<meta name=\"twitter:label2\" content=\"Arvioitu lukuaika\" \/>\n\t<meta name=\"twitter:data2\" content=\"2 minuuttia\" \/>\n<script type=\"application\/ld+json\" class=\"yoast-schema-graph\">{\"@context\":\"https:\\\/\\\/schema.org\",\"@graph\":[{\"@type\":\"Article\",\"@id\":\"https:\\\/\\\/teknologiateollisuus.fi\\\/teknologiatyonantajat\\\/vuoden-toinen-lakkoviikko-alkaa-tyoehtokiistan-sovittelu-ei-edennyt\\\/#article\",\"isPartOf\":{\"@id\":\"https:\\\/\\\/teknologiateollisuus.fi\\\/teknologiatyonantajat\\\/vuoden-toinen-lakkoviikko-alkaa-tyoehtokiistan-sovittelu-ei-edennyt\\\/\"},\"author\":{\"name\":\"marjoollikainen\",\"@id\":\"https:\\\/\\\/teknologiateollisuus.fi\\\/teknologiatyonantajat\\\/#\\\/schema\\\/person\\\/ee66288ac47ac1416537443147f77834\"},\"headline\":\"Vuoden toinen lakkoviikko alkaa \u2013 Ty\u00f6ehtokiistan sovittelu ei edennyt\",\"datePublished\":\"2025-02-01T16:56:14+00:00\",\"dateModified\":\"2025-02-01T17:12:22+00:00\",\"mainEntityOfPage\":{\"@id\":\"https:\\\/\\\/teknologiateollisuus.fi\\\/teknologiatyonantajat\\\/vuoden-toinen-lakkoviikko-alkaa-tyoehtokiistan-sovittelu-ei-edennyt\\\/\"},\"wordCount\":233,\"image\":{\"@id\":\"https:\\\/\\\/teknologiateollisuus.fi\\\/teknologiatyonantajat\\\/vuoden-toinen-lakkoviikko-alkaa-tyoehtokiistan-sovittelu-ei-edennyt\\\/#primaryimage\"},\"thumbnailUrl\":\"https:\\\/\\\/teknologiateollisuus.fi\\\/teknologiatyonantajat\\\/wp-content\\\/uploads\\\/sites\\\/4\\\/2025\\\/01\\\/Telakka_pieni_2-1.jpg\",\"articleSection\":[\"Tiedote\"],\"inLanguage\":\"fi\"},{\"@type\":\"WebPage\",\"@id\":\"https:\\\/\\\/teknologiateollisuus.fi\\\/teknologiatyonantajat\\\/vuoden-toinen-lakkoviikko-alkaa-tyoehtokiistan-sovittelu-ei-edennyt\\\/\",\"url\":\"https:\\\/\\\/teknologiateollisuus.fi\\\/teknologiatyonantajat\\\/vuoden-toinen-lakkoviikko-alkaa-tyoehtokiistan-sovittelu-ei-edennyt\\\/\",\"name\":\"Vuoden toinen lakkoviikko alkaa \u2013 Ty\u00f6ehtokiistan sovittelu ei edennyt - Teknologiaty\u00f6nantajat\",\"isPartOf\":{\"@id\":\"https:\\\/\\\/teknologiateollisuus.fi\\\/teknologiatyonantajat\\\/#website\"},\"primaryImageOfPage\":{\"@id\":\"https:\\\/\\\/teknologiateollisuus.fi\\\/teknologiatyonantajat\\\/vuoden-toinen-lakkoviikko-alkaa-tyoehtokiistan-sovittelu-ei-edennyt\\\/#primaryimage\"},\"image\":{\"@id\":\"https:\\\/\\\/teknologiateollisuus.fi\\\/teknologiatyonantajat\\\/vuoden-toinen-lakkoviikko-alkaa-tyoehtokiistan-sovittelu-ei-edennyt\\\/#primaryimage\"},\"thumbnailUrl\":\"https:\\\/\\\/teknologiateollisuus.fi\\\/teknologiatyonantajat\\\/wp-content\\\/uploads\\\/sites\\\/4\\\/2025\\\/01\\\/Telakka_pieni_2-1.jpg\",\"datePublished\":\"2025-02-01T16:56:14+00:00\",\"dateModified\":\"2025-02-01T17:12:22+00:00\",\"author\":{\"@id\":\"https:\\\/\\\/teknologiateollisuus.fi\\\/teknologiatyonantajat\\\/#\\\/schema\\\/person\\\/ee66288ac47ac1416537443147f77834\"},\"breadcrumb\":{\"@id\":\"https:\\\/\\\/teknologiateollisuus.fi\\\/teknologiatyonantajat\\\/vuoden-toinen-lakkoviikko-alkaa-tyoehtokiistan-sovittelu-ei-edennyt\\\/#breadcrumb\"},\"inLanguage\":\"fi\",\"potentialAction\":[{\"@type\":\"ReadAction\",\"target\":[\"https:\\\/\\\/teknologiateollisuus.fi\\\/teknologiatyonantajat\\\/vuoden-toinen-lakkoviikko-alkaa-tyoehtokiistan-sovittelu-ei-edennyt\\\/\"]}]},{\"@type\":\"ImageObject\",\"inLanguage\":\"fi\",\"@id\":\"https:\\\/\\\/teknologiateollisuus.fi\\\/teknologiatyonantajat\\\/vuoden-toinen-lakkoviikko-alkaa-tyoehtokiistan-sovittelu-ei-edennyt\\\/#primaryimage\",\"url\":\"https:\\\/\\\/teknologiateollisuus.fi\\\/teknologiatyonantajat\\\/wp-content\\\/uploads\\\/sites\\\/4\\\/2025\\\/01\\\/Telakka_pieni_2-1.jpg\",\"contentUrl\":\"https:\\\/\\\/teknologiateollisuus.fi\\\/teknologiatyonantajat\\\/wp-content\\\/uploads\\\/sites\\\/4\\\/2025\\\/01\\\/Telakka_pieni_2-1.jpg\",\"width\":1200,\"height\":800,\"caption\":\"Nostureita kirkasta taivasta vasten Hietalahden telakalla Helsingiss\u00e4, etualalla satama-allas\"},{\"@type\":\"BreadcrumbList\",\"@id\":\"https:\\\/\\\/teknologiateollisuus.fi\\\/teknologiatyonantajat\\\/vuoden-toinen-lakkoviikko-alkaa-tyoehtokiistan-sovittelu-ei-edennyt\\\/#breadcrumb\",\"itemListElement\":[{\"@type\":\"ListItem\",\"position\":1,\"name\":\"Etusivu\",\"item\":\"https:\\\/\\\/teknologiateollisuus.fi\\\/teknologiatyonantajat\\\/\"},{\"@type\":\"ListItem\",\"position\":2,\"name\":\"Ajankohtaista\",\"item\":\"https:\\\/\\\/teknologiateollisuus.fi\\\/teknologiatyonantajat\\\/ajankohtaista\\\/\"},{\"@type\":\"ListItem\",\"position\":3,\"name\":\"Vuoden toinen lakkoviikko alkaa \u2013 Ty\u00f6ehtokiistan sovittelu ei edennyt\"}]},{\"@type\":\"WebSite\",\"@id\":\"https:\\\/\\\/teknologiateollisuus.fi\\\/teknologiatyonantajat\\\/#website\",\"url\":\"https:\\\/\\\/teknologiateollisuus.fi\\\/teknologiatyonantajat\\\/\",\"name\":\"Teknologiaty\u00f6nantajat\",\"description\":\"\",\"potentialAction\":[{\"@type\":\"SearchAction\",\"target\":{\"@type\":\"EntryPoint\",\"urlTemplate\":\"https:\\\/\\\/teknologiateollisuus.fi\\\/teknologiatyonantajat\\\/?s={search_term_string}\"},\"query-input\":{\"@type\":\"PropertyValueSpecification\",\"valueRequired\":true,\"valueName\":\"search_term_string\"}}],\"inLanguage\":\"fi\"},{\"@type\":\"Person\",\"@id\":\"https:\\\/\\\/teknologiateollisuus.fi\\\/teknologiatyonantajat\\\/#\\\/schema\\\/person\\\/ee66288ac47ac1416537443147f77834\",\"name\":\"marjoollikainen\",\"image\":{\"@type\":\"ImageObject\",\"inLanguage\":\"fi\",\"@id\":\"https:\\\/\\\/secure.gravatar.com\\\/avatar\\\/a2911a749fbdad14d0f1114c4f3f0f69dfa865bbd2978dacd77ddfc8c81bd0b4?s=96&d=mm&r=g\",\"url\":\"https:\\\/\\\/secure.gravatar.com\\\/avatar\\\/a2911a749fbdad14d0f1114c4f3f0f69dfa865bbd2978dacd77ddfc8c81bd0b4?s=96&d=mm&r=g\",\"contentUrl\":\"https:\\\/\\\/secure.gravatar.com\\\/avatar\\\/a2911a749fbdad14d0f1114c4f3f0f69dfa865bbd2978dacd77ddfc8c81bd0b4?s=96&d=mm&r=g\",\"caption\":\"marjoollikainen\"}}]}<\/script>\n<!-- \/ Yoast SEO Premium plugin. -->","yoast_head_json":{"title":"Vuoden toinen lakkoviikko alkaa \u2013 Ty\u00f6ehtokiistan sovittelu ei edennyt - Teknologiaty\u00f6nantajat","robots":{"index":"index","follow":"follow","max-snippet":"max-snippet:-1","max-image-preview":"max-image-preview:large","max-video-preview":"max-video-preview:-1"},"canonical":"https:\/\/teknologiateollisuus.fi\/teknologiatyonantajat\/vuoden-toinen-lakkoviikko-alkaa-tyoehtokiistan-sovittelu-ei-edennyt\/","og_locale":"fi_FI","og_type":"article","og_title":"Vuoden toinen lakkoviikko alkaa \u2013 Ty\u00f6ehtokiistan sovittelu ei edennyt","og_description":"Teknologiateollisuuden ty\u00f6nantajien ja Teollisuusliiton ty\u00f6ehtokiistan sovittelua jatkettiin lauantaina 1. helmikuuta, mutta neuvottelut p\u00e4\u00e4ttyiv\u00e4t tuloksettomina. Teollisuusliiton ja ammattiliitto Pron ilmoittama, vuoden toinen lakkoviikko alkaa maanantaina.","og_url":"https:\/\/teknologiateollisuus.fi\/teknologiatyonantajat\/vuoden-toinen-lakkoviikko-alkaa-tyoehtokiistan-sovittelu-ei-edennyt\/","og_site_name":"Teknologiaty\u00f6nantajat","article_published_time":"2025-02-01T16:56:14+00:00","article_modified_time":"2025-02-01T17:12:22+00:00","og_image":[{"width":1200,"height":800,"url":"https:\/\/teknologiateollisuus.fi\/teknologiatyonantajat\/wp-content\/uploads\/sites\/4\/2025\/01\/Telakka_pieni_2-1.jpg","type":"image\/jpeg"}],"author":"marjoollikainen","twitter_card":"summary_large_image","twitter_misc":{"Kirjoittanut":"marjoollikainen","Arvioitu lukuaika":"2 minuuttia"},"schema":{"@context":"https:\/\/schema.org","@graph":[{"@type":"Article","@id":"https:\/\/teknologiateollisuus.fi\/teknologiatyonantajat\/vuoden-toinen-lakkoviikko-alkaa-tyoehtokiistan-sovittelu-ei-edennyt\/#article","isPartOf":{"@id":"https:\/\/teknologiateollisuus.fi\/teknologiatyonantajat\/vuoden-toinen-lakkoviikko-alkaa-tyoehtokiistan-sovittelu-ei-edennyt\/"},"author":{"name":"marjoollikainen","@id":"https:\/\/teknologiateollisuus.fi\/teknologiatyonantajat\/#\/schema\/person\/ee66288ac47ac1416537443147f77834"},"headline":"Vuoden toinen lakkoviikko alkaa \u2013 Ty\u00f6ehtokiistan sovittelu ei edennyt","datePublished":"2025-02-01T16:56:14+00:00","dateModified":"2025-02-01T17:12:22+00:00","mainEntityOfPage":{"@id":"https:\/\/teknologiateollisuus.fi\/teknologiatyonantajat\/vuoden-toinen-lakkoviikko-alkaa-tyoehtokiistan-sovittelu-ei-edennyt\/"},"wordCount":233,"image":{"@id":"https:\/\/teknologiateollisuus.fi\/teknologiatyonantajat\/vuoden-toinen-lakkoviikko-alkaa-tyoehtokiistan-sovittelu-ei-edennyt\/#primaryimage"},"thumbnailUrl":"https:\/\/teknologiateollisuus.fi\/teknologiatyonantajat\/wp-content\/uploads\/sites\/4\/2025\/01\/Telakka_pieni_2-1.jpg","articleSection":["Tiedote"],"inLanguage":"fi"},{"@type":"WebPage","@id":"https:\/\/teknologiateollisuus.fi\/teknologiatyonantajat\/vuoden-toinen-lakkoviikko-alkaa-tyoehtokiistan-sovittelu-ei-edennyt\/","url":"https:\/\/teknologiateollisuus.fi\/teknologiatyonantajat\/vuoden-toinen-lakkoviikko-alkaa-tyoehtokiistan-sovittelu-ei-edennyt\/","name":"Vuoden toinen lakkoviikko alkaa \u2013 Ty\u00f6ehtokiistan sovittelu ei edennyt - Teknologiaty\u00f6nantajat","isPartOf":{"@id":"https:\/\/teknologiateollisuus.fi\/teknologiatyonantajat\/#website"},"primaryImageOfPage":{"@id":"https:\/\/teknologiateollisuus.fi\/teknologiatyonantajat\/vuoden-toinen-lakkoviikko-alkaa-tyoehtokiistan-sovittelu-ei-edennyt\/#primaryimage"},"image":{"@id":"https:\/\/teknologiateollisuus.fi\/teknologiatyonantajat\/vuoden-toinen-lakkoviikko-alkaa-tyoehtokiistan-sovittelu-ei-edennyt\/#primaryimage"},"thumbnailUrl":"https:\/\/teknologiateollisuus.fi\/teknologiatyonantajat\/wp-content\/uploads\/sites\/4\/2025\/01\/Telakka_pieni_2-1.jpg","datePublished":"2025-02-01T16:56:14+00:00","dateModified":"2025-02-01T17:12:22+00:00","author":{"@id":"https:\/\/teknologiateollisuus.fi\/teknologiatyonantajat\/#\/schema\/person\/ee66288ac47ac1416537443147f77834"},"breadcrumb":{"@id":"https:\/\/teknologiateollisuus.fi\/teknologiatyonantajat\/vuoden-toinen-lakkoviikko-alkaa-tyoehtokiistan-sovittelu-ei-edennyt\/#breadcrumb"},"inLanguage":"fi","potentialAction":[{"@type":"ReadAction","target":["https:\/\/teknologiateollisuus.fi\/teknologiatyonantajat\/vuoden-toinen-lakkoviikko-alkaa-tyoehtokiistan-sovittelu-ei-edennyt\/"]}]},{"@type":"ImageObject","inLanguage":"fi","@id":"https:\/\/teknologiateollisuus.fi\/teknologiatyonantajat\/vuoden-toinen-lakkoviikko-alkaa-tyoehtokiistan-sovittelu-ei-edennyt\/#primaryimage","url":"https:\/\/teknologiateollisuus.fi\/teknologiatyonantajat\/wp-content\/uploads\/sites\/4\/2025\/01\/Telakka_pieni_2-1.jpg","contentUrl":"https:\/\/teknologiateollisuus.fi\/teknologiatyonantajat\/wp-content\/uploads\/sites\/4\/2025\/01\/Telakka_pieni_2-1.jpg","width":1200,"height":800,"caption":"Nostureita kirkasta taivasta vasten Hietalahden telakalla Helsingiss\u00e4, etualalla satama-allas"},{"@type":"BreadcrumbList","@id":"https:\/\/teknologiateollisuus.fi\/teknologiatyonantajat\/vuoden-toinen-lakkoviikko-alkaa-tyoehtokiistan-sovittelu-ei-edennyt\/#breadcrumb","itemListElement":[{"@type":"ListItem","position":1,"name":"Etusivu","item":"https:\/\/teknologiateollisuus.fi\/teknologiatyonantajat\/"},{"@type":"ListItem","position":2,"name":"Ajankohtaista","item":"https:\/\/teknologiateollisuus.fi\/teknologiatyonantajat\/ajankohtaista\/"},{"@type":"ListItem","position":3,"name":"Vuoden toinen lakkoviikko alkaa \u2013 Ty\u00f6ehtokiistan sovittelu ei edennyt"}]},{"@type":"WebSite","@id":"https:\/\/teknologiateollisuus.fi\/teknologiatyonantajat\/#website","url":"https:\/\/teknologiateollisuus.fi\/teknologiatyonantajat\/","name":"Teknologiaty\u00f6nantajat","description":"","potentialAction":[{"@type":"SearchAction","target":{"@type":"EntryPoint","urlTemplate":"https:\/\/teknologiateollisuus.fi\/teknologiatyonantajat\/?s={search_term_string}"},"query-input":{"@type":"PropertyValueSpecification","valueRequired":true,"valueName":"search_term_string"}}],"inLanguage":"fi"},{"@type":"Person","@id":"https:\/\/teknologiateollisuus.fi\/teknologiatyonantajat\/#\/schema\/person\/ee66288ac47ac1416537443147f77834","name":"marjoollikainen","image":{"@type":"ImageObject","inLanguage":"fi","@id":"https:\/\/secure.gravatar.com\/avatar\/a2911a749fbdad14d0f1114c4f3f0f69dfa865bbd2978dacd77ddfc8c81bd0b4?s=96&d=mm&r=g","url":"https:\/\/secure.gravatar.com\/avatar\/a2911a749fbdad14d0f1114c4f3f0f69dfa865bbd2978dacd77ddfc8c81bd0b4?s=96&d=mm&r=g","contentUrl":"https:\/\/secure.gravatar.com\/avatar\/a2911a749fbdad14d0f1114c4f3f0f69dfa865bbd2978dacd77ddfc8c81bd0b4?s=96&d=mm&r=g","caption":"marjoollikainen"}}]}},"lang":"fi","translations":{"fi":1147,"en":1155},"pll_sync_post":{},"_links":{"self":[{"href":"https:\/\/teknologiateollisuus.fi\/teknologiatyonantajat\/wp-json\/wp\/v2\/posts\/1147","targetHints":{"allow":["GET"]}}],"collection":[{"href":"https:\/\/teknologiateollisuus.fi\/teknologiatyonantajat\/wp-json\/wp\/v2\/posts"}],"about":[{"href":"https:\/\/teknologiateollisuus.fi\/teknologiatyonantajat\/wp-json\/wp\/v2\/types\/post"}],"author":[{"embeddable":true,"href":"https:\/\/teknologiateollisuus.fi\/teknologiatyonantajat\/wp-json\/wp\/v2\/users\/47"}],"replies":[{"embeddable":true,"href":"https:\/\/teknologiateollisuus.fi\/teknologiatyonantajat\/wp-json\/wp\/v2\/comments?post=1147"}],"version-history":[{"count":5,"href":"https:\/\/teknologiateollisuus.fi\/teknologiatyonantajat\/wp-json\/wp\/v2\/posts\/1147\/revisions"}],"predecessor-version":[{"id":1153,"href":"https:\/\/teknologiateollisuus.fi\/teknologiatyonantajat\/wp-json\/wp\/v2\/posts\/1147\/revisions\/1153"}],"wp:featuredmedia":[{"embeddable":true,"href":"https:\/\/teknologiateollisuus.fi\/teknologiatyonantajat\/wp-json\/wp\/v2\/media\/1127"}],"wp:attachment":[{"href":"https:\/\/teknologiateollisuus.fi\/teknologiatyonantajat\/wp-json\/wp\/v2\/media?parent=1147"}],"wp:term":[{"taxonomy":"category","embeddable":true,"href":"https:\/\/teknologiateollisuus.fi\/teknologiatyonantajat\/wp-json\/wp\/v2\/categories?post=1147"},{"taxonomy":"post_tag","embeddable":true,"href":"https:\/\/teknologiateollisuus.fi\/teknologiatyonantajat\/wp-json\/wp\/v2\/tags?post=1147"},{"taxonomy":"em_industry","embeddable":true,"href":"https:\/\/teknologiateollisuus.fi\/teknologiatyonantajat\/wp-json\/wp\/v2\/em_industry?post=1147"},{"taxonomy":"em_theme","embeddable":true,"href":"https:\/\/teknologiateollisuus.fi\/teknologiatyonantajat\/wp-json\/wp\/v2\/em_theme?post=1147"}],"curies":[{"name":"wp","href":"https:\/\/api.w.org\/{rel}","templated":true}]}}