{"id":262,"date":"2023-02-21T13:59:00","date_gmt":"2023-02-21T11:59:00","guid":{"rendered":"https:\/\/teknologiateollisuus.fi\/teknologiatyonantajat\/?p=262"},"modified":"2024-07-09T14:16:29","modified_gmt":"2024-07-09T11:16:29","slug":"suunnittelu-ja-konsulttialan-ylemmille-toimihenkiloille-syntyi-tyoehtosopimus","status":"publish","type":"post","link":"https:\/\/teknologiateollisuus.fi\/teknologiatyonantajat\/suunnittelu-ja-konsulttialan-ylemmille-toimihenkiloille-syntyi-tyoehtosopimus\/","title":{"rendered":"Suunnittelu- ja konsulttialan ylemmille toimihenkil\u00f6ille syntyi ty\u00f6ehtosopimus"},"content":{"rendered":"\n<p>Palkkaratkaisussa on ensisijaisena l\u00e4ht\u00f6kohtana, ett\u00e4 palkantarkistuksista sovitaan molempina sopimusvuosina paikallisesti yritysten tilanteet huomioon ottaen. Ty\u00f6nantaja kannustaa t\u00e4m\u00e4n vaihtoehdon hy\u00f6dynt\u00e4miseen.<\/p>\n\n\n\n<p>Jos paikallista palkkaratkaisua ei synny, palkkoja tarkistetaan ty\u00f6ehtosopimuksen ns. per\u00e4laudan mukaan. Viimek\u00e4tinen per\u00e4lautamalli on seuraava:<\/p>\n\n\n\n<p>Palkankorotukset ovat kahden vuoden aikana yhteens\u00e4 6,0 prosenttia, ja lis\u00e4ksi ensimm\u00e4isen\u00e4 sopimusvuonna ylemmille toimihenkil\u00f6ille maksetaan kustannusvaikutukseltaan 1,0 prosentin suuruinen kertaer\u00e4. Korotustaso on sama kuin teknologiateollisuuden aiemmin syntyneiss\u00e4 ty\u00f6ehtosopimuksissa.<\/p>\n\n\n\n<p>Kertaer\u00e4 maksetaan kuluvan vuoden maaliskuussa. Lis\u00e4ksi viimeist\u00e4\u00e4n 1.4.2023 tai l\u00e4hinn\u00e4 sen j\u00e4lkeen alkavan palkanmaksukauden alusta palkantarkistuksiin k\u00e4ytet\u00e4\u00e4n kustannusvaikutukseltaan 3,5 prosentin potti ty\u00f6nantajan palkkapolitiikan mukaisesti. Ty\u00f6nantajan tulee varmistaa, ett\u00e4 jokaisen ylemm\u00e4n toimihenkil\u00f6n palkka luontaisetuineen korottuu v\u00e4hint\u00e4\u00e4n 3,0 prosenttia.<\/p>\n\n\n\n<p>Toisena sopimusvuonna viimeist\u00e4\u00e4n 1.2.2024 tai l\u00e4hinn\u00e4 sen j\u00e4lkeen alkavan palkanmaksukauden alusta palkantarkistuksiin k\u00e4ytet\u00e4\u00e4n kustannusvaikutukseltaan 2,5 prosentin potti. Ty\u00f6nantajan tulee varmistaa, ett\u00e4 jokaisen ylemm\u00e4n toimihenkil\u00f6n palkka luontaisetuineen korottuu v\u00e4hint\u00e4\u00e4n 1,3 prosenttia.<\/p>\n\n\n\n<h2 class=\"wp-block-heading\" id=\"merkittavia-tekstimuutoksia\">Merkitt\u00e4vi\u00e4 tekstimuutoksia<\/h2>\n\n\n\n<p>Ratkaisussa sovittiin joukosta tekstimuutoksia, jotka eiv\u00e4t kokonaisuutena nosta ty\u00f6voimakustannuksia.<\/p>\n\n\n\n<p>Lomautuksissa ja muissa muutostilanteissa noudatettavia neuvotteluaikoja lyhennet\u00e4\u00e4n. Nykyinen 14 p\u00e4iv\u00e4n neuvotteluaika lyhenee 7 p\u00e4iv\u00e4\u00e4n ja kuuden viikon neuvotteluaika 28 p\u00e4iv\u00e4\u00e4n. Lyhyempi 7 p\u00e4iv\u00e4n neuvotteluaika koskee kaikkia lomautuksia, ja lis\u00e4ksi lomautusten ilmoitusaika on jatkossa 7 p\u00e4iv\u00e4\u00e4 14 p\u00e4iv\u00e4n sijasta. Kaikista n\u00e4ist\u00e4 ajoista voidaan sopia paikallisesti toisinkin.<\/p>\n\n\n\n<p>Ratkaisu lis\u00e4\u00e4 my\u00f6s ty\u00f6aikajoustoja pident\u00e4m\u00e4ll\u00e4 liukuvan ty\u00f6ajan seurantajaksoa ja ty\u00f6ajan enimm\u00e4ism\u00e4\u00e4r\u00e4n tasoittumisjaksoa 12 kuukauteen, mik\u00e4li ty\u00f6paikalla ei muuta sovita. Ty\u00f6nantaja voi lis\u00e4ksi vaikuttaa aiempaa enemm\u00e4n pankkivapaiden k\u00e4ytt\u00f6\u00f6n.<\/p>\n\n\n\n<p>Osana tekstiasioiden kokonaisuutta sovittiin my\u00f6s, ett\u00e4 vanhempien yhteenlasketut palkalliset perhevapaat lis\u00e4\u00e4ntyv\u00e4t noin kolmella viikolla. Jatkossa synnytt\u00e4v\u00e4 vanhempi saa raskausvapaan palkallisena. Lis\u00e4ksi sek\u00e4 synnytt\u00e4v\u00e4 ett\u00e4 ei-synnytt\u00e4v\u00e4 vanhempi saavat vanhempainvapaalta palkan 32 arkip\u00e4iv\u00e4lt\u00e4.&nbsp;<\/p>\n","protected":false},"excerpt":{"rendered":"<p>Suunnittelu- ja konsulttialan ylemmille toimihenkil\u00f6ille on syntynyt uusi kaksivuotinen ty\u00f6ehtosopimus. Teknologiateollisuuden ty\u00f6nantajat ja Ylemm\u00e4t Toimihenkil\u00f6t YTN ovat hyv\u00e4ksyneet viime viikolla saavutetun neuvottelutuloksen. Ratkaisun piiriss\u00e4 on kaikkiaan noin 31 000 ylemp\u00e4\u00e4 toimihenkil\u00f6\u00e4.<\/p>\n","protected":false},"author":44,"featured_media":250,"comment_status":"closed","ping_status":"closed","sticky":false,"template":"","format":"standard","meta":{"_acf_changed":false,"_relevanssi_hide_post":"","_relevanssi_hide_content":"","_relevanssi_pin_for_all":"","_relevanssi_pin_keywords":"","_relevanssi_unpin_keywords":"","_relevanssi_related_keywords":"","_relevanssi_related_include_ids":"","_relevanssi_related_exclude_ids":"","_relevanssi_related_no_append":"","_relevanssi_related_not_related":"","_relevanssi_related_posts":"1","_relevanssi_noindex_reason":"","inline_featured_image":false,"footnotes":""},"categories":[16],"tags":[],"em_industry":[],"em_theme":[],"class_list":["post-262","post","type-post","status-publish","format-standard","has-post-thumbnail","hentry","category-tiedote"],"acf":[],"yoast_head":"<!-- This site is optimized with the Yoast SEO Premium plugin v27.1 (Yoast SEO v27.5) - https:\/\/yoast.com\/product\/yoast-seo-premium-wordpress\/ -->\n<title>Suunnittelu- ja konsulttialan ylemmille toimihenkil\u00f6ille syntyi ty\u00f6ehtosopimus - Teknologiaty\u00f6nantajat<\/title>\n<meta name=\"description\" content=\"Suunnittelu- ja konsulttialan ylemmille toimihenkil\u00f6ille on syntynyt uusi kaksivuotinen ty\u00f6ehtosopimus.\" \/>\n<meta name=\"robots\" content=\"index, follow, max-snippet:-1, max-image-preview:large, max-video-preview:-1\" \/>\n<link rel=\"canonical\" href=\"https:\/\/teknologiateollisuus.fi\/teknologiatyonantajat\/suunnittelu-ja-konsulttialan-ylemmille-toimihenkiloille-syntyi-tyoehtosopimus\/\" \/>\n<meta property=\"og:locale\" content=\"fi_FI\" \/>\n<meta property=\"og:type\" content=\"article\" \/>\n<meta property=\"og:title\" content=\"Suunnittelu- ja konsulttialan ylemmille toimihenkil\u00f6ille syntyi ty\u00f6ehtosopimus\" \/>\n<meta property=\"og:description\" content=\"Suunnittelu- ja konsulttialan ylemmille toimihenkil\u00f6ille on syntynyt uusi kaksivuotinen ty\u00f6ehtosopimus.\" \/>\n<meta property=\"og:url\" content=\"https:\/\/teknologiateollisuus.fi\/teknologiatyonantajat\/suunnittelu-ja-konsulttialan-ylemmille-toimihenkiloille-syntyi-tyoehtosopimus\/\" \/>\n<meta property=\"og:site_name\" content=\"Teknologiaty\u00f6nantajat\" \/>\n<meta property=\"article:published_time\" content=\"2023-02-21T11:59:00+00:00\" \/>\n<meta property=\"article:modified_time\" content=\"2024-07-09T11:16:29+00:00\" \/>\n<meta property=\"og:image\" content=\"https:\/\/teknologiateollisuus.fi\/teknologiatyonantajat\/wp-content\/uploads\/sites\/4\/2024\/07\/Tyontekija-ovella.jpg\" \/>\n\t<meta property=\"og:image:width\" content=\"1680\" \/>\n\t<meta property=\"og:image:height\" content=\"945\" \/>\n\t<meta property=\"og:image:type\" content=\"image\/jpeg\" \/>\n<meta name=\"author\" content=\"mariliukkonen\" \/>\n<meta name=\"twitter:card\" content=\"summary_large_image\" \/>\n<meta name=\"twitter:label1\" content=\"Kirjoittanut\" \/>\n\t<meta name=\"twitter:data1\" content=\"mariliukkonen\" \/>\n\t<meta name=\"twitter:label2\" content=\"Arvioitu lukuaika\" \/>\n\t<meta name=\"twitter:data2\" content=\"2 minuuttia\" \/>\n<script type=\"application\/ld+json\" class=\"yoast-schema-graph\">{\"@context\":\"https:\\\/\\\/schema.org\",\"@graph\":[{\"@type\":\"Article\",\"@id\":\"https:\\\/\\\/teknologiateollisuus.fi\\\/teknologiatyonantajat\\\/suunnittelu-ja-konsulttialan-ylemmille-toimihenkiloille-syntyi-tyoehtosopimus\\\/#article\",\"isPartOf\":{\"@id\":\"https:\\\/\\\/teknologiateollisuus.fi\\\/teknologiatyonantajat\\\/suunnittelu-ja-konsulttialan-ylemmille-toimihenkiloille-syntyi-tyoehtosopimus\\\/\"},\"author\":{\"name\":\"mariliukkonen\",\"@id\":\"https:\\\/\\\/teknologiateollisuus.fi\\\/teknologiatyonantajat\\\/#\\\/schema\\\/person\\\/956d4139f0b03a4a370ee457c1537a35\"},\"headline\":\"Suunnittelu- ja konsulttialan ylemmille toimihenkil\u00f6ille syntyi ty\u00f6ehtosopimus\",\"datePublished\":\"2023-02-21T11:59:00+00:00\",\"dateModified\":\"2024-07-09T11:16:29+00:00\",\"mainEntityOfPage\":{\"@id\":\"https:\\\/\\\/teknologiateollisuus.fi\\\/teknologiatyonantajat\\\/suunnittelu-ja-konsulttialan-ylemmille-toimihenkiloille-syntyi-tyoehtosopimus\\\/\"},\"wordCount\":316,\"image\":{\"@id\":\"https:\\\/\\\/teknologiateollisuus.fi\\\/teknologiatyonantajat\\\/suunnittelu-ja-konsulttialan-ylemmille-toimihenkiloille-syntyi-tyoehtosopimus\\\/#primaryimage\"},\"thumbnailUrl\":\"https:\\\/\\\/teknologiateollisuus.fi\\\/teknologiatyonantajat\\\/wp-content\\\/uploads\\\/sites\\\/4\\\/2024\\\/07\\\/Tyontekija-ovella.jpg\",\"articleSection\":[\"Tiedote\"],\"inLanguage\":\"fi\"},{\"@type\":\"WebPage\",\"@id\":\"https:\\\/\\\/teknologiateollisuus.fi\\\/teknologiatyonantajat\\\/suunnittelu-ja-konsulttialan-ylemmille-toimihenkiloille-syntyi-tyoehtosopimus\\\/\",\"url\":\"https:\\\/\\\/teknologiateollisuus.fi\\\/teknologiatyonantajat\\\/suunnittelu-ja-konsulttialan-ylemmille-toimihenkiloille-syntyi-tyoehtosopimus\\\/\",\"name\":\"Suunnittelu- ja konsulttialan ylemmille toimihenkil\u00f6ille syntyi ty\u00f6ehtosopimus - Teknologiaty\u00f6nantajat\",\"isPartOf\":{\"@id\":\"https:\\\/\\\/teknologiateollisuus.fi\\\/teknologiatyonantajat\\\/#website\"},\"primaryImageOfPage\":{\"@id\":\"https:\\\/\\\/teknologiateollisuus.fi\\\/teknologiatyonantajat\\\/suunnittelu-ja-konsulttialan-ylemmille-toimihenkiloille-syntyi-tyoehtosopimus\\\/#primaryimage\"},\"image\":{\"@id\":\"https:\\\/\\\/teknologiateollisuus.fi\\\/teknologiatyonantajat\\\/suunnittelu-ja-konsulttialan-ylemmille-toimihenkiloille-syntyi-tyoehtosopimus\\\/#primaryimage\"},\"thumbnailUrl\":\"https:\\\/\\\/teknologiateollisuus.fi\\\/teknologiatyonantajat\\\/wp-content\\\/uploads\\\/sites\\\/4\\\/2024\\\/07\\\/Tyontekija-ovella.jpg\",\"datePublished\":\"2023-02-21T11:59:00+00:00\",\"dateModified\":\"2024-07-09T11:16:29+00:00\",\"author\":{\"@id\":\"https:\\\/\\\/teknologiateollisuus.fi\\\/teknologiatyonantajat\\\/#\\\/schema\\\/person\\\/956d4139f0b03a4a370ee457c1537a35\"},\"description\":\"Suunnittelu- ja konsulttialan ylemmille toimihenkil\u00f6ille on syntynyt uusi kaksivuotinen ty\u00f6ehtosopimus.\",\"breadcrumb\":{\"@id\":\"https:\\\/\\\/teknologiateollisuus.fi\\\/teknologiatyonantajat\\\/suunnittelu-ja-konsulttialan-ylemmille-toimihenkiloille-syntyi-tyoehtosopimus\\\/#breadcrumb\"},\"inLanguage\":\"fi\",\"potentialAction\":[{\"@type\":\"ReadAction\",\"target\":[\"https:\\\/\\\/teknologiateollisuus.fi\\\/teknologiatyonantajat\\\/suunnittelu-ja-konsulttialan-ylemmille-toimihenkiloille-syntyi-tyoehtosopimus\\\/\"]}]},{\"@type\":\"ImageObject\",\"inLanguage\":\"fi\",\"@id\":\"https:\\\/\\\/teknologiateollisuus.fi\\\/teknologiatyonantajat\\\/suunnittelu-ja-konsulttialan-ylemmille-toimihenkiloille-syntyi-tyoehtosopimus\\\/#primaryimage\",\"url\":\"https:\\\/\\\/teknologiateollisuus.fi\\\/teknologiatyonantajat\\\/wp-content\\\/uploads\\\/sites\\\/4\\\/2024\\\/07\\\/Tyontekija-ovella.jpg\",\"contentUrl\":\"https:\\\/\\\/teknologiateollisuus.fi\\\/teknologiatyonantajat\\\/wp-content\\\/uploads\\\/sites\\\/4\\\/2024\\\/07\\\/Tyontekija-ovella.jpg\",\"width\":1680,\"height\":945},{\"@type\":\"BreadcrumbList\",\"@id\":\"https:\\\/\\\/teknologiateollisuus.fi\\\/teknologiatyonantajat\\\/suunnittelu-ja-konsulttialan-ylemmille-toimihenkiloille-syntyi-tyoehtosopimus\\\/#breadcrumb\",\"itemListElement\":[{\"@type\":\"ListItem\",\"position\":1,\"name\":\"Etusivu\",\"item\":\"https:\\\/\\\/teknologiateollisuus.fi\\\/teknologiatyonantajat\\\/\"},{\"@type\":\"ListItem\",\"position\":2,\"name\":\"Ajankohtaista\",\"item\":\"https:\\\/\\\/teknologiateollisuus.fi\\\/teknologiatyonantajat\\\/ajankohtaista\\\/\"},{\"@type\":\"ListItem\",\"position\":3,\"name\":\"Suunnittelu- ja konsulttialan ylemmille toimihenkil\u00f6ille syntyi ty\u00f6ehtosopimus\"}]},{\"@type\":\"WebSite\",\"@id\":\"https:\\\/\\\/teknologiateollisuus.fi\\\/teknologiatyonantajat\\\/#website\",\"url\":\"https:\\\/\\\/teknologiateollisuus.fi\\\/teknologiatyonantajat\\\/\",\"name\":\"Teknologiaty\u00f6nantajat\",\"description\":\"\",\"potentialAction\":[{\"@type\":\"SearchAction\",\"target\":{\"@type\":\"EntryPoint\",\"urlTemplate\":\"https:\\\/\\\/teknologiateollisuus.fi\\\/teknologiatyonantajat\\\/?s={search_term_string}\"},\"query-input\":{\"@type\":\"PropertyValueSpecification\",\"valueRequired\":true,\"valueName\":\"search_term_string\"}}],\"inLanguage\":\"fi\"},{\"@type\":\"Person\",\"@id\":\"https:\\\/\\\/teknologiateollisuus.fi\\\/teknologiatyonantajat\\\/#\\\/schema\\\/person\\\/956d4139f0b03a4a370ee457c1537a35\",\"name\":\"mariliukkonen\",\"image\":{\"@type\":\"ImageObject\",\"inLanguage\":\"fi\",\"@id\":\"https:\\\/\\\/secure.gravatar.com\\\/avatar\\\/29de0db3349ef5eda983596bb2f35be26724710928141bbeebfd439c1ec2bf2b?s=96&d=mm&r=g\",\"url\":\"https:\\\/\\\/secure.gravatar.com\\\/avatar\\\/29de0db3349ef5eda983596bb2f35be26724710928141bbeebfd439c1ec2bf2b?s=96&d=mm&r=g\",\"contentUrl\":\"https:\\\/\\\/secure.gravatar.com\\\/avatar\\\/29de0db3349ef5eda983596bb2f35be26724710928141bbeebfd439c1ec2bf2b?s=96&d=mm&r=g\",\"caption\":\"mariliukkonen\"}}]}<\/script>\n<!-- \/ Yoast SEO Premium plugin. -->","yoast_head_json":{"title":"Suunnittelu- ja konsulttialan ylemmille toimihenkil\u00f6ille syntyi ty\u00f6ehtosopimus - Teknologiaty\u00f6nantajat","description":"Suunnittelu- ja konsulttialan ylemmille toimihenkil\u00f6ille on syntynyt uusi kaksivuotinen ty\u00f6ehtosopimus.","robots":{"index":"index","follow":"follow","max-snippet":"max-snippet:-1","max-image-preview":"max-image-preview:large","max-video-preview":"max-video-preview:-1"},"canonical":"https:\/\/teknologiateollisuus.fi\/teknologiatyonantajat\/suunnittelu-ja-konsulttialan-ylemmille-toimihenkiloille-syntyi-tyoehtosopimus\/","og_locale":"fi_FI","og_type":"article","og_title":"Suunnittelu- ja konsulttialan ylemmille toimihenkil\u00f6ille syntyi ty\u00f6ehtosopimus","og_description":"Suunnittelu- ja konsulttialan ylemmille toimihenkil\u00f6ille on syntynyt uusi kaksivuotinen ty\u00f6ehtosopimus.","og_url":"https:\/\/teknologiateollisuus.fi\/teknologiatyonantajat\/suunnittelu-ja-konsulttialan-ylemmille-toimihenkiloille-syntyi-tyoehtosopimus\/","og_site_name":"Teknologiaty\u00f6nantajat","article_published_time":"2023-02-21T11:59:00+00:00","article_modified_time":"2024-07-09T11:16:29+00:00","og_image":[{"width":1680,"height":945,"url":"https:\/\/teknologiateollisuus.fi\/teknologiatyonantajat\/wp-content\/uploads\/sites\/4\/2024\/07\/Tyontekija-ovella.jpg","type":"image\/jpeg"}],"author":"mariliukkonen","twitter_card":"summary_large_image","twitter_misc":{"Kirjoittanut":"mariliukkonen","Arvioitu lukuaika":"2 minuuttia"},"schema":{"@context":"https:\/\/schema.org","@graph":[{"@type":"Article","@id":"https:\/\/teknologiateollisuus.fi\/teknologiatyonantajat\/suunnittelu-ja-konsulttialan-ylemmille-toimihenkiloille-syntyi-tyoehtosopimus\/#article","isPartOf":{"@id":"https:\/\/teknologiateollisuus.fi\/teknologiatyonantajat\/suunnittelu-ja-konsulttialan-ylemmille-toimihenkiloille-syntyi-tyoehtosopimus\/"},"author":{"name":"mariliukkonen","@id":"https:\/\/teknologiateollisuus.fi\/teknologiatyonantajat\/#\/schema\/person\/956d4139f0b03a4a370ee457c1537a35"},"headline":"Suunnittelu- ja konsulttialan ylemmille toimihenkil\u00f6ille syntyi ty\u00f6ehtosopimus","datePublished":"2023-02-21T11:59:00+00:00","dateModified":"2024-07-09T11:16:29+00:00","mainEntityOfPage":{"@id":"https:\/\/teknologiateollisuus.fi\/teknologiatyonantajat\/suunnittelu-ja-konsulttialan-ylemmille-toimihenkiloille-syntyi-tyoehtosopimus\/"},"wordCount":316,"image":{"@id":"https:\/\/teknologiateollisuus.fi\/teknologiatyonantajat\/suunnittelu-ja-konsulttialan-ylemmille-toimihenkiloille-syntyi-tyoehtosopimus\/#primaryimage"},"thumbnailUrl":"https:\/\/teknologiateollisuus.fi\/teknologiatyonantajat\/wp-content\/uploads\/sites\/4\/2024\/07\/Tyontekija-ovella.jpg","articleSection":["Tiedote"],"inLanguage":"fi"},{"@type":"WebPage","@id":"https:\/\/teknologiateollisuus.fi\/teknologiatyonantajat\/suunnittelu-ja-konsulttialan-ylemmille-toimihenkiloille-syntyi-tyoehtosopimus\/","url":"https:\/\/teknologiateollisuus.fi\/teknologiatyonantajat\/suunnittelu-ja-konsulttialan-ylemmille-toimihenkiloille-syntyi-tyoehtosopimus\/","name":"Suunnittelu- ja konsulttialan ylemmille toimihenkil\u00f6ille syntyi ty\u00f6ehtosopimus - Teknologiaty\u00f6nantajat","isPartOf":{"@id":"https:\/\/teknologiateollisuus.fi\/teknologiatyonantajat\/#website"},"primaryImageOfPage":{"@id":"https:\/\/teknologiateollisuus.fi\/teknologiatyonantajat\/suunnittelu-ja-konsulttialan-ylemmille-toimihenkiloille-syntyi-tyoehtosopimus\/#primaryimage"},"image":{"@id":"https:\/\/teknologiateollisuus.fi\/teknologiatyonantajat\/suunnittelu-ja-konsulttialan-ylemmille-toimihenkiloille-syntyi-tyoehtosopimus\/#primaryimage"},"thumbnailUrl":"https:\/\/teknologiateollisuus.fi\/teknologiatyonantajat\/wp-content\/uploads\/sites\/4\/2024\/07\/Tyontekija-ovella.jpg","datePublished":"2023-02-21T11:59:00+00:00","dateModified":"2024-07-09T11:16:29+00:00","author":{"@id":"https:\/\/teknologiateollisuus.fi\/teknologiatyonantajat\/#\/schema\/person\/956d4139f0b03a4a370ee457c1537a35"},"description":"Suunnittelu- ja konsulttialan ylemmille toimihenkil\u00f6ille on syntynyt uusi kaksivuotinen ty\u00f6ehtosopimus.","breadcrumb":{"@id":"https:\/\/teknologiateollisuus.fi\/teknologiatyonantajat\/suunnittelu-ja-konsulttialan-ylemmille-toimihenkiloille-syntyi-tyoehtosopimus\/#breadcrumb"},"inLanguage":"fi","potentialAction":[{"@type":"ReadAction","target":["https:\/\/teknologiateollisuus.fi\/teknologiatyonantajat\/suunnittelu-ja-konsulttialan-ylemmille-toimihenkiloille-syntyi-tyoehtosopimus\/"]}]},{"@type":"ImageObject","inLanguage":"fi","@id":"https:\/\/teknologiateollisuus.fi\/teknologiatyonantajat\/suunnittelu-ja-konsulttialan-ylemmille-toimihenkiloille-syntyi-tyoehtosopimus\/#primaryimage","url":"https:\/\/teknologiateollisuus.fi\/teknologiatyonantajat\/wp-content\/uploads\/sites\/4\/2024\/07\/Tyontekija-ovella.jpg","contentUrl":"https:\/\/teknologiateollisuus.fi\/teknologiatyonantajat\/wp-content\/uploads\/sites\/4\/2024\/07\/Tyontekija-ovella.jpg","width":1680,"height":945},{"@type":"BreadcrumbList","@id":"https:\/\/teknologiateollisuus.fi\/teknologiatyonantajat\/suunnittelu-ja-konsulttialan-ylemmille-toimihenkiloille-syntyi-tyoehtosopimus\/#breadcrumb","itemListElement":[{"@type":"ListItem","position":1,"name":"Etusivu","item":"https:\/\/teknologiateollisuus.fi\/teknologiatyonantajat\/"},{"@type":"ListItem","position":2,"name":"Ajankohtaista","item":"https:\/\/teknologiateollisuus.fi\/teknologiatyonantajat\/ajankohtaista\/"},{"@type":"ListItem","position":3,"name":"Suunnittelu- ja konsulttialan ylemmille toimihenkil\u00f6ille syntyi ty\u00f6ehtosopimus"}]},{"@type":"WebSite","@id":"https:\/\/teknologiateollisuus.fi\/teknologiatyonantajat\/#website","url":"https:\/\/teknologiateollisuus.fi\/teknologiatyonantajat\/","name":"Teknologiaty\u00f6nantajat","description":"","potentialAction":[{"@type":"SearchAction","target":{"@type":"EntryPoint","urlTemplate":"https:\/\/teknologiateollisuus.fi\/teknologiatyonantajat\/?s={search_term_string}"},"query-input":{"@type":"PropertyValueSpecification","valueRequired":true,"valueName":"search_term_string"}}],"inLanguage":"fi"},{"@type":"Person","@id":"https:\/\/teknologiateollisuus.fi\/teknologiatyonantajat\/#\/schema\/person\/956d4139f0b03a4a370ee457c1537a35","name":"mariliukkonen","image":{"@type":"ImageObject","inLanguage":"fi","@id":"https:\/\/secure.gravatar.com\/avatar\/29de0db3349ef5eda983596bb2f35be26724710928141bbeebfd439c1ec2bf2b?s=96&d=mm&r=g","url":"https:\/\/secure.gravatar.com\/avatar\/29de0db3349ef5eda983596bb2f35be26724710928141bbeebfd439c1ec2bf2b?s=96&d=mm&r=g","contentUrl":"https:\/\/secure.gravatar.com\/avatar\/29de0db3349ef5eda983596bb2f35be26724710928141bbeebfd439c1ec2bf2b?s=96&d=mm&r=g","caption":"mariliukkonen"}}]}},"lang":"fi","translations":{"fi":262},"pll_sync_post":{},"_links":{"self":[{"href":"https:\/\/teknologiateollisuus.fi\/teknologiatyonantajat\/wp-json\/wp\/v2\/posts\/262","targetHints":{"allow":["GET"]}}],"collection":[{"href":"https:\/\/teknologiateollisuus.fi\/teknologiatyonantajat\/wp-json\/wp\/v2\/posts"}],"about":[{"href":"https:\/\/teknologiateollisuus.fi\/teknologiatyonantajat\/wp-json\/wp\/v2\/types\/post"}],"author":[{"embeddable":true,"href":"https:\/\/teknologiateollisuus.fi\/teknologiatyonantajat\/wp-json\/wp\/v2\/users\/44"}],"replies":[{"embeddable":true,"href":"https:\/\/teknologiateollisuus.fi\/teknologiatyonantajat\/wp-json\/wp\/v2\/comments?post=262"}],"version-history":[{"count":1,"href":"https:\/\/teknologiateollisuus.fi\/teknologiatyonantajat\/wp-json\/wp\/v2\/posts\/262\/revisions"}],"predecessor-version":[{"id":263,"href":"https:\/\/teknologiateollisuus.fi\/teknologiatyonantajat\/wp-json\/wp\/v2\/posts\/262\/revisions\/263"}],"wp:featuredmedia":[{"embeddable":true,"href":"https:\/\/teknologiateollisuus.fi\/teknologiatyonantajat\/wp-json\/wp\/v2\/media\/250"}],"wp:attachment":[{"href":"https:\/\/teknologiateollisuus.fi\/teknologiatyonantajat\/wp-json\/wp\/v2\/media?parent=262"}],"wp:term":[{"taxonomy":"category","embeddable":true,"href":"https:\/\/teknologiateollisuus.fi\/teknologiatyonantajat\/wp-json\/wp\/v2\/categories?post=262"},{"taxonomy":"post_tag","embeddable":true,"href":"https:\/\/teknologiateollisuus.fi\/teknologiatyonantajat\/wp-json\/wp\/v2\/tags?post=262"},{"taxonomy":"em_industry","embeddable":true,"href":"https:\/\/teknologiateollisuus.fi\/teknologiatyonantajat\/wp-json\/wp\/v2\/em_industry?post=262"},{"taxonomy":"em_theme","embeddable":true,"href":"https:\/\/teknologiateollisuus.fi\/teknologiatyonantajat\/wp-json\/wp\/v2\/em_theme?post=262"}],"curies":[{"name":"wp","href":"https:\/\/api.w.org\/{rel}","templated":true}]}}