{"id":362,"date":"2023-08-10T14:22:00","date_gmt":"2023-08-10T11:22:00","guid":{"rendered":"https:\/\/teknologiateollisuus.fi\/teknologiatyonantajat\/?p=362"},"modified":"2024-07-11T14:24:01","modified_gmt":"2024-07-11T11:24:01","slug":"kysynta-teknologiateollisuudessa-heikkeni-yha-ja-uusien-tilausten-maara-vaheni","status":"publish","type":"post","link":"https:\/\/teknologiateollisuus.fi\/teknologiatyonantajat\/kysynta-teknologiateollisuudessa-heikkeni-yha-ja-uusien-tilausten-maara-vaheni\/","title":{"rendered":"Kysynt\u00e4 teknologiateollisuudessa heikkeni yh\u00e4 ja uusien tilausten m\u00e4\u00e4r\u00e4 v\u00e4heni"},"content":{"rendered":"\n<p>Suomen suurimman vientialan yritysten liikevaihdon kasvun arvioidaan pys\u00e4htyv\u00e4n tai k\u00e4\u00e4ntyv\u00e4n jopa laskuun loppuvuoden aikana, kertoo Teknologiateollisuus ry:n tuore tilauskanta- ja henkil\u00f6st\u00f6tiedustelu.\u202fTuotannon m\u00e4\u00e4r\u00e4 ei ole kasvanut Suomen koko valmistavassa teollisuudessa alkuvuoden aikana lainkaan.<\/p>\n","protected":false},"excerpt":{"rendered":"<p>Teknologiateollisuusyritysten liikevaihdon odotetaan k\u00e4\u00e4ntyv\u00e4n laskuun. My\u00f6s henkil\u00f6st\u00f6m\u00e4\u00e4r\u00e4n kasvu n\u00e4ytt\u00e4\u00e4 toistaiseksi pys\u00e4htyneen.<\/p>\n","protected":false},"author":44,"featured_media":363,"comment_status":"closed","ping_status":"closed","sticky":false,"template":"","format":"standard","meta":{"_acf_changed":false,"_relevanssi_hide_post":"","_relevanssi_hide_content":"","_relevanssi_pin_for_all":"","_relevanssi_pin_keywords":"","_relevanssi_unpin_keywords":"","_relevanssi_related_keywords":"","_relevanssi_related_include_ids":"","_relevanssi_related_exclude_ids":"","_relevanssi_related_no_append":"","_relevanssi_related_not_related":"","_relevanssi_related_posts":"56,322,294,315,259,241","_relevanssi_noindex_reason":"","inline_featured_image":false,"footnotes":""},"categories":[14],"tags":[],"em_industry":[],"em_theme":[],"class_list":["post-362","post","type-post","status-publish","format-standard","has-post-thumbnail","hentry","category-uutinen"],"acf":[],"yoast_head":"<!-- This site is optimized with the Yoast SEO Premium plugin v27.1 (Yoast SEO v27.5) - https:\/\/yoast.com\/product\/yoast-seo-premium-wordpress\/ -->\n<title>Kysynt\u00e4 teknologiateollisuudessa heikkeni yh\u00e4 ja uusien tilausten m\u00e4\u00e4r\u00e4 v\u00e4heni - Teknologiaty\u00f6nantajat<\/title>\n<meta name=\"description\" content=\"Teknologiateollisuusyritysten liikevaihdon odotetaan k\u00e4\u00e4ntyv\u00e4n laskuun. My\u00f6s henkil\u00f6st\u00f6m\u00e4\u00e4r\u00e4n kasvu n\u00e4ytt\u00e4\u00e4 toistaiseksi pys\u00e4htyneen.\" \/>\n<meta name=\"robots\" content=\"index, follow, max-snippet:-1, max-image-preview:large, max-video-preview:-1\" \/>\n<link rel=\"canonical\" href=\"https:\/\/teknologiateollisuus.fi\/teknologiatyonantajat\/kysynta-teknologiateollisuudessa-heikkeni-yha-ja-uusien-tilausten-maara-vaheni\/\" \/>\n<meta property=\"og:locale\" content=\"fi_FI\" \/>\n<meta property=\"og:type\" content=\"article\" \/>\n<meta property=\"og:title\" content=\"Kysynt\u00e4 teknologiateollisuudessa heikkeni yh\u00e4 ja uusien tilausten m\u00e4\u00e4r\u00e4 v\u00e4heni\" \/>\n<meta property=\"og:description\" content=\"Teknologiateollisuusyritysten liikevaihdon odotetaan k\u00e4\u00e4ntyv\u00e4n laskuun. My\u00f6s henkil\u00f6st\u00f6m\u00e4\u00e4r\u00e4n kasvu n\u00e4ytt\u00e4\u00e4 toistaiseksi pys\u00e4htyneen.\" \/>\n<meta property=\"og:url\" content=\"https:\/\/teknologiateollisuus.fi\/teknologiatyonantajat\/kysynta-teknologiateollisuudessa-heikkeni-yha-ja-uusien-tilausten-maara-vaheni\/\" \/>\n<meta property=\"og:site_name\" content=\"Teknologiaty\u00f6nantajat\" \/>\n<meta property=\"article:published_time\" content=\"2023-08-10T11:22:00+00:00\" \/>\n<meta property=\"article:modified_time\" content=\"2024-07-11T11:24:01+00:00\" \/>\n<meta property=\"og:image\" content=\"https:\/\/teknologiateollisuus.fi\/teknologiatyonantajat\/wp-content\/uploads\/sites\/4\/2024\/07\/Laiva-lahdossa.jpg\" \/>\n\t<meta property=\"og:image:width\" content=\"1680\" \/>\n\t<meta property=\"og:image:height\" content=\"945\" \/>\n\t<meta property=\"og:image:type\" content=\"image\/jpeg\" \/>\n<meta name=\"author\" content=\"mariliukkonen\" \/>\n<meta name=\"twitter:card\" content=\"summary_large_image\" \/>\n<meta name=\"twitter:label1\" content=\"Kirjoittanut\" \/>\n\t<meta name=\"twitter:data1\" content=\"mariliukkonen\" \/>\n\t<meta name=\"twitter:label2\" content=\"Arvioitu lukuaika\" \/>\n\t<meta name=\"twitter:data2\" content=\"1 minuutti\" \/>\n<script type=\"application\/ld+json\" class=\"yoast-schema-graph\">{\"@context\":\"https:\\\/\\\/schema.org\",\"@graph\":[{\"@type\":\"Article\",\"@id\":\"https:\\\/\\\/teknologiateollisuus.fi\\\/teknologiatyonantajat\\\/kysynta-teknologiateollisuudessa-heikkeni-yha-ja-uusien-tilausten-maara-vaheni\\\/#article\",\"isPartOf\":{\"@id\":\"https:\\\/\\\/teknologiateollisuus.fi\\\/teknologiatyonantajat\\\/kysynta-teknologiateollisuudessa-heikkeni-yha-ja-uusien-tilausten-maara-vaheni\\\/\"},\"author\":{\"name\":\"mariliukkonen\",\"@id\":\"https:\\\/\\\/teknologiateollisuus.fi\\\/teknologiatyonantajat\\\/#\\\/schema\\\/person\\\/956d4139f0b03a4a370ee457c1537a35\"},\"headline\":\"Kysynt\u00e4 teknologiateollisuudessa heikkeni yh\u00e4 ja uusien tilausten m\u00e4\u00e4r\u00e4 v\u00e4heni\",\"datePublished\":\"2023-08-10T11:22:00+00:00\",\"dateModified\":\"2024-07-11T11:24:01+00:00\",\"mainEntityOfPage\":{\"@id\":\"https:\\\/\\\/teknologiateollisuus.fi\\\/teknologiatyonantajat\\\/kysynta-teknologiateollisuudessa-heikkeni-yha-ja-uusien-tilausten-maara-vaheni\\\/\"},\"wordCount\":52,\"image\":{\"@id\":\"https:\\\/\\\/teknologiateollisuus.fi\\\/teknologiatyonantajat\\\/kysynta-teknologiateollisuudessa-heikkeni-yha-ja-uusien-tilausten-maara-vaheni\\\/#primaryimage\"},\"thumbnailUrl\":\"https:\\\/\\\/teknologiateollisuus.fi\\\/teknologiatyonantajat\\\/wp-content\\\/uploads\\\/sites\\\/4\\\/2024\\\/07\\\/Laiva-lahdossa.jpg\",\"articleSection\":[\"Uutinen\"],\"inLanguage\":\"fi\"},{\"@type\":\"WebPage\",\"@id\":\"https:\\\/\\\/teknologiateollisuus.fi\\\/teknologiatyonantajat\\\/kysynta-teknologiateollisuudessa-heikkeni-yha-ja-uusien-tilausten-maara-vaheni\\\/\",\"url\":\"https:\\\/\\\/teknologiateollisuus.fi\\\/teknologiatyonantajat\\\/kysynta-teknologiateollisuudessa-heikkeni-yha-ja-uusien-tilausten-maara-vaheni\\\/\",\"name\":\"Kysynt\u00e4 teknologiateollisuudessa heikkeni yh\u00e4 ja uusien tilausten m\u00e4\u00e4r\u00e4 v\u00e4heni - Teknologiaty\u00f6nantajat\",\"isPartOf\":{\"@id\":\"https:\\\/\\\/teknologiateollisuus.fi\\\/teknologiatyonantajat\\\/#website\"},\"primaryImageOfPage\":{\"@id\":\"https:\\\/\\\/teknologiateollisuus.fi\\\/teknologiatyonantajat\\\/kysynta-teknologiateollisuudessa-heikkeni-yha-ja-uusien-tilausten-maara-vaheni\\\/#primaryimage\"},\"image\":{\"@id\":\"https:\\\/\\\/teknologiateollisuus.fi\\\/teknologiatyonantajat\\\/kysynta-teknologiateollisuudessa-heikkeni-yha-ja-uusien-tilausten-maara-vaheni\\\/#primaryimage\"},\"thumbnailUrl\":\"https:\\\/\\\/teknologiateollisuus.fi\\\/teknologiatyonantajat\\\/wp-content\\\/uploads\\\/sites\\\/4\\\/2024\\\/07\\\/Laiva-lahdossa.jpg\",\"datePublished\":\"2023-08-10T11:22:00+00:00\",\"dateModified\":\"2024-07-11T11:24:01+00:00\",\"author\":{\"@id\":\"https:\\\/\\\/teknologiateollisuus.fi\\\/teknologiatyonantajat\\\/#\\\/schema\\\/person\\\/956d4139f0b03a4a370ee457c1537a35\"},\"description\":\"Teknologiateollisuusyritysten liikevaihdon odotetaan k\u00e4\u00e4ntyv\u00e4n laskuun. My\u00f6s henkil\u00f6st\u00f6m\u00e4\u00e4r\u00e4n kasvu n\u00e4ytt\u00e4\u00e4 toistaiseksi pys\u00e4htyneen.\",\"breadcrumb\":{\"@id\":\"https:\\\/\\\/teknologiateollisuus.fi\\\/teknologiatyonantajat\\\/kysynta-teknologiateollisuudessa-heikkeni-yha-ja-uusien-tilausten-maara-vaheni\\\/#breadcrumb\"},\"inLanguage\":\"fi\",\"potentialAction\":[{\"@type\":\"ReadAction\",\"target\":[\"https:\\\/\\\/teknologiateollisuus.fi\\\/teknologiatyonantajat\\\/kysynta-teknologiateollisuudessa-heikkeni-yha-ja-uusien-tilausten-maara-vaheni\\\/\"]}]},{\"@type\":\"ImageObject\",\"inLanguage\":\"fi\",\"@id\":\"https:\\\/\\\/teknologiateollisuus.fi\\\/teknologiatyonantajat\\\/kysynta-teknologiateollisuudessa-heikkeni-yha-ja-uusien-tilausten-maara-vaheni\\\/#primaryimage\",\"url\":\"https:\\\/\\\/teknologiateollisuus.fi\\\/teknologiatyonantajat\\\/wp-content\\\/uploads\\\/sites\\\/4\\\/2024\\\/07\\\/Laiva-lahdossa.jpg\",\"contentUrl\":\"https:\\\/\\\/teknologiateollisuus.fi\\\/teknologiatyonantajat\\\/wp-content\\\/uploads\\\/sites\\\/4\\\/2024\\\/07\\\/Laiva-lahdossa.jpg\",\"width\":1680,\"height\":945},{\"@type\":\"BreadcrumbList\",\"@id\":\"https:\\\/\\\/teknologiateollisuus.fi\\\/teknologiatyonantajat\\\/kysynta-teknologiateollisuudessa-heikkeni-yha-ja-uusien-tilausten-maara-vaheni\\\/#breadcrumb\",\"itemListElement\":[{\"@type\":\"ListItem\",\"position\":1,\"name\":\"Etusivu\",\"item\":\"https:\\\/\\\/teknologiateollisuus.fi\\\/teknologiatyonantajat\\\/\"},{\"@type\":\"ListItem\",\"position\":2,\"name\":\"Ajankohtaista\",\"item\":\"https:\\\/\\\/teknologiateollisuus.fi\\\/teknologiatyonantajat\\\/ajankohtaista\\\/\"},{\"@type\":\"ListItem\",\"position\":3,\"name\":\"Kysynt\u00e4 teknologiateollisuudessa heikkeni yh\u00e4 ja uusien tilausten m\u00e4\u00e4r\u00e4 v\u00e4heni\"}]},{\"@type\":\"WebSite\",\"@id\":\"https:\\\/\\\/teknologiateollisuus.fi\\\/teknologiatyonantajat\\\/#website\",\"url\":\"https:\\\/\\\/teknologiateollisuus.fi\\\/teknologiatyonantajat\\\/\",\"name\":\"Teknologiaty\u00f6nantajat\",\"description\":\"\",\"potentialAction\":[{\"@type\":\"SearchAction\",\"target\":{\"@type\":\"EntryPoint\",\"urlTemplate\":\"https:\\\/\\\/teknologiateollisuus.fi\\\/teknologiatyonantajat\\\/?s={search_term_string}\"},\"query-input\":{\"@type\":\"PropertyValueSpecification\",\"valueRequired\":true,\"valueName\":\"search_term_string\"}}],\"inLanguage\":\"fi\"},{\"@type\":\"Person\",\"@id\":\"https:\\\/\\\/teknologiateollisuus.fi\\\/teknologiatyonantajat\\\/#\\\/schema\\\/person\\\/956d4139f0b03a4a370ee457c1537a35\",\"name\":\"mariliukkonen\",\"image\":{\"@type\":\"ImageObject\",\"inLanguage\":\"fi\",\"@id\":\"https:\\\/\\\/secure.gravatar.com\\\/avatar\\\/29de0db3349ef5eda983596bb2f35be26724710928141bbeebfd439c1ec2bf2b?s=96&d=mm&r=g\",\"url\":\"https:\\\/\\\/secure.gravatar.com\\\/avatar\\\/29de0db3349ef5eda983596bb2f35be26724710928141bbeebfd439c1ec2bf2b?s=96&d=mm&r=g\",\"contentUrl\":\"https:\\\/\\\/secure.gravatar.com\\\/avatar\\\/29de0db3349ef5eda983596bb2f35be26724710928141bbeebfd439c1ec2bf2b?s=96&d=mm&r=g\",\"caption\":\"mariliukkonen\"}}]}<\/script>\n<!-- \/ Yoast SEO Premium plugin. -->","yoast_head_json":{"title":"Kysynt\u00e4 teknologiateollisuudessa heikkeni yh\u00e4 ja uusien tilausten m\u00e4\u00e4r\u00e4 v\u00e4heni - Teknologiaty\u00f6nantajat","description":"Teknologiateollisuusyritysten liikevaihdon odotetaan k\u00e4\u00e4ntyv\u00e4n laskuun. My\u00f6s henkil\u00f6st\u00f6m\u00e4\u00e4r\u00e4n kasvu n\u00e4ytt\u00e4\u00e4 toistaiseksi pys\u00e4htyneen.","robots":{"index":"index","follow":"follow","max-snippet":"max-snippet:-1","max-image-preview":"max-image-preview:large","max-video-preview":"max-video-preview:-1"},"canonical":"https:\/\/teknologiateollisuus.fi\/teknologiatyonantajat\/kysynta-teknologiateollisuudessa-heikkeni-yha-ja-uusien-tilausten-maara-vaheni\/","og_locale":"fi_FI","og_type":"article","og_title":"Kysynt\u00e4 teknologiateollisuudessa heikkeni yh\u00e4 ja uusien tilausten m\u00e4\u00e4r\u00e4 v\u00e4heni","og_description":"Teknologiateollisuusyritysten liikevaihdon odotetaan k\u00e4\u00e4ntyv\u00e4n laskuun. My\u00f6s henkil\u00f6st\u00f6m\u00e4\u00e4r\u00e4n kasvu n\u00e4ytt\u00e4\u00e4 toistaiseksi pys\u00e4htyneen.","og_url":"https:\/\/teknologiateollisuus.fi\/teknologiatyonantajat\/kysynta-teknologiateollisuudessa-heikkeni-yha-ja-uusien-tilausten-maara-vaheni\/","og_site_name":"Teknologiaty\u00f6nantajat","article_published_time":"2023-08-10T11:22:00+00:00","article_modified_time":"2024-07-11T11:24:01+00:00","og_image":[{"width":1680,"height":945,"url":"https:\/\/teknologiateollisuus.fi\/teknologiatyonantajat\/wp-content\/uploads\/sites\/4\/2024\/07\/Laiva-lahdossa.jpg","type":"image\/jpeg"}],"author":"mariliukkonen","twitter_card":"summary_large_image","twitter_misc":{"Kirjoittanut":"mariliukkonen","Arvioitu lukuaika":"1 minuutti"},"schema":{"@context":"https:\/\/schema.org","@graph":[{"@type":"Article","@id":"https:\/\/teknologiateollisuus.fi\/teknologiatyonantajat\/kysynta-teknologiateollisuudessa-heikkeni-yha-ja-uusien-tilausten-maara-vaheni\/#article","isPartOf":{"@id":"https:\/\/teknologiateollisuus.fi\/teknologiatyonantajat\/kysynta-teknologiateollisuudessa-heikkeni-yha-ja-uusien-tilausten-maara-vaheni\/"},"author":{"name":"mariliukkonen","@id":"https:\/\/teknologiateollisuus.fi\/teknologiatyonantajat\/#\/schema\/person\/956d4139f0b03a4a370ee457c1537a35"},"headline":"Kysynt\u00e4 teknologiateollisuudessa heikkeni yh\u00e4 ja uusien tilausten m\u00e4\u00e4r\u00e4 v\u00e4heni","datePublished":"2023-08-10T11:22:00+00:00","dateModified":"2024-07-11T11:24:01+00:00","mainEntityOfPage":{"@id":"https:\/\/teknologiateollisuus.fi\/teknologiatyonantajat\/kysynta-teknologiateollisuudessa-heikkeni-yha-ja-uusien-tilausten-maara-vaheni\/"},"wordCount":52,"image":{"@id":"https:\/\/teknologiateollisuus.fi\/teknologiatyonantajat\/kysynta-teknologiateollisuudessa-heikkeni-yha-ja-uusien-tilausten-maara-vaheni\/#primaryimage"},"thumbnailUrl":"https:\/\/teknologiateollisuus.fi\/teknologiatyonantajat\/wp-content\/uploads\/sites\/4\/2024\/07\/Laiva-lahdossa.jpg","articleSection":["Uutinen"],"inLanguage":"fi"},{"@type":"WebPage","@id":"https:\/\/teknologiateollisuus.fi\/teknologiatyonantajat\/kysynta-teknologiateollisuudessa-heikkeni-yha-ja-uusien-tilausten-maara-vaheni\/","url":"https:\/\/teknologiateollisuus.fi\/teknologiatyonantajat\/kysynta-teknologiateollisuudessa-heikkeni-yha-ja-uusien-tilausten-maara-vaheni\/","name":"Kysynt\u00e4 teknologiateollisuudessa heikkeni yh\u00e4 ja uusien tilausten m\u00e4\u00e4r\u00e4 v\u00e4heni - Teknologiaty\u00f6nantajat","isPartOf":{"@id":"https:\/\/teknologiateollisuus.fi\/teknologiatyonantajat\/#website"},"primaryImageOfPage":{"@id":"https:\/\/teknologiateollisuus.fi\/teknologiatyonantajat\/kysynta-teknologiateollisuudessa-heikkeni-yha-ja-uusien-tilausten-maara-vaheni\/#primaryimage"},"image":{"@id":"https:\/\/teknologiateollisuus.fi\/teknologiatyonantajat\/kysynta-teknologiateollisuudessa-heikkeni-yha-ja-uusien-tilausten-maara-vaheni\/#primaryimage"},"thumbnailUrl":"https:\/\/teknologiateollisuus.fi\/teknologiatyonantajat\/wp-content\/uploads\/sites\/4\/2024\/07\/Laiva-lahdossa.jpg","datePublished":"2023-08-10T11:22:00+00:00","dateModified":"2024-07-11T11:24:01+00:00","author":{"@id":"https:\/\/teknologiateollisuus.fi\/teknologiatyonantajat\/#\/schema\/person\/956d4139f0b03a4a370ee457c1537a35"},"description":"Teknologiateollisuusyritysten liikevaihdon odotetaan k\u00e4\u00e4ntyv\u00e4n laskuun. My\u00f6s henkil\u00f6st\u00f6m\u00e4\u00e4r\u00e4n kasvu n\u00e4ytt\u00e4\u00e4 toistaiseksi pys\u00e4htyneen.","breadcrumb":{"@id":"https:\/\/teknologiateollisuus.fi\/teknologiatyonantajat\/kysynta-teknologiateollisuudessa-heikkeni-yha-ja-uusien-tilausten-maara-vaheni\/#breadcrumb"},"inLanguage":"fi","potentialAction":[{"@type":"ReadAction","target":["https:\/\/teknologiateollisuus.fi\/teknologiatyonantajat\/kysynta-teknologiateollisuudessa-heikkeni-yha-ja-uusien-tilausten-maara-vaheni\/"]}]},{"@type":"ImageObject","inLanguage":"fi","@id":"https:\/\/teknologiateollisuus.fi\/teknologiatyonantajat\/kysynta-teknologiateollisuudessa-heikkeni-yha-ja-uusien-tilausten-maara-vaheni\/#primaryimage","url":"https:\/\/teknologiateollisuus.fi\/teknologiatyonantajat\/wp-content\/uploads\/sites\/4\/2024\/07\/Laiva-lahdossa.jpg","contentUrl":"https:\/\/teknologiateollisuus.fi\/teknologiatyonantajat\/wp-content\/uploads\/sites\/4\/2024\/07\/Laiva-lahdossa.jpg","width":1680,"height":945},{"@type":"BreadcrumbList","@id":"https:\/\/teknologiateollisuus.fi\/teknologiatyonantajat\/kysynta-teknologiateollisuudessa-heikkeni-yha-ja-uusien-tilausten-maara-vaheni\/#breadcrumb","itemListElement":[{"@type":"ListItem","position":1,"name":"Etusivu","item":"https:\/\/teknologiateollisuus.fi\/teknologiatyonantajat\/"},{"@type":"ListItem","position":2,"name":"Ajankohtaista","item":"https:\/\/teknologiateollisuus.fi\/teknologiatyonantajat\/ajankohtaista\/"},{"@type":"ListItem","position":3,"name":"Kysynt\u00e4 teknologiateollisuudessa heikkeni yh\u00e4 ja uusien tilausten m\u00e4\u00e4r\u00e4 v\u00e4heni"}]},{"@type":"WebSite","@id":"https:\/\/teknologiateollisuus.fi\/teknologiatyonantajat\/#website","url":"https:\/\/teknologiateollisuus.fi\/teknologiatyonantajat\/","name":"Teknologiaty\u00f6nantajat","description":"","potentialAction":[{"@type":"SearchAction","target":{"@type":"EntryPoint","urlTemplate":"https:\/\/teknologiateollisuus.fi\/teknologiatyonantajat\/?s={search_term_string}"},"query-input":{"@type":"PropertyValueSpecification","valueRequired":true,"valueName":"search_term_string"}}],"inLanguage":"fi"},{"@type":"Person","@id":"https:\/\/teknologiateollisuus.fi\/teknologiatyonantajat\/#\/schema\/person\/956d4139f0b03a4a370ee457c1537a35","name":"mariliukkonen","image":{"@type":"ImageObject","inLanguage":"fi","@id":"https:\/\/secure.gravatar.com\/avatar\/29de0db3349ef5eda983596bb2f35be26724710928141bbeebfd439c1ec2bf2b?s=96&d=mm&r=g","url":"https:\/\/secure.gravatar.com\/avatar\/29de0db3349ef5eda983596bb2f35be26724710928141bbeebfd439c1ec2bf2b?s=96&d=mm&r=g","contentUrl":"https:\/\/secure.gravatar.com\/avatar\/29de0db3349ef5eda983596bb2f35be26724710928141bbeebfd439c1ec2bf2b?s=96&d=mm&r=g","caption":"mariliukkonen"}}]}},"lang":"fi","translations":{"fi":362},"pll_sync_post":{},"_links":{"self":[{"href":"https:\/\/teknologiateollisuus.fi\/teknologiatyonantajat\/wp-json\/wp\/v2\/posts\/362","targetHints":{"allow":["GET"]}}],"collection":[{"href":"https:\/\/teknologiateollisuus.fi\/teknologiatyonantajat\/wp-json\/wp\/v2\/posts"}],"about":[{"href":"https:\/\/teknologiateollisuus.fi\/teknologiatyonantajat\/wp-json\/wp\/v2\/types\/post"}],"author":[{"embeddable":true,"href":"https:\/\/teknologiateollisuus.fi\/teknologiatyonantajat\/wp-json\/wp\/v2\/users\/44"}],"replies":[{"embeddable":true,"href":"https:\/\/teknologiateollisuus.fi\/teknologiatyonantajat\/wp-json\/wp\/v2\/comments?post=362"}],"version-history":[{"count":1,"href":"https:\/\/teknologiateollisuus.fi\/teknologiatyonantajat\/wp-json\/wp\/v2\/posts\/362\/revisions"}],"predecessor-version":[{"id":364,"href":"https:\/\/teknologiateollisuus.fi\/teknologiatyonantajat\/wp-json\/wp\/v2\/posts\/362\/revisions\/364"}],"wp:featuredmedia":[{"embeddable":true,"href":"https:\/\/teknologiateollisuus.fi\/teknologiatyonantajat\/wp-json\/wp\/v2\/media\/363"}],"wp:attachment":[{"href":"https:\/\/teknologiateollisuus.fi\/teknologiatyonantajat\/wp-json\/wp\/v2\/media?parent=362"}],"wp:term":[{"taxonomy":"category","embeddable":true,"href":"https:\/\/teknologiateollisuus.fi\/teknologiatyonantajat\/wp-json\/wp\/v2\/categories?post=362"},{"taxonomy":"post_tag","embeddable":true,"href":"https:\/\/teknologiateollisuus.fi\/teknologiatyonantajat\/wp-json\/wp\/v2\/tags?post=362"},{"taxonomy":"em_industry","embeddable":true,"href":"https:\/\/teknologiateollisuus.fi\/teknologiatyonantajat\/wp-json\/wp\/v2\/em_industry?post=362"},{"taxonomy":"em_theme","embeddable":true,"href":"https:\/\/teknologiateollisuus.fi\/teknologiatyonantajat\/wp-json\/wp\/v2\/em_theme?post=362"}],"curies":[{"name":"wp","href":"https:\/\/api.w.org\/{rel}","templated":true}]}}