{"id":372,"date":"2023-12-28T14:30:00","date_gmt":"2023-12-28T12:30:00","guid":{"rendered":"https:\/\/teknologiateollisuus.fi\/teknologiatyonantajat\/?p=372"},"modified":"2024-11-26T15:45:15","modified_gmt":"2024-11-26T13:45:15","slug":"teknologiateollisuuteen-laaja-ylityokielto-kolmeksi-viikoksi-helmikuun-alussa-lisaa-poliittisia-lakkoja","status":"publish","type":"post","link":"https:\/\/teknologiateollisuus.fi\/teknologiatyonantajat\/teknologiateollisuuteen-laaja-ylityokielto-kolmeksi-viikoksi-helmikuun-alussa-lisaa-poliittisia-lakkoja\/","title":{"rendered":"Teknologiateollisuuteen laaja ylity\u00f6kielto kolmeksi viikoksi \u2013 Helmikuun alussa lis\u00e4\u00e4 poliittisia lakkoja"},"content":{"rendered":"\n<p>Teollisuusliiton ilmoittama laaja ylity\u00f6kielto astuu voimaan 10. tammikuuta ja p\u00e4\u00e4ttyy 4. helmikuuta.<\/p>\n\n\n\n<p>Ylity\u00f6kiellon piiriss\u00e4 on yli 20 Teollisuusliiton sopimusalaa, ja se koskee muun muassa teknologiateollisuutta. Ylity\u00f6kielto ei koske h\u00e4t\u00e4ty\u00f6t\u00e4 eik\u00e4 t\u00f6it\u00e4, jotka ovat v\u00e4ltt\u00e4m\u00e4tt\u00f6mi\u00e4 hengen ja terveyden turvaamisen kannalta.<\/p>\n\n\n\n<p><strong>Ylity\u00f6kielto koskee 10.1. kello 00.00\u20134.2.2024 kello 23.59&nbsp;<\/strong><strong>teknologiateollisuudessa seuraavia Teollisuusliiton sopimusaloja:<\/strong><\/p>\n\n\n\n<ul class=\"wp-block-list\">\n<li>Malmikaivokset<\/li>\n\n\n\n<li>Pelti- ja teollisuuseristysala<\/li>\n\n\n\n<li>Teknologiateollisuus<\/li>\n<\/ul>\n\n\n\n<p>SAK ja STTK j\u00e4rjest\u00e4v\u00e4t torstaina 1. helmikuuta kello 12\u201314&nbsp;Helsingin Senaatintorille koolle mielenosoituksen hallituksen toimia vastaan. J\u00e4rjest\u00f6jen mukaan niiden j\u00e4senliitot osallistuvat mielenosoitukseen omien p\u00e4\u00e4t\u00f6stens\u00e4 mukaisesti.<\/p>\n\n\n\n<p>Joulukuussa Teollisuusliitto kertoi ajavansa 1.\u20132. helmikuuta&nbsp;alas Nesteen \u00f6ljynjalostamon ja j\u00e4tti ilmoitukset Kilpilahden ja Kokkolan teollisuusalueita koskevista poliittisista ty\u00f6taistelutoimista.<\/p>\n\n\n\n<p>Ammattiyhdistysliike vastustaa toimillaan maan hallituksen sosiaaliturva- ja ty\u00f6markkinauudistuksia.<\/p>\n\n\n\n<p>Teollisuusliitto kertoi tiedotustilaisuudessaan, ett\u00e4 my\u00f6s muita poliittisia lakkoja on suunnitteilla, mutta niist\u00e4 ei ole viel\u00e4 p\u00e4\u00e4t\u00f6ksi\u00e4.<\/p>\n\n\n\n<p><\/p>\n","protected":false},"excerpt":{"rendered":"<p>Teollisuusliitto ilmoitti laajasta poliittisesta ylity\u00f6kiellosta useilla teollisuuden toimialoilla tiistaina 9. tammikuuta ja uusista poliittisista lakoista torstaina 28. joulukuuta. Lakkoilmoituksen toimet kohdistuvat l\u00e4hinn\u00e4 kemianteollisuuden toimialalle. SAK ja STTK j\u00e4rjest\u00e4v\u00e4t Helsingiss\u00e4 1. helmikuuta mielenosoituksen kello 12\u201314.<\/p>\n","protected":false},"author":44,"featured_media":373,"comment_status":"closed","ping_status":"closed","sticky":false,"template":"","format":"standard","meta":{"_acf_changed":false,"_relevanssi_hide_post":"","_relevanssi_hide_content":"","_relevanssi_pin_for_all":"","_relevanssi_pin_keywords":"","_relevanssi_unpin_keywords":"","_relevanssi_related_keywords":"","_relevanssi_related_include_ids":"","_relevanssi_related_exclude_ids":"","_relevanssi_related_no_append":"","_relevanssi_related_not_related":"","_relevanssi_related_posts":"348,370,362,320,48,274","_relevanssi_noindex_reason":"","inline_featured_image":false,"footnotes":""},"categories":[14],"tags":[],"em_industry":[],"em_theme":[],"class_list":["post-372","post","type-post","status-publish","format-standard","has-post-thumbnail","hentry","category-uutinen"],"acf":[],"yoast_head":"<!-- This site is optimized with the Yoast SEO Premium plugin v27.1 (Yoast SEO v27.5) - https:\/\/yoast.com\/product\/yoast-seo-premium-wordpress\/ -->\n<title>Teknologiateollisuuteen laaja ylity\u00f6kielto kolmeksi viikoksi \u2013 Helmikuun alussa lis\u00e4\u00e4 poliittisia lakkoja - Teknologiaty\u00f6nantajat<\/title>\n<meta name=\"description\" content=\"Teollisuusliitto ilmoitti laajasta poliittisesta ylity\u00f6kiellosta useilla teollisuuden toimialoilla ja uusista poliittisista lakoista.\" \/>\n<meta name=\"robots\" content=\"index, follow, max-snippet:-1, max-image-preview:large, max-video-preview:-1\" \/>\n<link rel=\"canonical\" href=\"https:\/\/teknologiateollisuus.fi\/teknologiatyonantajat\/teknologiateollisuuteen-laaja-ylityokielto-kolmeksi-viikoksi-helmikuun-alussa-lisaa-poliittisia-lakkoja\/\" \/>\n<meta property=\"og:locale\" content=\"fi_FI\" \/>\n<meta property=\"og:type\" content=\"article\" \/>\n<meta property=\"og:title\" content=\"Teknologiateollisuuteen laaja ylity\u00f6kielto kolmeksi viikoksi \u2013 Helmikuun alussa lis\u00e4\u00e4 poliittisia lakkoja\" \/>\n<meta property=\"og:description\" content=\"Teollisuusliitto ilmoitti laajasta poliittisesta ylity\u00f6kiellosta useilla teollisuuden toimialoilla ja uusista poliittisista lakoista.\" \/>\n<meta property=\"og:url\" content=\"https:\/\/teknologiateollisuus.fi\/teknologiatyonantajat\/teknologiateollisuuteen-laaja-ylityokielto-kolmeksi-viikoksi-helmikuun-alussa-lisaa-poliittisia-lakkoja\/\" \/>\n<meta property=\"og:site_name\" content=\"Teknologiaty\u00f6nantajat\" \/>\n<meta property=\"article:published_time\" content=\"2023-12-28T12:30:00+00:00\" \/>\n<meta property=\"article:modified_time\" content=\"2024-11-26T13:45:15+00:00\" \/>\n<meta property=\"og:image\" content=\"https:\/\/teknologiateollisuus.fi\/teknologiatyonantajat\/wp-content\/uploads\/sites\/4\/2024\/07\/Tehdastyontekija-2.jpg\" \/>\n\t<meta property=\"og:image:width\" content=\"1680\" \/>\n\t<meta property=\"og:image:height\" content=\"945\" \/>\n\t<meta property=\"og:image:type\" content=\"image\/jpeg\" \/>\n<meta name=\"author\" content=\"mariliukkonen\" \/>\n<meta name=\"twitter:card\" content=\"summary_large_image\" \/>\n<meta name=\"twitter:label1\" content=\"Kirjoittanut\" \/>\n\t<meta name=\"twitter:data1\" content=\"mariliukkonen\" \/>\n\t<meta name=\"twitter:label2\" content=\"Arvioitu lukuaika\" \/>\n\t<meta name=\"twitter:data2\" content=\"2 minuuttia\" \/>\n<script type=\"application\/ld+json\" class=\"yoast-schema-graph\">{\"@context\":\"https:\\\/\\\/schema.org\",\"@graph\":[{\"@type\":\"Article\",\"@id\":\"https:\\\/\\\/teknologiateollisuus.fi\\\/teknologiatyonantajat\\\/teknologiateollisuuteen-laaja-ylityokielto-kolmeksi-viikoksi-helmikuun-alussa-lisaa-poliittisia-lakkoja\\\/#article\",\"isPartOf\":{\"@id\":\"https:\\\/\\\/teknologiateollisuus.fi\\\/teknologiatyonantajat\\\/teknologiateollisuuteen-laaja-ylityokielto-kolmeksi-viikoksi-helmikuun-alussa-lisaa-poliittisia-lakkoja\\\/\"},\"author\":{\"name\":\"mariliukkonen\",\"@id\":\"https:\\\/\\\/teknologiateollisuus.fi\\\/teknologiatyonantajat\\\/#\\\/schema\\\/person\\\/956d4139f0b03a4a370ee457c1537a35\"},\"headline\":\"Teknologiateollisuuteen laaja ylity\u00f6kielto kolmeksi viikoksi \u2013 Helmikuun alussa lis\u00e4\u00e4 poliittisia lakkoja\",\"datePublished\":\"2023-12-28T12:30:00+00:00\",\"dateModified\":\"2024-11-26T13:45:15+00:00\",\"mainEntityOfPage\":{\"@id\":\"https:\\\/\\\/teknologiateollisuus.fi\\\/teknologiatyonantajat\\\/teknologiateollisuuteen-laaja-ylityokielto-kolmeksi-viikoksi-helmikuun-alussa-lisaa-poliittisia-lakkoja\\\/\"},\"wordCount\":155,\"image\":{\"@id\":\"https:\\\/\\\/teknologiateollisuus.fi\\\/teknologiatyonantajat\\\/teknologiateollisuuteen-laaja-ylityokielto-kolmeksi-viikoksi-helmikuun-alussa-lisaa-poliittisia-lakkoja\\\/#primaryimage\"},\"thumbnailUrl\":\"https:\\\/\\\/teknologiateollisuus.fi\\\/teknologiatyonantajat\\\/wp-content\\\/uploads\\\/sites\\\/4\\\/2024\\\/07\\\/Tehdastyontekija-2.jpg\",\"articleSection\":[\"Uutinen\"],\"inLanguage\":\"fi\"},{\"@type\":\"WebPage\",\"@id\":\"https:\\\/\\\/teknologiateollisuus.fi\\\/teknologiatyonantajat\\\/teknologiateollisuuteen-laaja-ylityokielto-kolmeksi-viikoksi-helmikuun-alussa-lisaa-poliittisia-lakkoja\\\/\",\"url\":\"https:\\\/\\\/teknologiateollisuus.fi\\\/teknologiatyonantajat\\\/teknologiateollisuuteen-laaja-ylityokielto-kolmeksi-viikoksi-helmikuun-alussa-lisaa-poliittisia-lakkoja\\\/\",\"name\":\"Teknologiateollisuuteen laaja ylity\u00f6kielto kolmeksi viikoksi \u2013 Helmikuun alussa lis\u00e4\u00e4 poliittisia lakkoja - Teknologiaty\u00f6nantajat\",\"isPartOf\":{\"@id\":\"https:\\\/\\\/teknologiateollisuus.fi\\\/teknologiatyonantajat\\\/#website\"},\"primaryImageOfPage\":{\"@id\":\"https:\\\/\\\/teknologiateollisuus.fi\\\/teknologiatyonantajat\\\/teknologiateollisuuteen-laaja-ylityokielto-kolmeksi-viikoksi-helmikuun-alussa-lisaa-poliittisia-lakkoja\\\/#primaryimage\"},\"image\":{\"@id\":\"https:\\\/\\\/teknologiateollisuus.fi\\\/teknologiatyonantajat\\\/teknologiateollisuuteen-laaja-ylityokielto-kolmeksi-viikoksi-helmikuun-alussa-lisaa-poliittisia-lakkoja\\\/#primaryimage\"},\"thumbnailUrl\":\"https:\\\/\\\/teknologiateollisuus.fi\\\/teknologiatyonantajat\\\/wp-content\\\/uploads\\\/sites\\\/4\\\/2024\\\/07\\\/Tehdastyontekija-2.jpg\",\"datePublished\":\"2023-12-28T12:30:00+00:00\",\"dateModified\":\"2024-11-26T13:45:15+00:00\",\"author\":{\"@id\":\"https:\\\/\\\/teknologiateollisuus.fi\\\/teknologiatyonantajat\\\/#\\\/schema\\\/person\\\/956d4139f0b03a4a370ee457c1537a35\"},\"description\":\"Teollisuusliitto ilmoitti laajasta poliittisesta ylity\u00f6kiellosta useilla teollisuuden toimialoilla ja uusista poliittisista lakoista.\",\"breadcrumb\":{\"@id\":\"https:\\\/\\\/teknologiateollisuus.fi\\\/teknologiatyonantajat\\\/teknologiateollisuuteen-laaja-ylityokielto-kolmeksi-viikoksi-helmikuun-alussa-lisaa-poliittisia-lakkoja\\\/#breadcrumb\"},\"inLanguage\":\"fi\",\"potentialAction\":[{\"@type\":\"ReadAction\",\"target\":[\"https:\\\/\\\/teknologiateollisuus.fi\\\/teknologiatyonantajat\\\/teknologiateollisuuteen-laaja-ylityokielto-kolmeksi-viikoksi-helmikuun-alussa-lisaa-poliittisia-lakkoja\\\/\"]}]},{\"@type\":\"ImageObject\",\"inLanguage\":\"fi\",\"@id\":\"https:\\\/\\\/teknologiateollisuus.fi\\\/teknologiatyonantajat\\\/teknologiateollisuuteen-laaja-ylityokielto-kolmeksi-viikoksi-helmikuun-alussa-lisaa-poliittisia-lakkoja\\\/#primaryimage\",\"url\":\"https:\\\/\\\/teknologiateollisuus.fi\\\/teknologiatyonantajat\\\/wp-content\\\/uploads\\\/sites\\\/4\\\/2024\\\/07\\\/Tehdastyontekija-2.jpg\",\"contentUrl\":\"https:\\\/\\\/teknologiateollisuus.fi\\\/teknologiatyonantajat\\\/wp-content\\\/uploads\\\/sites\\\/4\\\/2024\\\/07\\\/Tehdastyontekija-2.jpg\",\"width\":1680,\"height\":945},{\"@type\":\"BreadcrumbList\",\"@id\":\"https:\\\/\\\/teknologiateollisuus.fi\\\/teknologiatyonantajat\\\/teknologiateollisuuteen-laaja-ylityokielto-kolmeksi-viikoksi-helmikuun-alussa-lisaa-poliittisia-lakkoja\\\/#breadcrumb\",\"itemListElement\":[{\"@type\":\"ListItem\",\"position\":1,\"name\":\"Etusivu\",\"item\":\"https:\\\/\\\/teknologiateollisuus.fi\\\/teknologiatyonantajat\\\/\"},{\"@type\":\"ListItem\",\"position\":2,\"name\":\"Ajankohtaista\",\"item\":\"https:\\\/\\\/teknologiateollisuus.fi\\\/teknologiatyonantajat\\\/ajankohtaista\\\/\"},{\"@type\":\"ListItem\",\"position\":3,\"name\":\"Teknologiateollisuuteen laaja ylity\u00f6kielto kolmeksi viikoksi \u2013 Helmikuun alussa lis\u00e4\u00e4 poliittisia lakkoja\"}]},{\"@type\":\"WebSite\",\"@id\":\"https:\\\/\\\/teknologiateollisuus.fi\\\/teknologiatyonantajat\\\/#website\",\"url\":\"https:\\\/\\\/teknologiateollisuus.fi\\\/teknologiatyonantajat\\\/\",\"name\":\"Teknologiaty\u00f6nantajat\",\"description\":\"\",\"potentialAction\":[{\"@type\":\"SearchAction\",\"target\":{\"@type\":\"EntryPoint\",\"urlTemplate\":\"https:\\\/\\\/teknologiateollisuus.fi\\\/teknologiatyonantajat\\\/?s={search_term_string}\"},\"query-input\":{\"@type\":\"PropertyValueSpecification\",\"valueRequired\":true,\"valueName\":\"search_term_string\"}}],\"inLanguage\":\"fi\"},{\"@type\":\"Person\",\"@id\":\"https:\\\/\\\/teknologiateollisuus.fi\\\/teknologiatyonantajat\\\/#\\\/schema\\\/person\\\/956d4139f0b03a4a370ee457c1537a35\",\"name\":\"mariliukkonen\",\"image\":{\"@type\":\"ImageObject\",\"inLanguage\":\"fi\",\"@id\":\"https:\\\/\\\/secure.gravatar.com\\\/avatar\\\/29de0db3349ef5eda983596bb2f35be26724710928141bbeebfd439c1ec2bf2b?s=96&d=mm&r=g\",\"url\":\"https:\\\/\\\/secure.gravatar.com\\\/avatar\\\/29de0db3349ef5eda983596bb2f35be26724710928141bbeebfd439c1ec2bf2b?s=96&d=mm&r=g\",\"contentUrl\":\"https:\\\/\\\/secure.gravatar.com\\\/avatar\\\/29de0db3349ef5eda983596bb2f35be26724710928141bbeebfd439c1ec2bf2b?s=96&d=mm&r=g\",\"caption\":\"mariliukkonen\"}}]}<\/script>\n<!-- \/ Yoast SEO Premium plugin. -->","yoast_head_json":{"title":"Teknologiateollisuuteen laaja ylity\u00f6kielto kolmeksi viikoksi \u2013 Helmikuun alussa lis\u00e4\u00e4 poliittisia lakkoja - Teknologiaty\u00f6nantajat","description":"Teollisuusliitto ilmoitti laajasta poliittisesta ylity\u00f6kiellosta useilla teollisuuden toimialoilla ja uusista poliittisista lakoista.","robots":{"index":"index","follow":"follow","max-snippet":"max-snippet:-1","max-image-preview":"max-image-preview:large","max-video-preview":"max-video-preview:-1"},"canonical":"https:\/\/teknologiateollisuus.fi\/teknologiatyonantajat\/teknologiateollisuuteen-laaja-ylityokielto-kolmeksi-viikoksi-helmikuun-alussa-lisaa-poliittisia-lakkoja\/","og_locale":"fi_FI","og_type":"article","og_title":"Teknologiateollisuuteen laaja ylity\u00f6kielto kolmeksi viikoksi \u2013 Helmikuun alussa lis\u00e4\u00e4 poliittisia lakkoja","og_description":"Teollisuusliitto ilmoitti laajasta poliittisesta ylity\u00f6kiellosta useilla teollisuuden toimialoilla ja uusista poliittisista lakoista.","og_url":"https:\/\/teknologiateollisuus.fi\/teknologiatyonantajat\/teknologiateollisuuteen-laaja-ylityokielto-kolmeksi-viikoksi-helmikuun-alussa-lisaa-poliittisia-lakkoja\/","og_site_name":"Teknologiaty\u00f6nantajat","article_published_time":"2023-12-28T12:30:00+00:00","article_modified_time":"2024-11-26T13:45:15+00:00","og_image":[{"width":1680,"height":945,"url":"https:\/\/teknologiateollisuus.fi\/teknologiatyonantajat\/wp-content\/uploads\/sites\/4\/2024\/07\/Tehdastyontekija-2.jpg","type":"image\/jpeg"}],"author":"mariliukkonen","twitter_card":"summary_large_image","twitter_misc":{"Kirjoittanut":"mariliukkonen","Arvioitu lukuaika":"2 minuuttia"},"schema":{"@context":"https:\/\/schema.org","@graph":[{"@type":"Article","@id":"https:\/\/teknologiateollisuus.fi\/teknologiatyonantajat\/teknologiateollisuuteen-laaja-ylityokielto-kolmeksi-viikoksi-helmikuun-alussa-lisaa-poliittisia-lakkoja\/#article","isPartOf":{"@id":"https:\/\/teknologiateollisuus.fi\/teknologiatyonantajat\/teknologiateollisuuteen-laaja-ylityokielto-kolmeksi-viikoksi-helmikuun-alussa-lisaa-poliittisia-lakkoja\/"},"author":{"name":"mariliukkonen","@id":"https:\/\/teknologiateollisuus.fi\/teknologiatyonantajat\/#\/schema\/person\/956d4139f0b03a4a370ee457c1537a35"},"headline":"Teknologiateollisuuteen laaja ylity\u00f6kielto kolmeksi viikoksi \u2013 Helmikuun alussa lis\u00e4\u00e4 poliittisia lakkoja","datePublished":"2023-12-28T12:30:00+00:00","dateModified":"2024-11-26T13:45:15+00:00","mainEntityOfPage":{"@id":"https:\/\/teknologiateollisuus.fi\/teknologiatyonantajat\/teknologiateollisuuteen-laaja-ylityokielto-kolmeksi-viikoksi-helmikuun-alussa-lisaa-poliittisia-lakkoja\/"},"wordCount":155,"image":{"@id":"https:\/\/teknologiateollisuus.fi\/teknologiatyonantajat\/teknologiateollisuuteen-laaja-ylityokielto-kolmeksi-viikoksi-helmikuun-alussa-lisaa-poliittisia-lakkoja\/#primaryimage"},"thumbnailUrl":"https:\/\/teknologiateollisuus.fi\/teknologiatyonantajat\/wp-content\/uploads\/sites\/4\/2024\/07\/Tehdastyontekija-2.jpg","articleSection":["Uutinen"],"inLanguage":"fi"},{"@type":"WebPage","@id":"https:\/\/teknologiateollisuus.fi\/teknologiatyonantajat\/teknologiateollisuuteen-laaja-ylityokielto-kolmeksi-viikoksi-helmikuun-alussa-lisaa-poliittisia-lakkoja\/","url":"https:\/\/teknologiateollisuus.fi\/teknologiatyonantajat\/teknologiateollisuuteen-laaja-ylityokielto-kolmeksi-viikoksi-helmikuun-alussa-lisaa-poliittisia-lakkoja\/","name":"Teknologiateollisuuteen laaja ylity\u00f6kielto kolmeksi viikoksi \u2013 Helmikuun alussa lis\u00e4\u00e4 poliittisia lakkoja - Teknologiaty\u00f6nantajat","isPartOf":{"@id":"https:\/\/teknologiateollisuus.fi\/teknologiatyonantajat\/#website"},"primaryImageOfPage":{"@id":"https:\/\/teknologiateollisuus.fi\/teknologiatyonantajat\/teknologiateollisuuteen-laaja-ylityokielto-kolmeksi-viikoksi-helmikuun-alussa-lisaa-poliittisia-lakkoja\/#primaryimage"},"image":{"@id":"https:\/\/teknologiateollisuus.fi\/teknologiatyonantajat\/teknologiateollisuuteen-laaja-ylityokielto-kolmeksi-viikoksi-helmikuun-alussa-lisaa-poliittisia-lakkoja\/#primaryimage"},"thumbnailUrl":"https:\/\/teknologiateollisuus.fi\/teknologiatyonantajat\/wp-content\/uploads\/sites\/4\/2024\/07\/Tehdastyontekija-2.jpg","datePublished":"2023-12-28T12:30:00+00:00","dateModified":"2024-11-26T13:45:15+00:00","author":{"@id":"https:\/\/teknologiateollisuus.fi\/teknologiatyonantajat\/#\/schema\/person\/956d4139f0b03a4a370ee457c1537a35"},"description":"Teollisuusliitto ilmoitti laajasta poliittisesta ylity\u00f6kiellosta useilla teollisuuden toimialoilla ja uusista poliittisista lakoista.","breadcrumb":{"@id":"https:\/\/teknologiateollisuus.fi\/teknologiatyonantajat\/teknologiateollisuuteen-laaja-ylityokielto-kolmeksi-viikoksi-helmikuun-alussa-lisaa-poliittisia-lakkoja\/#breadcrumb"},"inLanguage":"fi","potentialAction":[{"@type":"ReadAction","target":["https:\/\/teknologiateollisuus.fi\/teknologiatyonantajat\/teknologiateollisuuteen-laaja-ylityokielto-kolmeksi-viikoksi-helmikuun-alussa-lisaa-poliittisia-lakkoja\/"]}]},{"@type":"ImageObject","inLanguage":"fi","@id":"https:\/\/teknologiateollisuus.fi\/teknologiatyonantajat\/teknologiateollisuuteen-laaja-ylityokielto-kolmeksi-viikoksi-helmikuun-alussa-lisaa-poliittisia-lakkoja\/#primaryimage","url":"https:\/\/teknologiateollisuus.fi\/teknologiatyonantajat\/wp-content\/uploads\/sites\/4\/2024\/07\/Tehdastyontekija-2.jpg","contentUrl":"https:\/\/teknologiateollisuus.fi\/teknologiatyonantajat\/wp-content\/uploads\/sites\/4\/2024\/07\/Tehdastyontekija-2.jpg","width":1680,"height":945},{"@type":"BreadcrumbList","@id":"https:\/\/teknologiateollisuus.fi\/teknologiatyonantajat\/teknologiateollisuuteen-laaja-ylityokielto-kolmeksi-viikoksi-helmikuun-alussa-lisaa-poliittisia-lakkoja\/#breadcrumb","itemListElement":[{"@type":"ListItem","position":1,"name":"Etusivu","item":"https:\/\/teknologiateollisuus.fi\/teknologiatyonantajat\/"},{"@type":"ListItem","position":2,"name":"Ajankohtaista","item":"https:\/\/teknologiateollisuus.fi\/teknologiatyonantajat\/ajankohtaista\/"},{"@type":"ListItem","position":3,"name":"Teknologiateollisuuteen laaja ylity\u00f6kielto kolmeksi viikoksi \u2013 Helmikuun alussa lis\u00e4\u00e4 poliittisia lakkoja"}]},{"@type":"WebSite","@id":"https:\/\/teknologiateollisuus.fi\/teknologiatyonantajat\/#website","url":"https:\/\/teknologiateollisuus.fi\/teknologiatyonantajat\/","name":"Teknologiaty\u00f6nantajat","description":"","potentialAction":[{"@type":"SearchAction","target":{"@type":"EntryPoint","urlTemplate":"https:\/\/teknologiateollisuus.fi\/teknologiatyonantajat\/?s={search_term_string}"},"query-input":{"@type":"PropertyValueSpecification","valueRequired":true,"valueName":"search_term_string"}}],"inLanguage":"fi"},{"@type":"Person","@id":"https:\/\/teknologiateollisuus.fi\/teknologiatyonantajat\/#\/schema\/person\/956d4139f0b03a4a370ee457c1537a35","name":"mariliukkonen","image":{"@type":"ImageObject","inLanguage":"fi","@id":"https:\/\/secure.gravatar.com\/avatar\/29de0db3349ef5eda983596bb2f35be26724710928141bbeebfd439c1ec2bf2b?s=96&d=mm&r=g","url":"https:\/\/secure.gravatar.com\/avatar\/29de0db3349ef5eda983596bb2f35be26724710928141bbeebfd439c1ec2bf2b?s=96&d=mm&r=g","contentUrl":"https:\/\/secure.gravatar.com\/avatar\/29de0db3349ef5eda983596bb2f35be26724710928141bbeebfd439c1ec2bf2b?s=96&d=mm&r=g","caption":"mariliukkonen"}}]}},"lang":"fi","translations":{"fi":372},"pll_sync_post":{},"_links":{"self":[{"href":"https:\/\/teknologiateollisuus.fi\/teknologiatyonantajat\/wp-json\/wp\/v2\/posts\/372","targetHints":{"allow":["GET"]}}],"collection":[{"href":"https:\/\/teknologiateollisuus.fi\/teknologiatyonantajat\/wp-json\/wp\/v2\/posts"}],"about":[{"href":"https:\/\/teknologiateollisuus.fi\/teknologiatyonantajat\/wp-json\/wp\/v2\/types\/post"}],"author":[{"embeddable":true,"href":"https:\/\/teknologiateollisuus.fi\/teknologiatyonantajat\/wp-json\/wp\/v2\/users\/44"}],"replies":[{"embeddable":true,"href":"https:\/\/teknologiateollisuus.fi\/teknologiatyonantajat\/wp-json\/wp\/v2\/comments?post=372"}],"version-history":[{"count":2,"href":"https:\/\/teknologiateollisuus.fi\/teknologiatyonantajat\/wp-json\/wp\/v2\/posts\/372\/revisions"}],"predecessor-version":[{"id":870,"href":"https:\/\/teknologiateollisuus.fi\/teknologiatyonantajat\/wp-json\/wp\/v2\/posts\/372\/revisions\/870"}],"wp:featuredmedia":[{"embeddable":true,"href":"https:\/\/teknologiateollisuus.fi\/teknologiatyonantajat\/wp-json\/wp\/v2\/media\/373"}],"wp:attachment":[{"href":"https:\/\/teknologiateollisuus.fi\/teknologiatyonantajat\/wp-json\/wp\/v2\/media?parent=372"}],"wp:term":[{"taxonomy":"category","embeddable":true,"href":"https:\/\/teknologiateollisuus.fi\/teknologiatyonantajat\/wp-json\/wp\/v2\/categories?post=372"},{"taxonomy":"post_tag","embeddable":true,"href":"https:\/\/teknologiateollisuus.fi\/teknologiatyonantajat\/wp-json\/wp\/v2\/tags?post=372"},{"taxonomy":"em_industry","embeddable":true,"href":"https:\/\/teknologiateollisuus.fi\/teknologiatyonantajat\/wp-json\/wp\/v2\/em_industry?post=372"},{"taxonomy":"em_theme","embeddable":true,"href":"https:\/\/teknologiateollisuus.fi\/teknologiatyonantajat\/wp-json\/wp\/v2\/em_theme?post=372"}],"curies":[{"name":"wp","href":"https:\/\/api.w.org\/{rel}","templated":true}]}}