{"id":380,"date":"2024-03-27T14:41:00","date_gmt":"2024-03-27T12:41:00","guid":{"rendered":"https:\/\/teknologiateollisuus.fi\/teknologiatyonantajat\/?p=380"},"modified":"2024-07-11T14:43:01","modified_gmt":"2024-07-11T11:43:01","slug":"teollisuuden-massiiviset-poliittiset-lakot-jatkuvat-huhtikuulle","status":"publish","type":"post","link":"https:\/\/teknologiateollisuus.fi\/teknologiatyonantajat\/teollisuuden-massiiviset-poliittiset-lakot-jatkuvat-huhtikuulle\/","title":{"rendered":"Teollisuuden massiiviset poliittiset lakot jatkuvat huhtikuulle"},"content":{"rendered":"\n<p>Teollisuusliitto ja S\u00e4hk\u00f6liitto ovat ilmoittaneet 11.3. alkaneiden, laajojen poliittisten lakkojen jatkamisesta maaliskuun loppuun saakka. Lakot kohdistuvat useille teollisuuden toimialoille. Lakkoa jatkaa my\u00f6s Auto- ja kuljetusalan ty\u00f6ntekij\u00e4liitto AKT. Lakossa ovat k\u00e4yt\u00e4nn\u00f6ss\u00e4 kaikki Suomen satamien satamaoperaattorit, joten lakko on valtakunnallinen.<\/p>\n\n\n\n<p>Ammattiliitot vastustavat toimillaan maan hallituksen sosiaaliturva- ja ty\u00f6markkinauudistuksia.<\/p>\n\n\n\n<p><strong>Teollisuusliiton poliittinen lakko koskee 11. maaliskuuta\u20137. huhtikuuta seuraavia Teknologiateollisuuden j\u00e4senyrityksi\u00e4:<\/strong><\/p>\n\n\n\n<ul class=\"wp-block-list\">\n<li>Okmetic,&nbsp;Vantaa<\/li>\n\n\n\n<li>Outokumpu Chrome, Tornio<\/li>\n\n\n\n<li>Outokumpu Stainless,&nbsp;Tornio<\/li>\n\n\n\n<li>SSAB Europe, Raahe<\/li>\n<\/ul>\n\n\n\n<p><strong>My\u00f6s S\u00e4hk\u00f6liitto ja Rakennusliitto ovat ilmoittaneet samaan aikaan&nbsp;<\/strong>j\u00e4rjestett\u00e4v\u00e4st\u00e4 poliittisesta ty\u00f6nseisauksesta.<strong>&nbsp;<\/strong><\/p>\n\n\n\n<p><strong>Lis\u00e4ksi Teollisuusliitto on tehnyt ilmoituksen vuorokauden kest\u00e4v\u00e4st\u00e4 poliittisesta lakosta 5. huhtikuuta<\/strong>. Lakot j\u00e4rjestet\u00e4\u00e4n maanlaajuisesti eri teollisuuden aloilla.<\/p>\n\n\n\n<p>Teknologiateollisuuden j\u00e4senist\u00e4 yhden p\u00e4iv\u00e4n lakon kohteena ovat:<\/p>\n\n\n\n<ul class=\"wp-block-list\">\n<li>BRP Finland Oy&nbsp;<\/li>\n\n\n\n<li>Fiskars Finland Oy<\/li>\n\n\n\n<li>Kuusakoski Oy<\/li>\n\n\n\n<li>Mantsinen Group Ltd Oy Mantsinen &#8211; Ovako, Imatra<\/li>\n\n\n\n<li>Meyer Turku Oy<\/li>\n\n\n\n<li>Nestor Cables Oy<\/li>\n\n\n\n<li>Ovako Imatra Oy Ab<\/li>\n\n\n\n<li>Valmet Flow Control Oy<\/li>\n\n\n\n<li>Valmet Technologies Oy<\/li>\n<\/ul>\n\n\n\n<p><strong>My\u00f6s S\u00e4hk\u00f6liitto on ilmoittanut samaan aikaan&nbsp;<\/strong>j\u00e4rjestett\u00e4v\u00e4st\u00e4 poliittisesta ty\u00f6nseisauksesta.<strong>&nbsp;<\/strong><\/p>\n","protected":false},"excerpt":{"rendered":"<p>Teollisuusliitto on ilmoittanut jatkavansa 11. maaliskuuta aloittamiaan, aiempaa massiivisempia poliittisia lakkoja muun muassa teknologiateollisuudessa 7. huhtikuuta saakka. Lakon piiriss\u00e4 on teollisuudessa yli 4 000 ty\u00f6ntekij\u00e4\u00e4. Lis\u00e4ksi AKT sulkee vientisatamat kolmeksi viikoksi.<\/p>\n","protected":false},"author":44,"featured_media":360,"comment_status":"closed","ping_status":"closed","sticky":false,"template":"","format":"standard","meta":{"_acf_changed":false,"_relevanssi_hide_post":"","_relevanssi_hide_content":"","_relevanssi_pin_for_all":"","_relevanssi_pin_keywords":"","_relevanssi_unpin_keywords":"","_relevanssi_related_keywords":"","_relevanssi_related_include_ids":"","_relevanssi_related_exclude_ids":"","_relevanssi_related_no_append":"","_relevanssi_related_not_related":"","_relevanssi_related_posts":"313,333,262,253,296,53","_relevanssi_noindex_reason":"","inline_featured_image":false,"footnotes":""},"categories":[14],"tags":[],"em_industry":[],"em_theme":[],"class_list":["post-380","post","type-post","status-publish","format-standard","has-post-thumbnail","hentry","category-uutinen"],"acf":[],"yoast_head":"<!-- This site is optimized with the Yoast SEO Premium plugin v27.1 (Yoast SEO v27.5) - https:\/\/yoast.com\/product\/yoast-seo-premium-wordpress\/ -->\n<title>Teollisuuden massiiviset poliittiset lakot jatkuvat huhtikuulle - Teknologiaty\u00f6nantajat<\/title>\n<meta name=\"description\" content=\"Teollisuusliitto on ilmoittanut jatkavansa poliittisia lakkoja muun muassa teknologiateollisuudessa 7. huhtikuuta saakka.\" \/>\n<meta name=\"robots\" content=\"index, follow, max-snippet:-1, max-image-preview:large, max-video-preview:-1\" \/>\n<link rel=\"canonical\" href=\"https:\/\/teknologiateollisuus.fi\/teknologiatyonantajat\/teollisuuden-massiiviset-poliittiset-lakot-jatkuvat-huhtikuulle\/\" \/>\n<meta property=\"og:locale\" content=\"fi_FI\" \/>\n<meta property=\"og:type\" content=\"article\" \/>\n<meta property=\"og:title\" content=\"Teollisuuden massiiviset poliittiset lakot jatkuvat huhtikuulle\" \/>\n<meta property=\"og:description\" content=\"Teollisuusliitto on ilmoittanut jatkavansa poliittisia lakkoja muun muassa teknologiateollisuudessa 7. huhtikuuta saakka.\" \/>\n<meta property=\"og:url\" content=\"https:\/\/teknologiateollisuus.fi\/teknologiatyonantajat\/teollisuuden-massiiviset-poliittiset-lakot-jatkuvat-huhtikuulle\/\" \/>\n<meta property=\"og:site_name\" content=\"Teknologiaty\u00f6nantajat\" \/>\n<meta property=\"article:published_time\" content=\"2024-03-27T12:41:00+00:00\" \/>\n<meta property=\"article:modified_time\" content=\"2024-07-11T11:43:01+00:00\" \/>\n<meta property=\"og:image\" content=\"https:\/\/teknologiateollisuus.fi\/teknologiatyonantajat\/wp-content\/uploads\/sites\/4\/2024\/07\/Tehdastyontekija-nainen.jpg\" \/>\n\t<meta property=\"og:image:width\" content=\"1680\" \/>\n\t<meta property=\"og:image:height\" content=\"945\" \/>\n\t<meta property=\"og:image:type\" content=\"image\/jpeg\" \/>\n<meta name=\"author\" content=\"mariliukkonen\" \/>\n<meta name=\"twitter:card\" content=\"summary_large_image\" \/>\n<meta name=\"twitter:label1\" content=\"Kirjoittanut\" \/>\n\t<meta name=\"twitter:data1\" content=\"mariliukkonen\" \/>\n\t<meta name=\"twitter:label2\" content=\"Arvioitu lukuaika\" \/>\n\t<meta name=\"twitter:data2\" content=\"2 minuuttia\" \/>\n<script type=\"application\/ld+json\" class=\"yoast-schema-graph\">{\"@context\":\"https:\\\/\\\/schema.org\",\"@graph\":[{\"@type\":\"Article\",\"@id\":\"https:\\\/\\\/teknologiateollisuus.fi\\\/teknologiatyonantajat\\\/teollisuuden-massiiviset-poliittiset-lakot-jatkuvat-huhtikuulle\\\/#article\",\"isPartOf\":{\"@id\":\"https:\\\/\\\/teknologiateollisuus.fi\\\/teknologiatyonantajat\\\/teollisuuden-massiiviset-poliittiset-lakot-jatkuvat-huhtikuulle\\\/\"},\"author\":{\"name\":\"mariliukkonen\",\"@id\":\"https:\\\/\\\/teknologiateollisuus.fi\\\/teknologiatyonantajat\\\/#\\\/schema\\\/person\\\/956d4139f0b03a4a370ee457c1537a35\"},\"headline\":\"Teollisuuden massiiviset poliittiset lakot jatkuvat huhtikuulle\",\"datePublished\":\"2024-03-27T12:41:00+00:00\",\"dateModified\":\"2024-07-11T11:43:01+00:00\",\"mainEntityOfPage\":{\"@id\":\"https:\\\/\\\/teknologiateollisuus.fi\\\/teknologiatyonantajat\\\/teollisuuden-massiiviset-poliittiset-lakot-jatkuvat-huhtikuulle\\\/\"},\"wordCount\":186,\"image\":{\"@id\":\"https:\\\/\\\/teknologiateollisuus.fi\\\/teknologiatyonantajat\\\/teollisuuden-massiiviset-poliittiset-lakot-jatkuvat-huhtikuulle\\\/#primaryimage\"},\"thumbnailUrl\":\"https:\\\/\\\/teknologiateollisuus.fi\\\/teknologiatyonantajat\\\/wp-content\\\/uploads\\\/sites\\\/4\\\/2024\\\/07\\\/Tehdastyontekija-nainen.jpg\",\"articleSection\":[\"Uutinen\"],\"inLanguage\":\"fi\"},{\"@type\":\"WebPage\",\"@id\":\"https:\\\/\\\/teknologiateollisuus.fi\\\/teknologiatyonantajat\\\/teollisuuden-massiiviset-poliittiset-lakot-jatkuvat-huhtikuulle\\\/\",\"url\":\"https:\\\/\\\/teknologiateollisuus.fi\\\/teknologiatyonantajat\\\/teollisuuden-massiiviset-poliittiset-lakot-jatkuvat-huhtikuulle\\\/\",\"name\":\"Teollisuuden massiiviset poliittiset lakot jatkuvat huhtikuulle - Teknologiaty\u00f6nantajat\",\"isPartOf\":{\"@id\":\"https:\\\/\\\/teknologiateollisuus.fi\\\/teknologiatyonantajat\\\/#website\"},\"primaryImageOfPage\":{\"@id\":\"https:\\\/\\\/teknologiateollisuus.fi\\\/teknologiatyonantajat\\\/teollisuuden-massiiviset-poliittiset-lakot-jatkuvat-huhtikuulle\\\/#primaryimage\"},\"image\":{\"@id\":\"https:\\\/\\\/teknologiateollisuus.fi\\\/teknologiatyonantajat\\\/teollisuuden-massiiviset-poliittiset-lakot-jatkuvat-huhtikuulle\\\/#primaryimage\"},\"thumbnailUrl\":\"https:\\\/\\\/teknologiateollisuus.fi\\\/teknologiatyonantajat\\\/wp-content\\\/uploads\\\/sites\\\/4\\\/2024\\\/07\\\/Tehdastyontekija-nainen.jpg\",\"datePublished\":\"2024-03-27T12:41:00+00:00\",\"dateModified\":\"2024-07-11T11:43:01+00:00\",\"author\":{\"@id\":\"https:\\\/\\\/teknologiateollisuus.fi\\\/teknologiatyonantajat\\\/#\\\/schema\\\/person\\\/956d4139f0b03a4a370ee457c1537a35\"},\"description\":\"Teollisuusliitto on ilmoittanut jatkavansa poliittisia lakkoja muun muassa teknologiateollisuudessa 7. huhtikuuta saakka.\",\"breadcrumb\":{\"@id\":\"https:\\\/\\\/teknologiateollisuus.fi\\\/teknologiatyonantajat\\\/teollisuuden-massiiviset-poliittiset-lakot-jatkuvat-huhtikuulle\\\/#breadcrumb\"},\"inLanguage\":\"fi\",\"potentialAction\":[{\"@type\":\"ReadAction\",\"target\":[\"https:\\\/\\\/teknologiateollisuus.fi\\\/teknologiatyonantajat\\\/teollisuuden-massiiviset-poliittiset-lakot-jatkuvat-huhtikuulle\\\/\"]}]},{\"@type\":\"ImageObject\",\"inLanguage\":\"fi\",\"@id\":\"https:\\\/\\\/teknologiateollisuus.fi\\\/teknologiatyonantajat\\\/teollisuuden-massiiviset-poliittiset-lakot-jatkuvat-huhtikuulle\\\/#primaryimage\",\"url\":\"https:\\\/\\\/teknologiateollisuus.fi\\\/teknologiatyonantajat\\\/wp-content\\\/uploads\\\/sites\\\/4\\\/2024\\\/07\\\/Tehdastyontekija-nainen.jpg\",\"contentUrl\":\"https:\\\/\\\/teknologiateollisuus.fi\\\/teknologiatyonantajat\\\/wp-content\\\/uploads\\\/sites\\\/4\\\/2024\\\/07\\\/Tehdastyontekija-nainen.jpg\",\"width\":1680,\"height\":945},{\"@type\":\"BreadcrumbList\",\"@id\":\"https:\\\/\\\/teknologiateollisuus.fi\\\/teknologiatyonantajat\\\/teollisuuden-massiiviset-poliittiset-lakot-jatkuvat-huhtikuulle\\\/#breadcrumb\",\"itemListElement\":[{\"@type\":\"ListItem\",\"position\":1,\"name\":\"Etusivu\",\"item\":\"https:\\\/\\\/teknologiateollisuus.fi\\\/teknologiatyonantajat\\\/\"},{\"@type\":\"ListItem\",\"position\":2,\"name\":\"Ajankohtaista\",\"item\":\"https:\\\/\\\/teknologiateollisuus.fi\\\/teknologiatyonantajat\\\/ajankohtaista\\\/\"},{\"@type\":\"ListItem\",\"position\":3,\"name\":\"Teollisuuden massiiviset poliittiset lakot jatkuvat huhtikuulle\"}]},{\"@type\":\"WebSite\",\"@id\":\"https:\\\/\\\/teknologiateollisuus.fi\\\/teknologiatyonantajat\\\/#website\",\"url\":\"https:\\\/\\\/teknologiateollisuus.fi\\\/teknologiatyonantajat\\\/\",\"name\":\"Teknologiaty\u00f6nantajat\",\"description\":\"\",\"potentialAction\":[{\"@type\":\"SearchAction\",\"target\":{\"@type\":\"EntryPoint\",\"urlTemplate\":\"https:\\\/\\\/teknologiateollisuus.fi\\\/teknologiatyonantajat\\\/?s={search_term_string}\"},\"query-input\":{\"@type\":\"PropertyValueSpecification\",\"valueRequired\":true,\"valueName\":\"search_term_string\"}}],\"inLanguage\":\"fi\"},{\"@type\":\"Person\",\"@id\":\"https:\\\/\\\/teknologiateollisuus.fi\\\/teknologiatyonantajat\\\/#\\\/schema\\\/person\\\/956d4139f0b03a4a370ee457c1537a35\",\"name\":\"mariliukkonen\",\"image\":{\"@type\":\"ImageObject\",\"inLanguage\":\"fi\",\"@id\":\"https:\\\/\\\/secure.gravatar.com\\\/avatar\\\/29de0db3349ef5eda983596bb2f35be26724710928141bbeebfd439c1ec2bf2b?s=96&d=mm&r=g\",\"url\":\"https:\\\/\\\/secure.gravatar.com\\\/avatar\\\/29de0db3349ef5eda983596bb2f35be26724710928141bbeebfd439c1ec2bf2b?s=96&d=mm&r=g\",\"contentUrl\":\"https:\\\/\\\/secure.gravatar.com\\\/avatar\\\/29de0db3349ef5eda983596bb2f35be26724710928141bbeebfd439c1ec2bf2b?s=96&d=mm&r=g\",\"caption\":\"mariliukkonen\"}}]}<\/script>\n<!-- \/ Yoast SEO Premium plugin. -->","yoast_head_json":{"title":"Teollisuuden massiiviset poliittiset lakot jatkuvat huhtikuulle - Teknologiaty\u00f6nantajat","description":"Teollisuusliitto on ilmoittanut jatkavansa poliittisia lakkoja muun muassa teknologiateollisuudessa 7. huhtikuuta saakka.","robots":{"index":"index","follow":"follow","max-snippet":"max-snippet:-1","max-image-preview":"max-image-preview:large","max-video-preview":"max-video-preview:-1"},"canonical":"https:\/\/teknologiateollisuus.fi\/teknologiatyonantajat\/teollisuuden-massiiviset-poliittiset-lakot-jatkuvat-huhtikuulle\/","og_locale":"fi_FI","og_type":"article","og_title":"Teollisuuden massiiviset poliittiset lakot jatkuvat huhtikuulle","og_description":"Teollisuusliitto on ilmoittanut jatkavansa poliittisia lakkoja muun muassa teknologiateollisuudessa 7. huhtikuuta saakka.","og_url":"https:\/\/teknologiateollisuus.fi\/teknologiatyonantajat\/teollisuuden-massiiviset-poliittiset-lakot-jatkuvat-huhtikuulle\/","og_site_name":"Teknologiaty\u00f6nantajat","article_published_time":"2024-03-27T12:41:00+00:00","article_modified_time":"2024-07-11T11:43:01+00:00","og_image":[{"width":1680,"height":945,"url":"https:\/\/teknologiateollisuus.fi\/teknologiatyonantajat\/wp-content\/uploads\/sites\/4\/2024\/07\/Tehdastyontekija-nainen.jpg","type":"image\/jpeg"}],"author":"mariliukkonen","twitter_card":"summary_large_image","twitter_misc":{"Kirjoittanut":"mariliukkonen","Arvioitu lukuaika":"2 minuuttia"},"schema":{"@context":"https:\/\/schema.org","@graph":[{"@type":"Article","@id":"https:\/\/teknologiateollisuus.fi\/teknologiatyonantajat\/teollisuuden-massiiviset-poliittiset-lakot-jatkuvat-huhtikuulle\/#article","isPartOf":{"@id":"https:\/\/teknologiateollisuus.fi\/teknologiatyonantajat\/teollisuuden-massiiviset-poliittiset-lakot-jatkuvat-huhtikuulle\/"},"author":{"name":"mariliukkonen","@id":"https:\/\/teknologiateollisuus.fi\/teknologiatyonantajat\/#\/schema\/person\/956d4139f0b03a4a370ee457c1537a35"},"headline":"Teollisuuden massiiviset poliittiset lakot jatkuvat huhtikuulle","datePublished":"2024-03-27T12:41:00+00:00","dateModified":"2024-07-11T11:43:01+00:00","mainEntityOfPage":{"@id":"https:\/\/teknologiateollisuus.fi\/teknologiatyonantajat\/teollisuuden-massiiviset-poliittiset-lakot-jatkuvat-huhtikuulle\/"},"wordCount":186,"image":{"@id":"https:\/\/teknologiateollisuus.fi\/teknologiatyonantajat\/teollisuuden-massiiviset-poliittiset-lakot-jatkuvat-huhtikuulle\/#primaryimage"},"thumbnailUrl":"https:\/\/teknologiateollisuus.fi\/teknologiatyonantajat\/wp-content\/uploads\/sites\/4\/2024\/07\/Tehdastyontekija-nainen.jpg","articleSection":["Uutinen"],"inLanguage":"fi"},{"@type":"WebPage","@id":"https:\/\/teknologiateollisuus.fi\/teknologiatyonantajat\/teollisuuden-massiiviset-poliittiset-lakot-jatkuvat-huhtikuulle\/","url":"https:\/\/teknologiateollisuus.fi\/teknologiatyonantajat\/teollisuuden-massiiviset-poliittiset-lakot-jatkuvat-huhtikuulle\/","name":"Teollisuuden massiiviset poliittiset lakot jatkuvat huhtikuulle - Teknologiaty\u00f6nantajat","isPartOf":{"@id":"https:\/\/teknologiateollisuus.fi\/teknologiatyonantajat\/#website"},"primaryImageOfPage":{"@id":"https:\/\/teknologiateollisuus.fi\/teknologiatyonantajat\/teollisuuden-massiiviset-poliittiset-lakot-jatkuvat-huhtikuulle\/#primaryimage"},"image":{"@id":"https:\/\/teknologiateollisuus.fi\/teknologiatyonantajat\/teollisuuden-massiiviset-poliittiset-lakot-jatkuvat-huhtikuulle\/#primaryimage"},"thumbnailUrl":"https:\/\/teknologiateollisuus.fi\/teknologiatyonantajat\/wp-content\/uploads\/sites\/4\/2024\/07\/Tehdastyontekija-nainen.jpg","datePublished":"2024-03-27T12:41:00+00:00","dateModified":"2024-07-11T11:43:01+00:00","author":{"@id":"https:\/\/teknologiateollisuus.fi\/teknologiatyonantajat\/#\/schema\/person\/956d4139f0b03a4a370ee457c1537a35"},"description":"Teollisuusliitto on ilmoittanut jatkavansa poliittisia lakkoja muun muassa teknologiateollisuudessa 7. huhtikuuta saakka.","breadcrumb":{"@id":"https:\/\/teknologiateollisuus.fi\/teknologiatyonantajat\/teollisuuden-massiiviset-poliittiset-lakot-jatkuvat-huhtikuulle\/#breadcrumb"},"inLanguage":"fi","potentialAction":[{"@type":"ReadAction","target":["https:\/\/teknologiateollisuus.fi\/teknologiatyonantajat\/teollisuuden-massiiviset-poliittiset-lakot-jatkuvat-huhtikuulle\/"]}]},{"@type":"ImageObject","inLanguage":"fi","@id":"https:\/\/teknologiateollisuus.fi\/teknologiatyonantajat\/teollisuuden-massiiviset-poliittiset-lakot-jatkuvat-huhtikuulle\/#primaryimage","url":"https:\/\/teknologiateollisuus.fi\/teknologiatyonantajat\/wp-content\/uploads\/sites\/4\/2024\/07\/Tehdastyontekija-nainen.jpg","contentUrl":"https:\/\/teknologiateollisuus.fi\/teknologiatyonantajat\/wp-content\/uploads\/sites\/4\/2024\/07\/Tehdastyontekija-nainen.jpg","width":1680,"height":945},{"@type":"BreadcrumbList","@id":"https:\/\/teknologiateollisuus.fi\/teknologiatyonantajat\/teollisuuden-massiiviset-poliittiset-lakot-jatkuvat-huhtikuulle\/#breadcrumb","itemListElement":[{"@type":"ListItem","position":1,"name":"Etusivu","item":"https:\/\/teknologiateollisuus.fi\/teknologiatyonantajat\/"},{"@type":"ListItem","position":2,"name":"Ajankohtaista","item":"https:\/\/teknologiateollisuus.fi\/teknologiatyonantajat\/ajankohtaista\/"},{"@type":"ListItem","position":3,"name":"Teollisuuden massiiviset poliittiset lakot jatkuvat huhtikuulle"}]},{"@type":"WebSite","@id":"https:\/\/teknologiateollisuus.fi\/teknologiatyonantajat\/#website","url":"https:\/\/teknologiateollisuus.fi\/teknologiatyonantajat\/","name":"Teknologiaty\u00f6nantajat","description":"","potentialAction":[{"@type":"SearchAction","target":{"@type":"EntryPoint","urlTemplate":"https:\/\/teknologiateollisuus.fi\/teknologiatyonantajat\/?s={search_term_string}"},"query-input":{"@type":"PropertyValueSpecification","valueRequired":true,"valueName":"search_term_string"}}],"inLanguage":"fi"},{"@type":"Person","@id":"https:\/\/teknologiateollisuus.fi\/teknologiatyonantajat\/#\/schema\/person\/956d4139f0b03a4a370ee457c1537a35","name":"mariliukkonen","image":{"@type":"ImageObject","inLanguage":"fi","@id":"https:\/\/secure.gravatar.com\/avatar\/29de0db3349ef5eda983596bb2f35be26724710928141bbeebfd439c1ec2bf2b?s=96&d=mm&r=g","url":"https:\/\/secure.gravatar.com\/avatar\/29de0db3349ef5eda983596bb2f35be26724710928141bbeebfd439c1ec2bf2b?s=96&d=mm&r=g","contentUrl":"https:\/\/secure.gravatar.com\/avatar\/29de0db3349ef5eda983596bb2f35be26724710928141bbeebfd439c1ec2bf2b?s=96&d=mm&r=g","caption":"mariliukkonen"}}]}},"lang":"fi","translations":{"fi":380},"pll_sync_post":{},"_links":{"self":[{"href":"https:\/\/teknologiateollisuus.fi\/teknologiatyonantajat\/wp-json\/wp\/v2\/posts\/380","targetHints":{"allow":["GET"]}}],"collection":[{"href":"https:\/\/teknologiateollisuus.fi\/teknologiatyonantajat\/wp-json\/wp\/v2\/posts"}],"about":[{"href":"https:\/\/teknologiateollisuus.fi\/teknologiatyonantajat\/wp-json\/wp\/v2\/types\/post"}],"author":[{"embeddable":true,"href":"https:\/\/teknologiateollisuus.fi\/teknologiatyonantajat\/wp-json\/wp\/v2\/users\/44"}],"replies":[{"embeddable":true,"href":"https:\/\/teknologiateollisuus.fi\/teknologiatyonantajat\/wp-json\/wp\/v2\/comments?post=380"}],"version-history":[{"count":1,"href":"https:\/\/teknologiateollisuus.fi\/teknologiatyonantajat\/wp-json\/wp\/v2\/posts\/380\/revisions"}],"predecessor-version":[{"id":381,"href":"https:\/\/teknologiateollisuus.fi\/teknologiatyonantajat\/wp-json\/wp\/v2\/posts\/380\/revisions\/381"}],"wp:featuredmedia":[{"embeddable":true,"href":"https:\/\/teknologiateollisuus.fi\/teknologiatyonantajat\/wp-json\/wp\/v2\/media\/360"}],"wp:attachment":[{"href":"https:\/\/teknologiateollisuus.fi\/teknologiatyonantajat\/wp-json\/wp\/v2\/media?parent=380"}],"wp:term":[{"taxonomy":"category","embeddable":true,"href":"https:\/\/teknologiateollisuus.fi\/teknologiatyonantajat\/wp-json\/wp\/v2\/categories?post=380"},{"taxonomy":"post_tag","embeddable":true,"href":"https:\/\/teknologiateollisuus.fi\/teknologiatyonantajat\/wp-json\/wp\/v2\/tags?post=380"},{"taxonomy":"em_industry","embeddable":true,"href":"https:\/\/teknologiateollisuus.fi\/teknologiatyonantajat\/wp-json\/wp\/v2\/em_industry?post=380"},{"taxonomy":"em_theme","embeddable":true,"href":"https:\/\/teknologiateollisuus.fi\/teknologiatyonantajat\/wp-json\/wp\/v2\/em_theme?post=380"}],"curies":[{"name":"wp","href":"https:\/\/api.w.org\/{rel}","templated":true}]}}