{"id":465,"date":"2022-10-14T13:49:00","date_gmt":"2022-10-14T10:49:00","guid":{"rendered":"https:\/\/teknologiateollisuus.fi\/teknologiatyonantajat\/?p=465"},"modified":"2024-07-17T13:57:01","modified_gmt":"2024-07-17T10:57:01","slug":"tes-poydassa-ei-viela-ratkaisuja-teknologiateollisuuden-kaikki-tyoehtosopimukset-irtisanottiin","status":"publish","type":"post","link":"https:\/\/teknologiateollisuus.fi\/teknologiatyonantajat\/tes-poydassa-ei-viela-ratkaisuja-teknologiateollisuuden-kaikki-tyoehtosopimukset-irtisanottiin\/","title":{"rendered":"TES-p\u00f6yd\u00e4ss\u00e4 ei viel\u00e4 ratkaisuja \u2013 teknologiateollisuuden kaikki ty\u00f6ehtosopimukset irtisanottiin"},"content":{"rendered":"\n<p>Teknologiateollisuuden sopimusosapuolilla oli oikeus irtisanoa ty\u00f6ehtosopimukset p\u00e4\u00e4ttym\u00e4\u00e4n marraskuun lopussa, jos ensi vuotta koskevista palkkaratkaisuista ei saavuteta sopua 14. lokakuuta menness\u00e4.<\/p>\n\n\n\n<p>\u2212 Suurin erimielisyys neuvotteluissa koski palkankorotustasoa, mutta korotusrakenteestakin on viel\u00e4 keskusteltavaa. Toivottavasti sopu l\u00f6ytyy mahdollisimman pian, sill\u00e4 yritysten toimintaymp\u00e4rist\u00f6 on hyvin ep\u00e4varma, talouden n\u00e4kym\u00e4t synkistyv\u00e4t viikko viikolta ja taantuman uhka kasvaa. T\u00e4m\u00e4 on muistettava ratkaisuja teht\u00e4ess\u00e4, sill\u00e4 virheiden korjaaminen vie pahimmassa tapauksessa lukuisia vuosia, t\u00e4hdent\u00e4\u00e4 Teknologiateollisuuden ty\u00f6nantajat ry:n toimitusjohtaja&nbsp;<strong>Jarkko Ruohoniemi<\/strong>.<\/p>\n\n\n\n<p>\u2212 Aikaa ratkaisujen l\u00f6ytymiselle on viel\u00e4 sopimusten voimassa ollessa. Mit\u00e4 nopeammin yhteinen n\u00e4kemys l\u00f6ytyy, sen parempi kaikille osapuolille. Ratkaisut olisivat omiaan rauhoittamaan my\u00f6s levottomia ty\u00f6markkinoita, Ruohoniemi muistuttaa.<\/p>\n\n\n\n<p>Sopimusten irtisanomisen vuoksi niiden koko sis\u00e4lt\u00f6 voi tulla nyt neuvottelujen kohteeksi. T\u00e4h\u00e4n saakka neuvotteluja on k\u00e4yty yksinomaan ensi vuoden palkkaratkaisusta.<\/p>\n\n\n\n<p>Neuvoteltavien sopimusten piiriss\u00e4 on kaikkiaan noin 250&nbsp;000 palkansaajaa.<\/p>\n","protected":false},"excerpt":{"rendered":"<p>Teknologiateollisuuden ensi vuoden palkkaratkaisuista ei saavutettu viel\u00e4 yhteisymm\u00e4rryst\u00e4. Osapuolten n\u00e4kemykset etenkin palkkaratkaisun tasosta j\u00e4iv\u00e4t kauas toisistaan. Palkansaajaj\u00e4rjest\u00f6t irtisanoivat perjantaina kaikki toimialan valtakunnalliset ty\u00f6ehtosopimukset p\u00e4\u00e4ttym\u00e4\u00e4n marraskuun lopussa.<\/p>\n","protected":false},"author":44,"featured_media":237,"comment_status":"closed","ping_status":"closed","sticky":false,"template":"","format":"standard","meta":{"_acf_changed":false,"_relevanssi_hide_post":"","_relevanssi_hide_content":"","_relevanssi_pin_for_all":"","_relevanssi_pin_keywords":"","_relevanssi_unpin_keywords":"","_relevanssi_related_keywords":"","_relevanssi_related_include_ids":"","_relevanssi_related_exclude_ids":"","_relevanssi_related_no_append":"","_relevanssi_related_not_related":"","_relevanssi_related_posts":"253,450,362,365,274,55","_relevanssi_noindex_reason":"","inline_featured_image":false,"footnotes":""},"categories":[14],"tags":[],"em_industry":[],"em_theme":[],"class_list":["post-465","post","type-post","status-publish","format-standard","has-post-thumbnail","hentry","category-uutinen"],"acf":[],"yoast_head":"<!-- This site is optimized with the Yoast SEO Premium plugin v27.1 (Yoast SEO v27.5) - https:\/\/yoast.com\/product\/yoast-seo-premium-wordpress\/ -->\n<title>TES-p\u00f6yd\u00e4ss\u00e4 ei viel\u00e4 ratkaisuja \u2013 teknologiateollisuuden kaikki ty\u00f6ehtosopimukset irtisanottiin - Teknologiaty\u00f6nantajat<\/title>\n<meta name=\"description\" content=\"Teknologiateollisuuden ensi vuoden palkkaratkaisuista ei saavutettu viel\u00e4 yhteisymm\u00e4rryst\u00e4.\" \/>\n<meta name=\"robots\" content=\"index, follow, max-snippet:-1, max-image-preview:large, max-video-preview:-1\" \/>\n<link rel=\"canonical\" href=\"https:\/\/teknologiateollisuus.fi\/teknologiatyonantajat\/tes-poydassa-ei-viela-ratkaisuja-teknologiateollisuuden-kaikki-tyoehtosopimukset-irtisanottiin\/\" \/>\n<meta property=\"og:locale\" content=\"fi_FI\" \/>\n<meta property=\"og:type\" content=\"article\" \/>\n<meta property=\"og:title\" content=\"TES-p\u00f6yd\u00e4ss\u00e4 ei viel\u00e4 ratkaisuja \u2013 teknologiateollisuuden kaikki ty\u00f6ehtosopimukset irtisanottiin\" \/>\n<meta property=\"og:description\" content=\"Teknologiateollisuuden ensi vuoden palkkaratkaisuista ei saavutettu viel\u00e4 yhteisymm\u00e4rryst\u00e4.\" \/>\n<meta property=\"og:url\" content=\"https:\/\/teknologiateollisuus.fi\/teknologiatyonantajat\/tes-poydassa-ei-viela-ratkaisuja-teknologiateollisuuden-kaikki-tyoehtosopimukset-irtisanottiin\/\" \/>\n<meta property=\"og:site_name\" content=\"Teknologiaty\u00f6nantajat\" \/>\n<meta property=\"article:published_time\" content=\"2022-10-14T10:49:00+00:00\" \/>\n<meta property=\"article:modified_time\" content=\"2024-07-17T10:57:01+00:00\" \/>\n<meta property=\"og:image\" content=\"https:\/\/teknologiateollisuus.fi\/teknologiatyonantajat\/wp-content\/uploads\/sites\/4\/2024\/07\/Vuosaaren-satama-1.jpg\" \/>\n\t<meta property=\"og:image:width\" content=\"1680\" \/>\n\t<meta property=\"og:image:height\" content=\"945\" \/>\n\t<meta property=\"og:image:type\" content=\"image\/jpeg\" \/>\n<meta name=\"author\" content=\"mariliukkonen\" \/>\n<meta name=\"twitter:card\" content=\"summary_large_image\" \/>\n<meta name=\"twitter:label1\" content=\"Kirjoittanut\" \/>\n\t<meta name=\"twitter:data1\" content=\"mariliukkonen\" \/>\n\t<meta name=\"twitter:label2\" content=\"Arvioitu lukuaika\" \/>\n\t<meta name=\"twitter:data2\" content=\"1 minuutti\" \/>\n<script type=\"application\/ld+json\" class=\"yoast-schema-graph\">{\"@context\":\"https:\\\/\\\/schema.org\",\"@graph\":[{\"@type\":\"Article\",\"@id\":\"https:\\\/\\\/teknologiateollisuus.fi\\\/teknologiatyonantajat\\\/tes-poydassa-ei-viela-ratkaisuja-teknologiateollisuuden-kaikki-tyoehtosopimukset-irtisanottiin\\\/#article\",\"isPartOf\":{\"@id\":\"https:\\\/\\\/teknologiateollisuus.fi\\\/teknologiatyonantajat\\\/tes-poydassa-ei-viela-ratkaisuja-teknologiateollisuuden-kaikki-tyoehtosopimukset-irtisanottiin\\\/\"},\"author\":{\"name\":\"mariliukkonen\",\"@id\":\"https:\\\/\\\/teknologiateollisuus.fi\\\/teknologiatyonantajat\\\/#\\\/schema\\\/person\\\/956d4139f0b03a4a370ee457c1537a35\"},\"headline\":\"TES-p\u00f6yd\u00e4ss\u00e4 ei viel\u00e4 ratkaisuja \u2013 teknologiateollisuuden kaikki ty\u00f6ehtosopimukset irtisanottiin\",\"datePublished\":\"2022-10-14T10:49:00+00:00\",\"dateModified\":\"2024-07-17T10:57:01+00:00\",\"mainEntityOfPage\":{\"@id\":\"https:\\\/\\\/teknologiateollisuus.fi\\\/teknologiatyonantajat\\\/tes-poydassa-ei-viela-ratkaisuja-teknologiateollisuuden-kaikki-tyoehtosopimukset-irtisanottiin\\\/\"},\"wordCount\":158,\"image\":{\"@id\":\"https:\\\/\\\/teknologiateollisuus.fi\\\/teknologiatyonantajat\\\/tes-poydassa-ei-viela-ratkaisuja-teknologiateollisuuden-kaikki-tyoehtosopimukset-irtisanottiin\\\/#primaryimage\"},\"thumbnailUrl\":\"https:\\\/\\\/teknologiateollisuus.fi\\\/teknologiatyonantajat\\\/wp-content\\\/uploads\\\/sites\\\/4\\\/2024\\\/07\\\/Vuosaaren-satama-1.jpg\",\"articleSection\":[\"Uutinen\"],\"inLanguage\":\"fi\"},{\"@type\":\"WebPage\",\"@id\":\"https:\\\/\\\/teknologiateollisuus.fi\\\/teknologiatyonantajat\\\/tes-poydassa-ei-viela-ratkaisuja-teknologiateollisuuden-kaikki-tyoehtosopimukset-irtisanottiin\\\/\",\"url\":\"https:\\\/\\\/teknologiateollisuus.fi\\\/teknologiatyonantajat\\\/tes-poydassa-ei-viela-ratkaisuja-teknologiateollisuuden-kaikki-tyoehtosopimukset-irtisanottiin\\\/\",\"name\":\"TES-p\u00f6yd\u00e4ss\u00e4 ei viel\u00e4 ratkaisuja \u2013 teknologiateollisuuden kaikki ty\u00f6ehtosopimukset irtisanottiin - Teknologiaty\u00f6nantajat\",\"isPartOf\":{\"@id\":\"https:\\\/\\\/teknologiateollisuus.fi\\\/teknologiatyonantajat\\\/#website\"},\"primaryImageOfPage\":{\"@id\":\"https:\\\/\\\/teknologiateollisuus.fi\\\/teknologiatyonantajat\\\/tes-poydassa-ei-viela-ratkaisuja-teknologiateollisuuden-kaikki-tyoehtosopimukset-irtisanottiin\\\/#primaryimage\"},\"image\":{\"@id\":\"https:\\\/\\\/teknologiateollisuus.fi\\\/teknologiatyonantajat\\\/tes-poydassa-ei-viela-ratkaisuja-teknologiateollisuuden-kaikki-tyoehtosopimukset-irtisanottiin\\\/#primaryimage\"},\"thumbnailUrl\":\"https:\\\/\\\/teknologiateollisuus.fi\\\/teknologiatyonantajat\\\/wp-content\\\/uploads\\\/sites\\\/4\\\/2024\\\/07\\\/Vuosaaren-satama-1.jpg\",\"datePublished\":\"2022-10-14T10:49:00+00:00\",\"dateModified\":\"2024-07-17T10:57:01+00:00\",\"author\":{\"@id\":\"https:\\\/\\\/teknologiateollisuus.fi\\\/teknologiatyonantajat\\\/#\\\/schema\\\/person\\\/956d4139f0b03a4a370ee457c1537a35\"},\"description\":\"Teknologiateollisuuden ensi vuoden palkkaratkaisuista ei saavutettu viel\u00e4 yhteisymm\u00e4rryst\u00e4.\",\"breadcrumb\":{\"@id\":\"https:\\\/\\\/teknologiateollisuus.fi\\\/teknologiatyonantajat\\\/tes-poydassa-ei-viela-ratkaisuja-teknologiateollisuuden-kaikki-tyoehtosopimukset-irtisanottiin\\\/#breadcrumb\"},\"inLanguage\":\"fi\",\"potentialAction\":[{\"@type\":\"ReadAction\",\"target\":[\"https:\\\/\\\/teknologiateollisuus.fi\\\/teknologiatyonantajat\\\/tes-poydassa-ei-viela-ratkaisuja-teknologiateollisuuden-kaikki-tyoehtosopimukset-irtisanottiin\\\/\"]}]},{\"@type\":\"ImageObject\",\"inLanguage\":\"fi\",\"@id\":\"https:\\\/\\\/teknologiateollisuus.fi\\\/teknologiatyonantajat\\\/tes-poydassa-ei-viela-ratkaisuja-teknologiateollisuuden-kaikki-tyoehtosopimukset-irtisanottiin\\\/#primaryimage\",\"url\":\"https:\\\/\\\/teknologiateollisuus.fi\\\/teknologiatyonantajat\\\/wp-content\\\/uploads\\\/sites\\\/4\\\/2024\\\/07\\\/Vuosaaren-satama-1.jpg\",\"contentUrl\":\"https:\\\/\\\/teknologiateollisuus.fi\\\/teknologiatyonantajat\\\/wp-content\\\/uploads\\\/sites\\\/4\\\/2024\\\/07\\\/Vuosaaren-satama-1.jpg\",\"width\":1680,\"height\":945},{\"@type\":\"BreadcrumbList\",\"@id\":\"https:\\\/\\\/teknologiateollisuus.fi\\\/teknologiatyonantajat\\\/tes-poydassa-ei-viela-ratkaisuja-teknologiateollisuuden-kaikki-tyoehtosopimukset-irtisanottiin\\\/#breadcrumb\",\"itemListElement\":[{\"@type\":\"ListItem\",\"position\":1,\"name\":\"Etusivu\",\"item\":\"https:\\\/\\\/teknologiateollisuus.fi\\\/teknologiatyonantajat\\\/\"},{\"@type\":\"ListItem\",\"position\":2,\"name\":\"Ajankohtaista\",\"item\":\"https:\\\/\\\/teknologiateollisuus.fi\\\/teknologiatyonantajat\\\/ajankohtaista\\\/\"},{\"@type\":\"ListItem\",\"position\":3,\"name\":\"TES-p\u00f6yd\u00e4ss\u00e4 ei viel\u00e4 ratkaisuja \u2013 teknologiateollisuuden kaikki ty\u00f6ehtosopimukset irtisanottiin\"}]},{\"@type\":\"WebSite\",\"@id\":\"https:\\\/\\\/teknologiateollisuus.fi\\\/teknologiatyonantajat\\\/#website\",\"url\":\"https:\\\/\\\/teknologiateollisuus.fi\\\/teknologiatyonantajat\\\/\",\"name\":\"Teknologiaty\u00f6nantajat\",\"description\":\"\",\"potentialAction\":[{\"@type\":\"SearchAction\",\"target\":{\"@type\":\"EntryPoint\",\"urlTemplate\":\"https:\\\/\\\/teknologiateollisuus.fi\\\/teknologiatyonantajat\\\/?s={search_term_string}\"},\"query-input\":{\"@type\":\"PropertyValueSpecification\",\"valueRequired\":true,\"valueName\":\"search_term_string\"}}],\"inLanguage\":\"fi\"},{\"@type\":\"Person\",\"@id\":\"https:\\\/\\\/teknologiateollisuus.fi\\\/teknologiatyonantajat\\\/#\\\/schema\\\/person\\\/956d4139f0b03a4a370ee457c1537a35\",\"name\":\"mariliukkonen\",\"image\":{\"@type\":\"ImageObject\",\"inLanguage\":\"fi\",\"@id\":\"https:\\\/\\\/secure.gravatar.com\\\/avatar\\\/29de0db3349ef5eda983596bb2f35be26724710928141bbeebfd439c1ec2bf2b?s=96&d=mm&r=g\",\"url\":\"https:\\\/\\\/secure.gravatar.com\\\/avatar\\\/29de0db3349ef5eda983596bb2f35be26724710928141bbeebfd439c1ec2bf2b?s=96&d=mm&r=g\",\"contentUrl\":\"https:\\\/\\\/secure.gravatar.com\\\/avatar\\\/29de0db3349ef5eda983596bb2f35be26724710928141bbeebfd439c1ec2bf2b?s=96&d=mm&r=g\",\"caption\":\"mariliukkonen\"}}]}<\/script>\n<!-- \/ Yoast SEO Premium plugin. -->","yoast_head_json":{"title":"TES-p\u00f6yd\u00e4ss\u00e4 ei viel\u00e4 ratkaisuja \u2013 teknologiateollisuuden kaikki ty\u00f6ehtosopimukset irtisanottiin - Teknologiaty\u00f6nantajat","description":"Teknologiateollisuuden ensi vuoden palkkaratkaisuista ei saavutettu viel\u00e4 yhteisymm\u00e4rryst\u00e4.","robots":{"index":"index","follow":"follow","max-snippet":"max-snippet:-1","max-image-preview":"max-image-preview:large","max-video-preview":"max-video-preview:-1"},"canonical":"https:\/\/teknologiateollisuus.fi\/teknologiatyonantajat\/tes-poydassa-ei-viela-ratkaisuja-teknologiateollisuuden-kaikki-tyoehtosopimukset-irtisanottiin\/","og_locale":"fi_FI","og_type":"article","og_title":"TES-p\u00f6yd\u00e4ss\u00e4 ei viel\u00e4 ratkaisuja \u2013 teknologiateollisuuden kaikki ty\u00f6ehtosopimukset irtisanottiin","og_description":"Teknologiateollisuuden ensi vuoden palkkaratkaisuista ei saavutettu viel\u00e4 yhteisymm\u00e4rryst\u00e4.","og_url":"https:\/\/teknologiateollisuus.fi\/teknologiatyonantajat\/tes-poydassa-ei-viela-ratkaisuja-teknologiateollisuuden-kaikki-tyoehtosopimukset-irtisanottiin\/","og_site_name":"Teknologiaty\u00f6nantajat","article_published_time":"2022-10-14T10:49:00+00:00","article_modified_time":"2024-07-17T10:57:01+00:00","og_image":[{"width":1680,"height":945,"url":"https:\/\/teknologiateollisuus.fi\/teknologiatyonantajat\/wp-content\/uploads\/sites\/4\/2024\/07\/Vuosaaren-satama-1.jpg","type":"image\/jpeg"}],"author":"mariliukkonen","twitter_card":"summary_large_image","twitter_misc":{"Kirjoittanut":"mariliukkonen","Arvioitu lukuaika":"1 minuutti"},"schema":{"@context":"https:\/\/schema.org","@graph":[{"@type":"Article","@id":"https:\/\/teknologiateollisuus.fi\/teknologiatyonantajat\/tes-poydassa-ei-viela-ratkaisuja-teknologiateollisuuden-kaikki-tyoehtosopimukset-irtisanottiin\/#article","isPartOf":{"@id":"https:\/\/teknologiateollisuus.fi\/teknologiatyonantajat\/tes-poydassa-ei-viela-ratkaisuja-teknologiateollisuuden-kaikki-tyoehtosopimukset-irtisanottiin\/"},"author":{"name":"mariliukkonen","@id":"https:\/\/teknologiateollisuus.fi\/teknologiatyonantajat\/#\/schema\/person\/956d4139f0b03a4a370ee457c1537a35"},"headline":"TES-p\u00f6yd\u00e4ss\u00e4 ei viel\u00e4 ratkaisuja \u2013 teknologiateollisuuden kaikki ty\u00f6ehtosopimukset irtisanottiin","datePublished":"2022-10-14T10:49:00+00:00","dateModified":"2024-07-17T10:57:01+00:00","mainEntityOfPage":{"@id":"https:\/\/teknologiateollisuus.fi\/teknologiatyonantajat\/tes-poydassa-ei-viela-ratkaisuja-teknologiateollisuuden-kaikki-tyoehtosopimukset-irtisanottiin\/"},"wordCount":158,"image":{"@id":"https:\/\/teknologiateollisuus.fi\/teknologiatyonantajat\/tes-poydassa-ei-viela-ratkaisuja-teknologiateollisuuden-kaikki-tyoehtosopimukset-irtisanottiin\/#primaryimage"},"thumbnailUrl":"https:\/\/teknologiateollisuus.fi\/teknologiatyonantajat\/wp-content\/uploads\/sites\/4\/2024\/07\/Vuosaaren-satama-1.jpg","articleSection":["Uutinen"],"inLanguage":"fi"},{"@type":"WebPage","@id":"https:\/\/teknologiateollisuus.fi\/teknologiatyonantajat\/tes-poydassa-ei-viela-ratkaisuja-teknologiateollisuuden-kaikki-tyoehtosopimukset-irtisanottiin\/","url":"https:\/\/teknologiateollisuus.fi\/teknologiatyonantajat\/tes-poydassa-ei-viela-ratkaisuja-teknologiateollisuuden-kaikki-tyoehtosopimukset-irtisanottiin\/","name":"TES-p\u00f6yd\u00e4ss\u00e4 ei viel\u00e4 ratkaisuja \u2013 teknologiateollisuuden kaikki ty\u00f6ehtosopimukset irtisanottiin - Teknologiaty\u00f6nantajat","isPartOf":{"@id":"https:\/\/teknologiateollisuus.fi\/teknologiatyonantajat\/#website"},"primaryImageOfPage":{"@id":"https:\/\/teknologiateollisuus.fi\/teknologiatyonantajat\/tes-poydassa-ei-viela-ratkaisuja-teknologiateollisuuden-kaikki-tyoehtosopimukset-irtisanottiin\/#primaryimage"},"image":{"@id":"https:\/\/teknologiateollisuus.fi\/teknologiatyonantajat\/tes-poydassa-ei-viela-ratkaisuja-teknologiateollisuuden-kaikki-tyoehtosopimukset-irtisanottiin\/#primaryimage"},"thumbnailUrl":"https:\/\/teknologiateollisuus.fi\/teknologiatyonantajat\/wp-content\/uploads\/sites\/4\/2024\/07\/Vuosaaren-satama-1.jpg","datePublished":"2022-10-14T10:49:00+00:00","dateModified":"2024-07-17T10:57:01+00:00","author":{"@id":"https:\/\/teknologiateollisuus.fi\/teknologiatyonantajat\/#\/schema\/person\/956d4139f0b03a4a370ee457c1537a35"},"description":"Teknologiateollisuuden ensi vuoden palkkaratkaisuista ei saavutettu viel\u00e4 yhteisymm\u00e4rryst\u00e4.","breadcrumb":{"@id":"https:\/\/teknologiateollisuus.fi\/teknologiatyonantajat\/tes-poydassa-ei-viela-ratkaisuja-teknologiateollisuuden-kaikki-tyoehtosopimukset-irtisanottiin\/#breadcrumb"},"inLanguage":"fi","potentialAction":[{"@type":"ReadAction","target":["https:\/\/teknologiateollisuus.fi\/teknologiatyonantajat\/tes-poydassa-ei-viela-ratkaisuja-teknologiateollisuuden-kaikki-tyoehtosopimukset-irtisanottiin\/"]}]},{"@type":"ImageObject","inLanguage":"fi","@id":"https:\/\/teknologiateollisuus.fi\/teknologiatyonantajat\/tes-poydassa-ei-viela-ratkaisuja-teknologiateollisuuden-kaikki-tyoehtosopimukset-irtisanottiin\/#primaryimage","url":"https:\/\/teknologiateollisuus.fi\/teknologiatyonantajat\/wp-content\/uploads\/sites\/4\/2024\/07\/Vuosaaren-satama-1.jpg","contentUrl":"https:\/\/teknologiateollisuus.fi\/teknologiatyonantajat\/wp-content\/uploads\/sites\/4\/2024\/07\/Vuosaaren-satama-1.jpg","width":1680,"height":945},{"@type":"BreadcrumbList","@id":"https:\/\/teknologiateollisuus.fi\/teknologiatyonantajat\/tes-poydassa-ei-viela-ratkaisuja-teknologiateollisuuden-kaikki-tyoehtosopimukset-irtisanottiin\/#breadcrumb","itemListElement":[{"@type":"ListItem","position":1,"name":"Etusivu","item":"https:\/\/teknologiateollisuus.fi\/teknologiatyonantajat\/"},{"@type":"ListItem","position":2,"name":"Ajankohtaista","item":"https:\/\/teknologiateollisuus.fi\/teknologiatyonantajat\/ajankohtaista\/"},{"@type":"ListItem","position":3,"name":"TES-p\u00f6yd\u00e4ss\u00e4 ei viel\u00e4 ratkaisuja \u2013 teknologiateollisuuden kaikki ty\u00f6ehtosopimukset irtisanottiin"}]},{"@type":"WebSite","@id":"https:\/\/teknologiateollisuus.fi\/teknologiatyonantajat\/#website","url":"https:\/\/teknologiateollisuus.fi\/teknologiatyonantajat\/","name":"Teknologiaty\u00f6nantajat","description":"","potentialAction":[{"@type":"SearchAction","target":{"@type":"EntryPoint","urlTemplate":"https:\/\/teknologiateollisuus.fi\/teknologiatyonantajat\/?s={search_term_string}"},"query-input":{"@type":"PropertyValueSpecification","valueRequired":true,"valueName":"search_term_string"}}],"inLanguage":"fi"},{"@type":"Person","@id":"https:\/\/teknologiateollisuus.fi\/teknologiatyonantajat\/#\/schema\/person\/956d4139f0b03a4a370ee457c1537a35","name":"mariliukkonen","image":{"@type":"ImageObject","inLanguage":"fi","@id":"https:\/\/secure.gravatar.com\/avatar\/29de0db3349ef5eda983596bb2f35be26724710928141bbeebfd439c1ec2bf2b?s=96&d=mm&r=g","url":"https:\/\/secure.gravatar.com\/avatar\/29de0db3349ef5eda983596bb2f35be26724710928141bbeebfd439c1ec2bf2b?s=96&d=mm&r=g","contentUrl":"https:\/\/secure.gravatar.com\/avatar\/29de0db3349ef5eda983596bb2f35be26724710928141bbeebfd439c1ec2bf2b?s=96&d=mm&r=g","caption":"mariliukkonen"}}]}},"lang":"fi","translations":{"fi":465},"pll_sync_post":{},"_links":{"self":[{"href":"https:\/\/teknologiateollisuus.fi\/teknologiatyonantajat\/wp-json\/wp\/v2\/posts\/465","targetHints":{"allow":["GET"]}}],"collection":[{"href":"https:\/\/teknologiateollisuus.fi\/teknologiatyonantajat\/wp-json\/wp\/v2\/posts"}],"about":[{"href":"https:\/\/teknologiateollisuus.fi\/teknologiatyonantajat\/wp-json\/wp\/v2\/types\/post"}],"author":[{"embeddable":true,"href":"https:\/\/teknologiateollisuus.fi\/teknologiatyonantajat\/wp-json\/wp\/v2\/users\/44"}],"replies":[{"embeddable":true,"href":"https:\/\/teknologiateollisuus.fi\/teknologiatyonantajat\/wp-json\/wp\/v2\/comments?post=465"}],"version-history":[{"count":1,"href":"https:\/\/teknologiateollisuus.fi\/teknologiatyonantajat\/wp-json\/wp\/v2\/posts\/465\/revisions"}],"predecessor-version":[{"id":466,"href":"https:\/\/teknologiateollisuus.fi\/teknologiatyonantajat\/wp-json\/wp\/v2\/posts\/465\/revisions\/466"}],"wp:featuredmedia":[{"embeddable":true,"href":"https:\/\/teknologiateollisuus.fi\/teknologiatyonantajat\/wp-json\/wp\/v2\/media\/237"}],"wp:attachment":[{"href":"https:\/\/teknologiateollisuus.fi\/teknologiatyonantajat\/wp-json\/wp\/v2\/media?parent=465"}],"wp:term":[{"taxonomy":"category","embeddable":true,"href":"https:\/\/teknologiateollisuus.fi\/teknologiatyonantajat\/wp-json\/wp\/v2\/categories?post=465"},{"taxonomy":"post_tag","embeddable":true,"href":"https:\/\/teknologiateollisuus.fi\/teknologiatyonantajat\/wp-json\/wp\/v2\/tags?post=465"},{"taxonomy":"em_industry","embeddable":true,"href":"https:\/\/teknologiateollisuus.fi\/teknologiatyonantajat\/wp-json\/wp\/v2\/em_industry?post=465"},{"taxonomy":"em_theme","embeddable":true,"href":"https:\/\/teknologiateollisuus.fi\/teknologiatyonantajat\/wp-json\/wp\/v2\/em_theme?post=465"}],"curies":[{"name":"wp","href":"https:\/\/api.w.org\/{rel}","templated":true}]}}