{"id":491,"date":"2022-01-09T15:01:00","date_gmt":"2022-01-09T13:01:00","guid":{"rendered":"https:\/\/teknologiateollisuus.fi\/teknologiatyonantajat\/?p=491"},"modified":"2024-07-17T15:02:31","modified_gmt":"2024-07-17T12:02:31","slug":"ammattiliitto-pro-jatti-ilmoituksen-uusista-tyotaistelutoimista","status":"publish","type":"post","link":"https:\/\/teknologiateollisuus.fi\/teknologiatyonantajat\/ammattiliitto-pro-jatti-ilmoituksen-uusista-tyotaistelutoimista\/","title":{"rendered":"Ammattiliitto Pro j\u00e4tti ilmoituksen uusista ty\u00f6taistelutoimista"},"content":{"rendered":"\n<p>Liitto uhkaa nyt toisella viikon mittaisella lakolla, joka alkaisi maanantaina 24. tammikuuta kello 00.00. Se olisi siis jatkoa liiton aiemmin ilmoittamalle viikon mittaiselle lakolle. Liitto ilmoitti sunnuntaina my\u00f6s kaikkia teollisuuden toimihenkil\u00f6it\u00e4 koskevasta ylity\u00f6kiellosta, joka alkaa maanantaina 10. tammikuuta kello 00.00.<\/p>\n\n\n\n<p>Pron lakonuhan piriss\u00e4 on vajaat sata yrityst\u00e4. Suunnittelu- ja konsulttialalla lakonuhka kokee ty\u00f6t\u00e4, jota tehd\u00e4\u00e4n noihin lakonuhan piiriss\u00e4 oleviin yrityksiin.&nbsp;Suunnittelu- ja konsulttialalla on lis\u00e4ksi voimassa aiemmin ilmoitettu ylity\u00f6kielto.<\/p>\n\n\n\n<p>Pron ilmoittamaa lakonuhkaa soviteltiin viimeksi perjantaina valtakunnansovittelijan johdolla, mutta ratkaisua ei l\u00f6ytynyt. Liiton ilmoittaman lakon ensimm\u00e4inen vaihe alkaa perjantaina 14. tammikuuta, jos ratkaisua ty\u00f6riitaan ei sit\u00e4 ennen l\u00f6ydy.<\/p>\n\n\n\n<p>\u2013 T\u00e4ytyy vain ihmetell\u00e4 Pron toimintaa. Ja t\u00e4ytyy my\u00f6s ihmetell\u00e4, haluavatko toimihenkil\u00f6t todellakin lakkoilla ja h\u00e4irit\u00e4 yritysten toimintaa ja ty\u00f6kaveriensa ty\u00f6t\u00e4. Muille henkil\u00f6st\u00f6ryhmille on jo uudet ty\u00f6ehtosopimukset saatu, sanoo ty\u00f6nantajapuolelta neuvotteluja vet\u00e4v\u00e4 johtaja&nbsp;<strong>Anne Somer<\/strong>.<\/p>\n","protected":false},"excerpt":{"rendered":"<p>Ammattiliitto Pro on j\u00e4tt\u00e4nyt uusia ty\u00f6taisteluilmoituksia teknologiateollisuuteen sek\u00e4 suunnittelu- ja konsulttialalle.<\/p>\n","protected":false},"author":44,"featured_media":438,"comment_status":"closed","ping_status":"closed","sticky":false,"template":"","format":"standard","meta":{"_acf_changed":false,"_relevanssi_hide_post":"","_relevanssi_hide_content":"","_relevanssi_pin_for_all":"","_relevanssi_pin_keywords":"","_relevanssi_unpin_keywords":"","_relevanssi_related_keywords":"","_relevanssi_related_include_ids":"","_relevanssi_related_exclude_ids":"","_relevanssi_related_no_append":"","_relevanssi_related_not_related":"","_relevanssi_related_posts":"484,457,315,300,448,307","_relevanssi_noindex_reason":"","inline_featured_image":false,"footnotes":""},"categories":[14],"tags":[],"em_industry":[],"em_theme":[],"class_list":["post-491","post","type-post","status-publish","format-standard","has-post-thumbnail","hentry","category-uutinen"],"acf":[],"yoast_head":"<!-- This site is optimized with the Yoast SEO Premium plugin v27.1 (Yoast SEO v27.5) - https:\/\/yoast.com\/product\/yoast-seo-premium-wordpress\/ -->\n<title>Ammattiliitto Pro j\u00e4tti ilmoituksen uusista ty\u00f6taistelutoimista - Teknologiaty\u00f6nantajat<\/title>\n<meta name=\"description\" content=\"Ammattiliitto Pro on j\u00e4tt\u00e4nyt uusia ty\u00f6taisteluilmoituksia teknologiateollisuuteen sek\u00e4 suunnittelu- ja konsulttialalle.\" \/>\n<meta name=\"robots\" content=\"index, follow, max-snippet:-1, max-image-preview:large, max-video-preview:-1\" \/>\n<link rel=\"canonical\" href=\"https:\/\/teknologiateollisuus.fi\/teknologiatyonantajat\/ammattiliitto-pro-jatti-ilmoituksen-uusista-tyotaistelutoimista\/\" \/>\n<meta property=\"og:locale\" content=\"fi_FI\" \/>\n<meta property=\"og:type\" content=\"article\" \/>\n<meta property=\"og:title\" content=\"Ammattiliitto Pro j\u00e4tti ilmoituksen uusista ty\u00f6taistelutoimista\" \/>\n<meta property=\"og:description\" content=\"Ammattiliitto Pro on j\u00e4tt\u00e4nyt uusia ty\u00f6taisteluilmoituksia teknologiateollisuuteen sek\u00e4 suunnittelu- ja konsulttialalle.\" \/>\n<meta property=\"og:url\" content=\"https:\/\/teknologiateollisuus.fi\/teknologiatyonantajat\/ammattiliitto-pro-jatti-ilmoituksen-uusista-tyotaistelutoimista\/\" \/>\n<meta property=\"og:site_name\" content=\"Teknologiaty\u00f6nantajat\" \/>\n<meta property=\"article:published_time\" content=\"2022-01-09T13:01:00+00:00\" \/>\n<meta property=\"article:modified_time\" content=\"2024-07-17T12:02:31+00:00\" \/>\n<meta property=\"og:image\" content=\"https:\/\/teknologiateollisuus.fi\/teknologiatyonantajat\/wp-content\/uploads\/sites\/4\/2024\/07\/neuvottelu-2.jpg\" \/>\n\t<meta property=\"og:image:width\" content=\"1680\" \/>\n\t<meta property=\"og:image:height\" content=\"945\" \/>\n\t<meta property=\"og:image:type\" content=\"image\/jpeg\" \/>\n<meta name=\"author\" content=\"mariliukkonen\" \/>\n<meta name=\"twitter:card\" content=\"summary_large_image\" \/>\n<meta name=\"twitter:label1\" content=\"Kirjoittanut\" \/>\n\t<meta name=\"twitter:data1\" content=\"mariliukkonen\" \/>\n\t<meta name=\"twitter:label2\" content=\"Arvioitu lukuaika\" \/>\n\t<meta name=\"twitter:data2\" content=\"1 minuutti\" \/>\n<script type=\"application\/ld+json\" class=\"yoast-schema-graph\">{\"@context\":\"https:\\\/\\\/schema.org\",\"@graph\":[{\"@type\":\"Article\",\"@id\":\"https:\\\/\\\/teknologiateollisuus.fi\\\/teknologiatyonantajat\\\/ammattiliitto-pro-jatti-ilmoituksen-uusista-tyotaistelutoimista\\\/#article\",\"isPartOf\":{\"@id\":\"https:\\\/\\\/teknologiateollisuus.fi\\\/teknologiatyonantajat\\\/ammattiliitto-pro-jatti-ilmoituksen-uusista-tyotaistelutoimista\\\/\"},\"author\":{\"name\":\"mariliukkonen\",\"@id\":\"https:\\\/\\\/teknologiateollisuus.fi\\\/teknologiatyonantajat\\\/#\\\/schema\\\/person\\\/956d4139f0b03a4a370ee457c1537a35\"},\"headline\":\"Ammattiliitto Pro j\u00e4tti ilmoituksen uusista ty\u00f6taistelutoimista\",\"datePublished\":\"2022-01-09T13:01:00+00:00\",\"dateModified\":\"2024-07-17T12:02:31+00:00\",\"mainEntityOfPage\":{\"@id\":\"https:\\\/\\\/teknologiateollisuus.fi\\\/teknologiatyonantajat\\\/ammattiliitto-pro-jatti-ilmoituksen-uusista-tyotaistelutoimista\\\/\"},\"wordCount\":159,\"image\":{\"@id\":\"https:\\\/\\\/teknologiateollisuus.fi\\\/teknologiatyonantajat\\\/ammattiliitto-pro-jatti-ilmoituksen-uusista-tyotaistelutoimista\\\/#primaryimage\"},\"thumbnailUrl\":\"https:\\\/\\\/teknologiateollisuus.fi\\\/teknologiatyonantajat\\\/wp-content\\\/uploads\\\/sites\\\/4\\\/2024\\\/07\\\/neuvottelu-2.jpg\",\"articleSection\":[\"Uutinen\"],\"inLanguage\":\"fi\"},{\"@type\":\"WebPage\",\"@id\":\"https:\\\/\\\/teknologiateollisuus.fi\\\/teknologiatyonantajat\\\/ammattiliitto-pro-jatti-ilmoituksen-uusista-tyotaistelutoimista\\\/\",\"url\":\"https:\\\/\\\/teknologiateollisuus.fi\\\/teknologiatyonantajat\\\/ammattiliitto-pro-jatti-ilmoituksen-uusista-tyotaistelutoimista\\\/\",\"name\":\"Ammattiliitto Pro j\u00e4tti ilmoituksen uusista ty\u00f6taistelutoimista - Teknologiaty\u00f6nantajat\",\"isPartOf\":{\"@id\":\"https:\\\/\\\/teknologiateollisuus.fi\\\/teknologiatyonantajat\\\/#website\"},\"primaryImageOfPage\":{\"@id\":\"https:\\\/\\\/teknologiateollisuus.fi\\\/teknologiatyonantajat\\\/ammattiliitto-pro-jatti-ilmoituksen-uusista-tyotaistelutoimista\\\/#primaryimage\"},\"image\":{\"@id\":\"https:\\\/\\\/teknologiateollisuus.fi\\\/teknologiatyonantajat\\\/ammattiliitto-pro-jatti-ilmoituksen-uusista-tyotaistelutoimista\\\/#primaryimage\"},\"thumbnailUrl\":\"https:\\\/\\\/teknologiateollisuus.fi\\\/teknologiatyonantajat\\\/wp-content\\\/uploads\\\/sites\\\/4\\\/2024\\\/07\\\/neuvottelu-2.jpg\",\"datePublished\":\"2022-01-09T13:01:00+00:00\",\"dateModified\":\"2024-07-17T12:02:31+00:00\",\"author\":{\"@id\":\"https:\\\/\\\/teknologiateollisuus.fi\\\/teknologiatyonantajat\\\/#\\\/schema\\\/person\\\/956d4139f0b03a4a370ee457c1537a35\"},\"description\":\"Ammattiliitto Pro on j\u00e4tt\u00e4nyt uusia ty\u00f6taisteluilmoituksia teknologiateollisuuteen sek\u00e4 suunnittelu- ja konsulttialalle.\",\"breadcrumb\":{\"@id\":\"https:\\\/\\\/teknologiateollisuus.fi\\\/teknologiatyonantajat\\\/ammattiliitto-pro-jatti-ilmoituksen-uusista-tyotaistelutoimista\\\/#breadcrumb\"},\"inLanguage\":\"fi\",\"potentialAction\":[{\"@type\":\"ReadAction\",\"target\":[\"https:\\\/\\\/teknologiateollisuus.fi\\\/teknologiatyonantajat\\\/ammattiliitto-pro-jatti-ilmoituksen-uusista-tyotaistelutoimista\\\/\"]}]},{\"@type\":\"ImageObject\",\"inLanguage\":\"fi\",\"@id\":\"https:\\\/\\\/teknologiateollisuus.fi\\\/teknologiatyonantajat\\\/ammattiliitto-pro-jatti-ilmoituksen-uusista-tyotaistelutoimista\\\/#primaryimage\",\"url\":\"https:\\\/\\\/teknologiateollisuus.fi\\\/teknologiatyonantajat\\\/wp-content\\\/uploads\\\/sites\\\/4\\\/2024\\\/07\\\/neuvottelu-2.jpg\",\"contentUrl\":\"https:\\\/\\\/teknologiateollisuus.fi\\\/teknologiatyonantajat\\\/wp-content\\\/uploads\\\/sites\\\/4\\\/2024\\\/07\\\/neuvottelu-2.jpg\",\"width\":1680,\"height\":945},{\"@type\":\"BreadcrumbList\",\"@id\":\"https:\\\/\\\/teknologiateollisuus.fi\\\/teknologiatyonantajat\\\/ammattiliitto-pro-jatti-ilmoituksen-uusista-tyotaistelutoimista\\\/#breadcrumb\",\"itemListElement\":[{\"@type\":\"ListItem\",\"position\":1,\"name\":\"Etusivu\",\"item\":\"https:\\\/\\\/teknologiateollisuus.fi\\\/teknologiatyonantajat\\\/\"},{\"@type\":\"ListItem\",\"position\":2,\"name\":\"Ajankohtaista\",\"item\":\"https:\\\/\\\/teknologiateollisuus.fi\\\/teknologiatyonantajat\\\/ajankohtaista\\\/\"},{\"@type\":\"ListItem\",\"position\":3,\"name\":\"Ammattiliitto Pro j\u00e4tti ilmoituksen uusista ty\u00f6taistelutoimista\"}]},{\"@type\":\"WebSite\",\"@id\":\"https:\\\/\\\/teknologiateollisuus.fi\\\/teknologiatyonantajat\\\/#website\",\"url\":\"https:\\\/\\\/teknologiateollisuus.fi\\\/teknologiatyonantajat\\\/\",\"name\":\"Teknologiaty\u00f6nantajat\",\"description\":\"\",\"potentialAction\":[{\"@type\":\"SearchAction\",\"target\":{\"@type\":\"EntryPoint\",\"urlTemplate\":\"https:\\\/\\\/teknologiateollisuus.fi\\\/teknologiatyonantajat\\\/?s={search_term_string}\"},\"query-input\":{\"@type\":\"PropertyValueSpecification\",\"valueRequired\":true,\"valueName\":\"search_term_string\"}}],\"inLanguage\":\"fi\"},{\"@type\":\"Person\",\"@id\":\"https:\\\/\\\/teknologiateollisuus.fi\\\/teknologiatyonantajat\\\/#\\\/schema\\\/person\\\/956d4139f0b03a4a370ee457c1537a35\",\"name\":\"mariliukkonen\",\"image\":{\"@type\":\"ImageObject\",\"inLanguage\":\"fi\",\"@id\":\"https:\\\/\\\/secure.gravatar.com\\\/avatar\\\/29de0db3349ef5eda983596bb2f35be26724710928141bbeebfd439c1ec2bf2b?s=96&d=mm&r=g\",\"url\":\"https:\\\/\\\/secure.gravatar.com\\\/avatar\\\/29de0db3349ef5eda983596bb2f35be26724710928141bbeebfd439c1ec2bf2b?s=96&d=mm&r=g\",\"contentUrl\":\"https:\\\/\\\/secure.gravatar.com\\\/avatar\\\/29de0db3349ef5eda983596bb2f35be26724710928141bbeebfd439c1ec2bf2b?s=96&d=mm&r=g\",\"caption\":\"mariliukkonen\"}}]}<\/script>\n<!-- \/ Yoast SEO Premium plugin. -->","yoast_head_json":{"title":"Ammattiliitto Pro j\u00e4tti ilmoituksen uusista ty\u00f6taistelutoimista - Teknologiaty\u00f6nantajat","description":"Ammattiliitto Pro on j\u00e4tt\u00e4nyt uusia ty\u00f6taisteluilmoituksia teknologiateollisuuteen sek\u00e4 suunnittelu- ja konsulttialalle.","robots":{"index":"index","follow":"follow","max-snippet":"max-snippet:-1","max-image-preview":"max-image-preview:large","max-video-preview":"max-video-preview:-1"},"canonical":"https:\/\/teknologiateollisuus.fi\/teknologiatyonantajat\/ammattiliitto-pro-jatti-ilmoituksen-uusista-tyotaistelutoimista\/","og_locale":"fi_FI","og_type":"article","og_title":"Ammattiliitto Pro j\u00e4tti ilmoituksen uusista ty\u00f6taistelutoimista","og_description":"Ammattiliitto Pro on j\u00e4tt\u00e4nyt uusia ty\u00f6taisteluilmoituksia teknologiateollisuuteen sek\u00e4 suunnittelu- ja konsulttialalle.","og_url":"https:\/\/teknologiateollisuus.fi\/teknologiatyonantajat\/ammattiliitto-pro-jatti-ilmoituksen-uusista-tyotaistelutoimista\/","og_site_name":"Teknologiaty\u00f6nantajat","article_published_time":"2022-01-09T13:01:00+00:00","article_modified_time":"2024-07-17T12:02:31+00:00","og_image":[{"width":1680,"height":945,"url":"https:\/\/teknologiateollisuus.fi\/teknologiatyonantajat\/wp-content\/uploads\/sites\/4\/2024\/07\/neuvottelu-2.jpg","type":"image\/jpeg"}],"author":"mariliukkonen","twitter_card":"summary_large_image","twitter_misc":{"Kirjoittanut":"mariliukkonen","Arvioitu lukuaika":"1 minuutti"},"schema":{"@context":"https:\/\/schema.org","@graph":[{"@type":"Article","@id":"https:\/\/teknologiateollisuus.fi\/teknologiatyonantajat\/ammattiliitto-pro-jatti-ilmoituksen-uusista-tyotaistelutoimista\/#article","isPartOf":{"@id":"https:\/\/teknologiateollisuus.fi\/teknologiatyonantajat\/ammattiliitto-pro-jatti-ilmoituksen-uusista-tyotaistelutoimista\/"},"author":{"name":"mariliukkonen","@id":"https:\/\/teknologiateollisuus.fi\/teknologiatyonantajat\/#\/schema\/person\/956d4139f0b03a4a370ee457c1537a35"},"headline":"Ammattiliitto Pro j\u00e4tti ilmoituksen uusista ty\u00f6taistelutoimista","datePublished":"2022-01-09T13:01:00+00:00","dateModified":"2024-07-17T12:02:31+00:00","mainEntityOfPage":{"@id":"https:\/\/teknologiateollisuus.fi\/teknologiatyonantajat\/ammattiliitto-pro-jatti-ilmoituksen-uusista-tyotaistelutoimista\/"},"wordCount":159,"image":{"@id":"https:\/\/teknologiateollisuus.fi\/teknologiatyonantajat\/ammattiliitto-pro-jatti-ilmoituksen-uusista-tyotaistelutoimista\/#primaryimage"},"thumbnailUrl":"https:\/\/teknologiateollisuus.fi\/teknologiatyonantajat\/wp-content\/uploads\/sites\/4\/2024\/07\/neuvottelu-2.jpg","articleSection":["Uutinen"],"inLanguage":"fi"},{"@type":"WebPage","@id":"https:\/\/teknologiateollisuus.fi\/teknologiatyonantajat\/ammattiliitto-pro-jatti-ilmoituksen-uusista-tyotaistelutoimista\/","url":"https:\/\/teknologiateollisuus.fi\/teknologiatyonantajat\/ammattiliitto-pro-jatti-ilmoituksen-uusista-tyotaistelutoimista\/","name":"Ammattiliitto Pro j\u00e4tti ilmoituksen uusista ty\u00f6taistelutoimista - Teknologiaty\u00f6nantajat","isPartOf":{"@id":"https:\/\/teknologiateollisuus.fi\/teknologiatyonantajat\/#website"},"primaryImageOfPage":{"@id":"https:\/\/teknologiateollisuus.fi\/teknologiatyonantajat\/ammattiliitto-pro-jatti-ilmoituksen-uusista-tyotaistelutoimista\/#primaryimage"},"image":{"@id":"https:\/\/teknologiateollisuus.fi\/teknologiatyonantajat\/ammattiliitto-pro-jatti-ilmoituksen-uusista-tyotaistelutoimista\/#primaryimage"},"thumbnailUrl":"https:\/\/teknologiateollisuus.fi\/teknologiatyonantajat\/wp-content\/uploads\/sites\/4\/2024\/07\/neuvottelu-2.jpg","datePublished":"2022-01-09T13:01:00+00:00","dateModified":"2024-07-17T12:02:31+00:00","author":{"@id":"https:\/\/teknologiateollisuus.fi\/teknologiatyonantajat\/#\/schema\/person\/956d4139f0b03a4a370ee457c1537a35"},"description":"Ammattiliitto Pro on j\u00e4tt\u00e4nyt uusia ty\u00f6taisteluilmoituksia teknologiateollisuuteen sek\u00e4 suunnittelu- ja konsulttialalle.","breadcrumb":{"@id":"https:\/\/teknologiateollisuus.fi\/teknologiatyonantajat\/ammattiliitto-pro-jatti-ilmoituksen-uusista-tyotaistelutoimista\/#breadcrumb"},"inLanguage":"fi","potentialAction":[{"@type":"ReadAction","target":["https:\/\/teknologiateollisuus.fi\/teknologiatyonantajat\/ammattiliitto-pro-jatti-ilmoituksen-uusista-tyotaistelutoimista\/"]}]},{"@type":"ImageObject","inLanguage":"fi","@id":"https:\/\/teknologiateollisuus.fi\/teknologiatyonantajat\/ammattiliitto-pro-jatti-ilmoituksen-uusista-tyotaistelutoimista\/#primaryimage","url":"https:\/\/teknologiateollisuus.fi\/teknologiatyonantajat\/wp-content\/uploads\/sites\/4\/2024\/07\/neuvottelu-2.jpg","contentUrl":"https:\/\/teknologiateollisuus.fi\/teknologiatyonantajat\/wp-content\/uploads\/sites\/4\/2024\/07\/neuvottelu-2.jpg","width":1680,"height":945},{"@type":"BreadcrumbList","@id":"https:\/\/teknologiateollisuus.fi\/teknologiatyonantajat\/ammattiliitto-pro-jatti-ilmoituksen-uusista-tyotaistelutoimista\/#breadcrumb","itemListElement":[{"@type":"ListItem","position":1,"name":"Etusivu","item":"https:\/\/teknologiateollisuus.fi\/teknologiatyonantajat\/"},{"@type":"ListItem","position":2,"name":"Ajankohtaista","item":"https:\/\/teknologiateollisuus.fi\/teknologiatyonantajat\/ajankohtaista\/"},{"@type":"ListItem","position":3,"name":"Ammattiliitto Pro j\u00e4tti ilmoituksen uusista ty\u00f6taistelutoimista"}]},{"@type":"WebSite","@id":"https:\/\/teknologiateollisuus.fi\/teknologiatyonantajat\/#website","url":"https:\/\/teknologiateollisuus.fi\/teknologiatyonantajat\/","name":"Teknologiaty\u00f6nantajat","description":"","potentialAction":[{"@type":"SearchAction","target":{"@type":"EntryPoint","urlTemplate":"https:\/\/teknologiateollisuus.fi\/teknologiatyonantajat\/?s={search_term_string}"},"query-input":{"@type":"PropertyValueSpecification","valueRequired":true,"valueName":"search_term_string"}}],"inLanguage":"fi"},{"@type":"Person","@id":"https:\/\/teknologiateollisuus.fi\/teknologiatyonantajat\/#\/schema\/person\/956d4139f0b03a4a370ee457c1537a35","name":"mariliukkonen","image":{"@type":"ImageObject","inLanguage":"fi","@id":"https:\/\/secure.gravatar.com\/avatar\/29de0db3349ef5eda983596bb2f35be26724710928141bbeebfd439c1ec2bf2b?s=96&d=mm&r=g","url":"https:\/\/secure.gravatar.com\/avatar\/29de0db3349ef5eda983596bb2f35be26724710928141bbeebfd439c1ec2bf2b?s=96&d=mm&r=g","contentUrl":"https:\/\/secure.gravatar.com\/avatar\/29de0db3349ef5eda983596bb2f35be26724710928141bbeebfd439c1ec2bf2b?s=96&d=mm&r=g","caption":"mariliukkonen"}}]}},"lang":"fi","translations":{"fi":491},"pll_sync_post":{},"_links":{"self":[{"href":"https:\/\/teknologiateollisuus.fi\/teknologiatyonantajat\/wp-json\/wp\/v2\/posts\/491","targetHints":{"allow":["GET"]}}],"collection":[{"href":"https:\/\/teknologiateollisuus.fi\/teknologiatyonantajat\/wp-json\/wp\/v2\/posts"}],"about":[{"href":"https:\/\/teknologiateollisuus.fi\/teknologiatyonantajat\/wp-json\/wp\/v2\/types\/post"}],"author":[{"embeddable":true,"href":"https:\/\/teknologiateollisuus.fi\/teknologiatyonantajat\/wp-json\/wp\/v2\/users\/44"}],"replies":[{"embeddable":true,"href":"https:\/\/teknologiateollisuus.fi\/teknologiatyonantajat\/wp-json\/wp\/v2\/comments?post=491"}],"version-history":[{"count":1,"href":"https:\/\/teknologiateollisuus.fi\/teknologiatyonantajat\/wp-json\/wp\/v2\/posts\/491\/revisions"}],"predecessor-version":[{"id":492,"href":"https:\/\/teknologiateollisuus.fi\/teknologiatyonantajat\/wp-json\/wp\/v2\/posts\/491\/revisions\/492"}],"wp:featuredmedia":[{"embeddable":true,"href":"https:\/\/teknologiateollisuus.fi\/teknologiatyonantajat\/wp-json\/wp\/v2\/media\/438"}],"wp:attachment":[{"href":"https:\/\/teknologiateollisuus.fi\/teknologiatyonantajat\/wp-json\/wp\/v2\/media?parent=491"}],"wp:term":[{"taxonomy":"category","embeddable":true,"href":"https:\/\/teknologiateollisuus.fi\/teknologiatyonantajat\/wp-json\/wp\/v2\/categories?post=491"},{"taxonomy":"post_tag","embeddable":true,"href":"https:\/\/teknologiateollisuus.fi\/teknologiatyonantajat\/wp-json\/wp\/v2\/tags?post=491"},{"taxonomy":"em_industry","embeddable":true,"href":"https:\/\/teknologiateollisuus.fi\/teknologiatyonantajat\/wp-json\/wp\/v2\/em_industry?post=491"},{"taxonomy":"em_theme","embeddable":true,"href":"https:\/\/teknologiateollisuus.fi\/teknologiatyonantajat\/wp-json\/wp\/v2\/em_theme?post=491"}],"curies":[{"name":"wp","href":"https:\/\/api.w.org\/{rel}","templated":true}]}}