{"id":829,"date":"2024-11-08T10:00:00","date_gmt":"2024-11-08T08:00:00","guid":{"rendered":"https:\/\/teknologiateollisuus.fi\/teknologiatyonantajat\/?p=829"},"modified":"2024-11-07T12:58:32","modified_gmt":"2024-11-07T10:58:32","slug":"konkreettisia-merkkeja-teknologiateollisuuden-elpymisesta-ei-ole-vielakaan-nakyvissa","status":"publish","type":"post","link":"https:\/\/teknologiateollisuus.fi\/teknologiatyonantajat\/konkreettisia-merkkeja-teknologiateollisuuden-elpymisesta-ei-ole-vielakaan-nakyvissa\/","title":{"rendered":"Konkreettisia merkkej\u00e4 teknologiateollisuuden elpymisest\u00e4 ei ole viel\u00e4k\u00e4\u00e4n n\u00e4kyviss\u00e4"},"content":{"rendered":"\n<p>Teknologiateollisuuden tilanne Suomessa ja yritysten suurimmilla markkina-alueilla Euroopassa on jatkunut eritt\u00e4in vaikeana koko syksyn ja n\u00e4ytt\u00e4\u00e4 vuoden lopulle saakka hyvin haastavalta. Suomalaiset yritykset ovat odottaneet suhdanteen k\u00e4\u00e4ntymist\u00e4 jo useita kuukausia, mutta konkreettisia merkkej\u00e4 teknologiateollisuuden elpymisest\u00e4 ei ole viel\u00e4k\u00e4\u00e4n n\u00e4kyviss\u00e4.<\/p>\n\n\n\n<div class=\"wp-block-buttons is-layout-flex wp-block-buttons-is-layout-flex\">\n<div class=\"wp-block-button  icon-right\"><a class=\"wp-block-button__link wp-element-button\" href=\"https:\/\/teknologiateollisuus.fi\/suurin-vientiala-olimme-vaarassa-suhdannekaanteen-ajankohdasta-kysynta-heikkenee-yha\/\">Lis\u00e4\u00e4 aiheesta t\u00e4\u00e4lt\u00e4<\/a><\/div>\n<\/div>\n\n\n\n<div class=\"wp-block-scb-columns scb-columns  has-mobile-behavior--stacked em-pattern-event-contacts\">\n<div class=\"wp-block-scb-column scb-column\">\n<h2 class=\"wp-block-heading\" id=\"lisatietoja\">Lis\u00e4tietoja<\/h2>\n\n\n\n<article class=\"em-block-contact-card is-style-list\">\n\n\t<div class=\"em-block-contact-card__image\">\n\t\t\t\t\t<img loading=\"lazy\" decoding=\"async\" width=\"300\" height=\"400\" src=\"https:\/\/teknologiateollisuus.fi\/teknologiatyonantajat\/wp-content\/uploads\/sites\/4\/2024\/11\/Petteri-Rautaporras.png\" class=\"attachment-portrait size-portrait\" alt=\"\" \/>\t\t\t<\/div>\n\t<div class=\"em-block-contact-card__content-wrapper\">\n\t\t<div class=\"em-block-contact-card__content\">\n\t\t\t\t\t\t<h3 class=\"em-block-contact-card__title\"><a target=\"_self\" href=\"https:\/\/teknologiateollisuus.fi\/teknologiatyonantajat\/contacts\/rautaporras\/\">Petteri Rautaporras<\/a><\/h3>\n\t\t\t\t\t\t\t<span class=\"em-block-contact-card__job_title\">Johtaja, p\u00e4\u00e4ekonomisti &#8211; Talous ja kest\u00e4v\u00e4 kasvu<\/span>\n\t\t\t\t\t\t<span class=\"em-block-contact-card__organisation\">Teknologiateollisuus ry<\/span>\n\t\t<\/div>\n\t\t<div class=\"em-block-contact-card__content\">\n\t\t\t\t\t\t<address class=\"em-block-contact-card__contact-details\">\n\t\t\t\t<span class=\"em-block-contact-card__phone\">\n\t\t\t\t\t<a href=\"tel:+358 503042220\">+358 503042220<\/a>\n\t\t\t\t<\/span>\n\t\t\t\t<span class=\"em-block-contact-card__email\">\n\t\t\t\t\t<a href=\"mailto:petteri.rautaporras@teknologiateollisuus.fi\">petteri.rautaporras@teknologiateollisuus.fi<\/a>\n\t\t\t\t<\/span>\n\t\t\t<\/address>\n\t\t\t\t\t<\/div>\n\t<\/div>\n\n<\/article>\n<\/div>\n<\/div>\n\n\n\n<p><\/p>\n","protected":false},"excerpt":{"rendered":"<p>Toiveet suhdannek\u00e4\u00e4nteen paranemisesta teknologiateollisuudessa ovat olleet ennenaikaisia. Merkkej\u00e4 k\u00e4\u00e4nteest\u00e4 parempaan ei ole viel\u00e4k\u00e4\u00e4n n\u00e4kyviss\u00e4. Uusien tilausten arvo kone- ja metallituoteteollisuuden on edelleen laskenut ja kysynt\u00e4 jatkaa heikkenemist\u00e4, kertoo Teknologiateollisuus ry:n tuore tilauskanta- ja henkil\u00f6st\u00f6tiedustelu.<\/p>\n","protected":false},"author":47,"featured_media":835,"comment_status":"closed","ping_status":"closed","sticky":false,"template":"","format":"standard","meta":{"_acf_changed":false,"_relevanssi_hide_post":"","_relevanssi_hide_content":"","_relevanssi_pin_for_all":"","_relevanssi_pin_keywords":"","_relevanssi_unpin_keywords":"","_relevanssi_related_keywords":"","_relevanssi_related_include_ids":"","_relevanssi_related_exclude_ids":"","_relevanssi_related_no_append":"","_relevanssi_related_not_related":"","_relevanssi_related_posts":"595,362,317,478,333,367","_relevanssi_noindex_reason":"","inline_featured_image":false,"footnotes":""},"categories":[16],"tags":[],"em_industry":[],"em_theme":[],"class_list":["post-829","post","type-post","status-publish","format-standard","has-post-thumbnail","hentry","category-tiedote"],"acf":[],"yoast_head":"<!-- This site is optimized with the Yoast SEO Premium plugin v27.1 (Yoast SEO v27.5) - https:\/\/yoast.com\/product\/yoast-seo-premium-wordpress\/ -->\n<title>Konkreettisia merkkej\u00e4 teknologiateollisuuden elpymisest\u00e4 ei ole viel\u00e4k\u00e4\u00e4n n\u00e4kyviss\u00e4 - Teknologiaty\u00f6nantajat<\/title>\n<meta name=\"robots\" content=\"index, follow, max-snippet:-1, max-image-preview:large, max-video-preview:-1\" \/>\n<link rel=\"canonical\" href=\"https:\/\/teknologiateollisuus.fi\/teknologiatyonantajat\/konkreettisia-merkkeja-teknologiateollisuuden-elpymisesta-ei-ole-vielakaan-nakyvissa\/\" \/>\n<meta property=\"og:locale\" content=\"fi_FI\" \/>\n<meta property=\"og:type\" content=\"article\" \/>\n<meta property=\"og:title\" content=\"Konkreettisia merkkej\u00e4 teknologiateollisuuden elpymisest\u00e4 ei ole viel\u00e4k\u00e4\u00e4n n\u00e4kyviss\u00e4\" \/>\n<meta property=\"og:description\" content=\"Toiveet suhdannek\u00e4\u00e4nteen paranemisesta teknologiateollisuudessa ovat olleet ennenaikaisia. Merkkej\u00e4 k\u00e4\u00e4nteest\u00e4 parempaan ei ole viel\u00e4k\u00e4\u00e4n n\u00e4kyviss\u00e4. Uusien tilausten arvo kone- ja metallituoteteollisuuden on edelleen laskenut ja kysynt\u00e4 jatkaa heikkenemist\u00e4, kertoo Teknologiateollisuus ry:n tuore tilauskanta- ja henkil\u00f6st\u00f6tiedustelu.\" \/>\n<meta property=\"og:url\" content=\"https:\/\/teknologiateollisuus.fi\/teknologiatyonantajat\/konkreettisia-merkkeja-teknologiateollisuuden-elpymisesta-ei-ole-vielakaan-nakyvissa\/\" \/>\n<meta property=\"og:site_name\" content=\"Teknologiaty\u00f6nantajat\" \/>\n<meta property=\"article:published_time\" content=\"2024-11-08T08:00:00+00:00\" \/>\n<meta property=\"og:image\" content=\"https:\/\/teknologiateollisuus.fi\/teknologiatyonantajat\/wp-content\/uploads\/sites\/4\/2024\/11\/Aleksi_Pienitiedosto_9426.jpg\" \/>\n\t<meta property=\"og:image:width\" content=\"1044\" \/>\n\t<meta property=\"og:image:height\" content=\"696\" \/>\n\t<meta property=\"og:image:type\" content=\"image\/jpeg\" \/>\n<meta name=\"author\" content=\"marjoollikainen\" \/>\n<meta name=\"twitter:card\" content=\"summary_large_image\" \/>\n<meta name=\"twitter:label1\" content=\"Kirjoittanut\" \/>\n\t<meta name=\"twitter:data1\" content=\"marjoollikainen\" \/>\n\t<meta name=\"twitter:label2\" content=\"Arvioitu lukuaika\" \/>\n\t<meta name=\"twitter:data2\" content=\"1 minuutti\" \/>\n<script type=\"application\/ld+json\" class=\"yoast-schema-graph\">{\"@context\":\"https:\\\/\\\/schema.org\",\"@graph\":[{\"@type\":\"Article\",\"@id\":\"https:\\\/\\\/teknologiateollisuus.fi\\\/teknologiatyonantajat\\\/konkreettisia-merkkeja-teknologiateollisuuden-elpymisesta-ei-ole-vielakaan-nakyvissa\\\/#article\",\"isPartOf\":{\"@id\":\"https:\\\/\\\/teknologiateollisuus.fi\\\/teknologiatyonantajat\\\/konkreettisia-merkkeja-teknologiateollisuuden-elpymisesta-ei-ole-vielakaan-nakyvissa\\\/\"},\"author\":{\"name\":\"marjoollikainen\",\"@id\":\"https:\\\/\\\/teknologiateollisuus.fi\\\/teknologiatyonantajat\\\/#\\\/schema\\\/person\\\/ee66288ac47ac1416537443147f77834\"},\"headline\":\"Konkreettisia merkkej\u00e4 teknologiateollisuuden elpymisest\u00e4 ei ole viel\u00e4k\u00e4\u00e4n n\u00e4kyviss\u00e4\",\"datePublished\":\"2024-11-08T08:00:00+00:00\",\"mainEntityOfPage\":{\"@id\":\"https:\\\/\\\/teknologiateollisuus.fi\\\/teknologiatyonantajat\\\/konkreettisia-merkkeja-teknologiateollisuuden-elpymisesta-ei-ole-vielakaan-nakyvissa\\\/\"},\"wordCount\":62,\"image\":{\"@id\":\"https:\\\/\\\/teknologiateollisuus.fi\\\/teknologiatyonantajat\\\/konkreettisia-merkkeja-teknologiateollisuuden-elpymisesta-ei-ole-vielakaan-nakyvissa\\\/#primaryimage\"},\"thumbnailUrl\":\"https:\\\/\\\/teknologiateollisuus.fi\\\/teknologiatyonantajat\\\/wp-content\\\/uploads\\\/sites\\\/4\\\/2024\\\/11\\\/Aleksi_Pienitiedosto_9426.jpg\",\"articleSection\":[\"Tiedote\"],\"inLanguage\":\"fi\"},{\"@type\":\"WebPage\",\"@id\":\"https:\\\/\\\/teknologiateollisuus.fi\\\/teknologiatyonantajat\\\/konkreettisia-merkkeja-teknologiateollisuuden-elpymisesta-ei-ole-vielakaan-nakyvissa\\\/\",\"url\":\"https:\\\/\\\/teknologiateollisuus.fi\\\/teknologiatyonantajat\\\/konkreettisia-merkkeja-teknologiateollisuuden-elpymisesta-ei-ole-vielakaan-nakyvissa\\\/\",\"name\":\"Konkreettisia merkkej\u00e4 teknologiateollisuuden elpymisest\u00e4 ei ole viel\u00e4k\u00e4\u00e4n n\u00e4kyviss\u00e4 - Teknologiaty\u00f6nantajat\",\"isPartOf\":{\"@id\":\"https:\\\/\\\/teknologiateollisuus.fi\\\/teknologiatyonantajat\\\/#website\"},\"primaryImageOfPage\":{\"@id\":\"https:\\\/\\\/teknologiateollisuus.fi\\\/teknologiatyonantajat\\\/konkreettisia-merkkeja-teknologiateollisuuden-elpymisesta-ei-ole-vielakaan-nakyvissa\\\/#primaryimage\"},\"image\":{\"@id\":\"https:\\\/\\\/teknologiateollisuus.fi\\\/teknologiatyonantajat\\\/konkreettisia-merkkeja-teknologiateollisuuden-elpymisesta-ei-ole-vielakaan-nakyvissa\\\/#primaryimage\"},\"thumbnailUrl\":\"https:\\\/\\\/teknologiateollisuus.fi\\\/teknologiatyonantajat\\\/wp-content\\\/uploads\\\/sites\\\/4\\\/2024\\\/11\\\/Aleksi_Pienitiedosto_9426.jpg\",\"datePublished\":\"2024-11-08T08:00:00+00:00\",\"author\":{\"@id\":\"https:\\\/\\\/teknologiateollisuus.fi\\\/teknologiatyonantajat\\\/#\\\/schema\\\/person\\\/ee66288ac47ac1416537443147f77834\"},\"breadcrumb\":{\"@id\":\"https:\\\/\\\/teknologiateollisuus.fi\\\/teknologiatyonantajat\\\/konkreettisia-merkkeja-teknologiateollisuuden-elpymisesta-ei-ole-vielakaan-nakyvissa\\\/#breadcrumb\"},\"inLanguage\":\"fi\",\"potentialAction\":[{\"@type\":\"ReadAction\",\"target\":[\"https:\\\/\\\/teknologiateollisuus.fi\\\/teknologiatyonantajat\\\/konkreettisia-merkkeja-teknologiateollisuuden-elpymisesta-ei-ole-vielakaan-nakyvissa\\\/\"]}]},{\"@type\":\"ImageObject\",\"inLanguage\":\"fi\",\"@id\":\"https:\\\/\\\/teknologiateollisuus.fi\\\/teknologiatyonantajat\\\/konkreettisia-merkkeja-teknologiateollisuuden-elpymisesta-ei-ole-vielakaan-nakyvissa\\\/#primaryimage\",\"url\":\"https:\\\/\\\/teknologiateollisuus.fi\\\/teknologiatyonantajat\\\/wp-content\\\/uploads\\\/sites\\\/4\\\/2024\\\/11\\\/Aleksi_Pienitiedosto_9426.jpg\",\"contentUrl\":\"https:\\\/\\\/teknologiateollisuus.fi\\\/teknologiatyonantajat\\\/wp-content\\\/uploads\\\/sites\\\/4\\\/2024\\\/11\\\/Aleksi_Pienitiedosto_9426.jpg\",\"width\":1044,\"height\":696,\"caption\":\"Varjoisa kuva Aleksanterinkadulta Helsingist\u00e4.\"},{\"@type\":\"BreadcrumbList\",\"@id\":\"https:\\\/\\\/teknologiateollisuus.fi\\\/teknologiatyonantajat\\\/konkreettisia-merkkeja-teknologiateollisuuden-elpymisesta-ei-ole-vielakaan-nakyvissa\\\/#breadcrumb\",\"itemListElement\":[{\"@type\":\"ListItem\",\"position\":1,\"name\":\"Etusivu\",\"item\":\"https:\\\/\\\/teknologiateollisuus.fi\\\/teknologiatyonantajat\\\/\"},{\"@type\":\"ListItem\",\"position\":2,\"name\":\"Ajankohtaista\",\"item\":\"https:\\\/\\\/teknologiateollisuus.fi\\\/teknologiatyonantajat\\\/ajankohtaista\\\/\"},{\"@type\":\"ListItem\",\"position\":3,\"name\":\"Konkreettisia merkkej\u00e4 teknologiateollisuuden elpymisest\u00e4 ei ole viel\u00e4k\u00e4\u00e4n n\u00e4kyviss\u00e4\"}]},{\"@type\":\"WebSite\",\"@id\":\"https:\\\/\\\/teknologiateollisuus.fi\\\/teknologiatyonantajat\\\/#website\",\"url\":\"https:\\\/\\\/teknologiateollisuus.fi\\\/teknologiatyonantajat\\\/\",\"name\":\"Teknologiaty\u00f6nantajat\",\"description\":\"\",\"potentialAction\":[{\"@type\":\"SearchAction\",\"target\":{\"@type\":\"EntryPoint\",\"urlTemplate\":\"https:\\\/\\\/teknologiateollisuus.fi\\\/teknologiatyonantajat\\\/?s={search_term_string}\"},\"query-input\":{\"@type\":\"PropertyValueSpecification\",\"valueRequired\":true,\"valueName\":\"search_term_string\"}}],\"inLanguage\":\"fi\"},{\"@type\":\"Person\",\"@id\":\"https:\\\/\\\/teknologiateollisuus.fi\\\/teknologiatyonantajat\\\/#\\\/schema\\\/person\\\/ee66288ac47ac1416537443147f77834\",\"name\":\"marjoollikainen\",\"image\":{\"@type\":\"ImageObject\",\"inLanguage\":\"fi\",\"@id\":\"https:\\\/\\\/secure.gravatar.com\\\/avatar\\\/a2911a749fbdad14d0f1114c4f3f0f69dfa865bbd2978dacd77ddfc8c81bd0b4?s=96&d=mm&r=g\",\"url\":\"https:\\\/\\\/secure.gravatar.com\\\/avatar\\\/a2911a749fbdad14d0f1114c4f3f0f69dfa865bbd2978dacd77ddfc8c81bd0b4?s=96&d=mm&r=g\",\"contentUrl\":\"https:\\\/\\\/secure.gravatar.com\\\/avatar\\\/a2911a749fbdad14d0f1114c4f3f0f69dfa865bbd2978dacd77ddfc8c81bd0b4?s=96&d=mm&r=g\",\"caption\":\"marjoollikainen\"}}]}<\/script>\n<!-- \/ Yoast SEO Premium plugin. -->","yoast_head_json":{"title":"Konkreettisia merkkej\u00e4 teknologiateollisuuden elpymisest\u00e4 ei ole viel\u00e4k\u00e4\u00e4n n\u00e4kyviss\u00e4 - Teknologiaty\u00f6nantajat","robots":{"index":"index","follow":"follow","max-snippet":"max-snippet:-1","max-image-preview":"max-image-preview:large","max-video-preview":"max-video-preview:-1"},"canonical":"https:\/\/teknologiateollisuus.fi\/teknologiatyonantajat\/konkreettisia-merkkeja-teknologiateollisuuden-elpymisesta-ei-ole-vielakaan-nakyvissa\/","og_locale":"fi_FI","og_type":"article","og_title":"Konkreettisia merkkej\u00e4 teknologiateollisuuden elpymisest\u00e4 ei ole viel\u00e4k\u00e4\u00e4n n\u00e4kyviss\u00e4","og_description":"Toiveet suhdannek\u00e4\u00e4nteen paranemisesta teknologiateollisuudessa ovat olleet ennenaikaisia. Merkkej\u00e4 k\u00e4\u00e4nteest\u00e4 parempaan ei ole viel\u00e4k\u00e4\u00e4n n\u00e4kyviss\u00e4. Uusien tilausten arvo kone- ja metallituoteteollisuuden on edelleen laskenut ja kysynt\u00e4 jatkaa heikkenemist\u00e4, kertoo Teknologiateollisuus ry:n tuore tilauskanta- ja henkil\u00f6st\u00f6tiedustelu.","og_url":"https:\/\/teknologiateollisuus.fi\/teknologiatyonantajat\/konkreettisia-merkkeja-teknologiateollisuuden-elpymisesta-ei-ole-vielakaan-nakyvissa\/","og_site_name":"Teknologiaty\u00f6nantajat","article_published_time":"2024-11-08T08:00:00+00:00","og_image":[{"width":1044,"height":696,"url":"https:\/\/teknologiateollisuus.fi\/teknologiatyonantajat\/wp-content\/uploads\/sites\/4\/2024\/11\/Aleksi_Pienitiedosto_9426.jpg","type":"image\/jpeg"}],"author":"marjoollikainen","twitter_card":"summary_large_image","twitter_misc":{"Kirjoittanut":"marjoollikainen","Arvioitu lukuaika":"1 minuutti"},"schema":{"@context":"https:\/\/schema.org","@graph":[{"@type":"Article","@id":"https:\/\/teknologiateollisuus.fi\/teknologiatyonantajat\/konkreettisia-merkkeja-teknologiateollisuuden-elpymisesta-ei-ole-vielakaan-nakyvissa\/#article","isPartOf":{"@id":"https:\/\/teknologiateollisuus.fi\/teknologiatyonantajat\/konkreettisia-merkkeja-teknologiateollisuuden-elpymisesta-ei-ole-vielakaan-nakyvissa\/"},"author":{"name":"marjoollikainen","@id":"https:\/\/teknologiateollisuus.fi\/teknologiatyonantajat\/#\/schema\/person\/ee66288ac47ac1416537443147f77834"},"headline":"Konkreettisia merkkej\u00e4 teknologiateollisuuden elpymisest\u00e4 ei ole viel\u00e4k\u00e4\u00e4n n\u00e4kyviss\u00e4","datePublished":"2024-11-08T08:00:00+00:00","mainEntityOfPage":{"@id":"https:\/\/teknologiateollisuus.fi\/teknologiatyonantajat\/konkreettisia-merkkeja-teknologiateollisuuden-elpymisesta-ei-ole-vielakaan-nakyvissa\/"},"wordCount":62,"image":{"@id":"https:\/\/teknologiateollisuus.fi\/teknologiatyonantajat\/konkreettisia-merkkeja-teknologiateollisuuden-elpymisesta-ei-ole-vielakaan-nakyvissa\/#primaryimage"},"thumbnailUrl":"https:\/\/teknologiateollisuus.fi\/teknologiatyonantajat\/wp-content\/uploads\/sites\/4\/2024\/11\/Aleksi_Pienitiedosto_9426.jpg","articleSection":["Tiedote"],"inLanguage":"fi"},{"@type":"WebPage","@id":"https:\/\/teknologiateollisuus.fi\/teknologiatyonantajat\/konkreettisia-merkkeja-teknologiateollisuuden-elpymisesta-ei-ole-vielakaan-nakyvissa\/","url":"https:\/\/teknologiateollisuus.fi\/teknologiatyonantajat\/konkreettisia-merkkeja-teknologiateollisuuden-elpymisesta-ei-ole-vielakaan-nakyvissa\/","name":"Konkreettisia merkkej\u00e4 teknologiateollisuuden elpymisest\u00e4 ei ole viel\u00e4k\u00e4\u00e4n n\u00e4kyviss\u00e4 - Teknologiaty\u00f6nantajat","isPartOf":{"@id":"https:\/\/teknologiateollisuus.fi\/teknologiatyonantajat\/#website"},"primaryImageOfPage":{"@id":"https:\/\/teknologiateollisuus.fi\/teknologiatyonantajat\/konkreettisia-merkkeja-teknologiateollisuuden-elpymisesta-ei-ole-vielakaan-nakyvissa\/#primaryimage"},"image":{"@id":"https:\/\/teknologiateollisuus.fi\/teknologiatyonantajat\/konkreettisia-merkkeja-teknologiateollisuuden-elpymisesta-ei-ole-vielakaan-nakyvissa\/#primaryimage"},"thumbnailUrl":"https:\/\/teknologiateollisuus.fi\/teknologiatyonantajat\/wp-content\/uploads\/sites\/4\/2024\/11\/Aleksi_Pienitiedosto_9426.jpg","datePublished":"2024-11-08T08:00:00+00:00","author":{"@id":"https:\/\/teknologiateollisuus.fi\/teknologiatyonantajat\/#\/schema\/person\/ee66288ac47ac1416537443147f77834"},"breadcrumb":{"@id":"https:\/\/teknologiateollisuus.fi\/teknologiatyonantajat\/konkreettisia-merkkeja-teknologiateollisuuden-elpymisesta-ei-ole-vielakaan-nakyvissa\/#breadcrumb"},"inLanguage":"fi","potentialAction":[{"@type":"ReadAction","target":["https:\/\/teknologiateollisuus.fi\/teknologiatyonantajat\/konkreettisia-merkkeja-teknologiateollisuuden-elpymisesta-ei-ole-vielakaan-nakyvissa\/"]}]},{"@type":"ImageObject","inLanguage":"fi","@id":"https:\/\/teknologiateollisuus.fi\/teknologiatyonantajat\/konkreettisia-merkkeja-teknologiateollisuuden-elpymisesta-ei-ole-vielakaan-nakyvissa\/#primaryimage","url":"https:\/\/teknologiateollisuus.fi\/teknologiatyonantajat\/wp-content\/uploads\/sites\/4\/2024\/11\/Aleksi_Pienitiedosto_9426.jpg","contentUrl":"https:\/\/teknologiateollisuus.fi\/teknologiatyonantajat\/wp-content\/uploads\/sites\/4\/2024\/11\/Aleksi_Pienitiedosto_9426.jpg","width":1044,"height":696,"caption":"Varjoisa kuva Aleksanterinkadulta Helsingist\u00e4."},{"@type":"BreadcrumbList","@id":"https:\/\/teknologiateollisuus.fi\/teknologiatyonantajat\/konkreettisia-merkkeja-teknologiateollisuuden-elpymisesta-ei-ole-vielakaan-nakyvissa\/#breadcrumb","itemListElement":[{"@type":"ListItem","position":1,"name":"Etusivu","item":"https:\/\/teknologiateollisuus.fi\/teknologiatyonantajat\/"},{"@type":"ListItem","position":2,"name":"Ajankohtaista","item":"https:\/\/teknologiateollisuus.fi\/teknologiatyonantajat\/ajankohtaista\/"},{"@type":"ListItem","position":3,"name":"Konkreettisia merkkej\u00e4 teknologiateollisuuden elpymisest\u00e4 ei ole viel\u00e4k\u00e4\u00e4n n\u00e4kyviss\u00e4"}]},{"@type":"WebSite","@id":"https:\/\/teknologiateollisuus.fi\/teknologiatyonantajat\/#website","url":"https:\/\/teknologiateollisuus.fi\/teknologiatyonantajat\/","name":"Teknologiaty\u00f6nantajat","description":"","potentialAction":[{"@type":"SearchAction","target":{"@type":"EntryPoint","urlTemplate":"https:\/\/teknologiateollisuus.fi\/teknologiatyonantajat\/?s={search_term_string}"},"query-input":{"@type":"PropertyValueSpecification","valueRequired":true,"valueName":"search_term_string"}}],"inLanguage":"fi"},{"@type":"Person","@id":"https:\/\/teknologiateollisuus.fi\/teknologiatyonantajat\/#\/schema\/person\/ee66288ac47ac1416537443147f77834","name":"marjoollikainen","image":{"@type":"ImageObject","inLanguage":"fi","@id":"https:\/\/secure.gravatar.com\/avatar\/a2911a749fbdad14d0f1114c4f3f0f69dfa865bbd2978dacd77ddfc8c81bd0b4?s=96&d=mm&r=g","url":"https:\/\/secure.gravatar.com\/avatar\/a2911a749fbdad14d0f1114c4f3f0f69dfa865bbd2978dacd77ddfc8c81bd0b4?s=96&d=mm&r=g","contentUrl":"https:\/\/secure.gravatar.com\/avatar\/a2911a749fbdad14d0f1114c4f3f0f69dfa865bbd2978dacd77ddfc8c81bd0b4?s=96&d=mm&r=g","caption":"marjoollikainen"}}]}},"lang":"fi","translations":{"fi":829},"pll_sync_post":{},"_links":{"self":[{"href":"https:\/\/teknologiateollisuus.fi\/teknologiatyonantajat\/wp-json\/wp\/v2\/posts\/829","targetHints":{"allow":["GET"]}}],"collection":[{"href":"https:\/\/teknologiateollisuus.fi\/teknologiatyonantajat\/wp-json\/wp\/v2\/posts"}],"about":[{"href":"https:\/\/teknologiateollisuus.fi\/teknologiatyonantajat\/wp-json\/wp\/v2\/types\/post"}],"author":[{"embeddable":true,"href":"https:\/\/teknologiateollisuus.fi\/teknologiatyonantajat\/wp-json\/wp\/v2\/users\/47"}],"replies":[{"embeddable":true,"href":"https:\/\/teknologiateollisuus.fi\/teknologiatyonantajat\/wp-json\/wp\/v2\/comments?post=829"}],"version-history":[{"count":3,"href":"https:\/\/teknologiateollisuus.fi\/teknologiatyonantajat\/wp-json\/wp\/v2\/posts\/829\/revisions"}],"predecessor-version":[{"id":839,"href":"https:\/\/teknologiateollisuus.fi\/teknologiatyonantajat\/wp-json\/wp\/v2\/posts\/829\/revisions\/839"}],"wp:featuredmedia":[{"embeddable":true,"href":"https:\/\/teknologiateollisuus.fi\/teknologiatyonantajat\/wp-json\/wp\/v2\/media\/835"}],"wp:attachment":[{"href":"https:\/\/teknologiateollisuus.fi\/teknologiatyonantajat\/wp-json\/wp\/v2\/media?parent=829"}],"wp:term":[{"taxonomy":"category","embeddable":true,"href":"https:\/\/teknologiateollisuus.fi\/teknologiatyonantajat\/wp-json\/wp\/v2\/categories?post=829"},{"taxonomy":"post_tag","embeddable":true,"href":"https:\/\/teknologiateollisuus.fi\/teknologiatyonantajat\/wp-json\/wp\/v2\/tags?post=829"},{"taxonomy":"em_industry","embeddable":true,"href":"https:\/\/teknologiateollisuus.fi\/teknologiatyonantajat\/wp-json\/wp\/v2\/em_industry?post=829"},{"taxonomy":"em_theme","embeddable":true,"href":"https:\/\/teknologiateollisuus.fi\/teknologiatyonantajat\/wp-json\/wp\/v2\/em_theme?post=829"}],"curies":[{"name":"wp","href":"https:\/\/api.w.org\/{rel}","templated":true}]}}